{"id":1,"date":"2013-11-06T11:55:36","date_gmt":"2013-11-06T11:55:36","guid":{"rendered":"https:\/\/opinionpublica.com.ar\/index\/?p=1"},"modified":"2024-03-12T00:50:28","modified_gmt":"2024-03-12T00:50:28","slug":"hola-mundo","status":"publish","type":"post","link":"https:\/\/opinionpublica.com.ar\/index\/hola-mundo\/","title":{"rendered":"Cajas negras: El v\u00ednculo de Tierra del Fuego con el broker amigo de Alberto Fern\u00e1ndez"},"content":{"rendered":"<p>La controversia por las causa de las irregularidades de los\u00a0seguros en el Estado Nacional, que desemboc\u00f3 en la imputaci\u00f3n de\u00a0<strong>Alberto Fern\u00e1ndez<\/strong>, amenaza con abarcar a otras provincias.<\/p>\n<p>Tal es el caso de\u00a0<strong>Tierra del Fuego, Ant\u00e1rtida e Islas del Atl\u00e1ntico Sur<\/strong>, gobernada por\u00a0Gustavo Melella: este jueves se conoci\u00f3 que rompi\u00f3 un contrato\u00a0de m\u00e1s de 16 a\u00f1os con el banco provincial para as\u00ed otorgarle el negocio\u00a0a\u00a0H\u00e9ctor Mart\u00ednez Sosa, otro de los apuntados por\u00a0las supuestas comisiones en Naci\u00f3n Seguros.<\/p>\n<aside class=\"htmlinline\">\n<div id=\"div-gpt-ad-entreparrafos(2)\" data-google-query-id=\"CNud5fqO4oQDFZFV3QId4OYI1g\">\n<div id=\"google_ads_iframe_\/22046766299\/entreparrafos(2)_0__container__\"><span style=\"font-size: revert; color: initial; font-family: -apple-system, BlinkMacSystemFont, 'Segoe UI', Roboto, Oxygen-Sans, Ubuntu, Cantarell, 'Helvetica Neue', sans-serif;\">La modificaci\u00f3n fue hecha el 27 de marzo de 2020, en plena pandemia y a pocos meses despu\u00e9s de asumir al gobernaci\u00f3n. En ese momento, Melella tom\u00f3 la decisi\u00f3n de no renovar el contrato que hab\u00eda mantenido con el Banco Provincia de Tierra del Fuego (BTF Seguros) desde junio de 2004.<\/span><\/div>\n<\/div>\n<\/aside>\n<p>Hasta ese momento, la entidad gestionaba\u00a0el proceso de\u00a0concentraci\u00f3n de las p\u00f3lizas de seguros\u00a0patrimoniales y de personas, incluidas las coberturas de riesgos propios y espec\u00edficos de la operaci\u00f3n cotidiana.<\/p>\n<aside class=\"htmlinline\">\n<div id=\"div-gpt-ad-entreparrafos(4)\" data-google-query-id=\"COqk5fqO4oQDFUpU3QIdQmsMiQ\">\n<div id=\"google_ads_iframe_\/22046766299\/entreparrafos(4)_0__container__\"><span style=\"font-size: revert; color: initial; font-family: -apple-system, BlinkMacSystemFont, 'Segoe UI', Roboto, Oxygen-Sans, Ubuntu, Cantarell, 'Helvetica Neue', sans-serif;\">El mandatario fueguino notific\u00f3 al banco \u201cla voluntad de la administraci\u00f3n p\u00fablica provincial de no proceder a la renovaci\u00f3n del convenio\u201d. De esta manera, se trasladaron las competencias a la Oficina Provincial de Compras.<\/span><\/div>\n<\/div>\n<\/aside>\n","protected":false},"excerpt":{"rendered":"<p>La controversia por las causa de las irregularidades de los\u00a0seguros en el Estado Nacional, que desemboc\u00f3 en la<\/p>\n","protected":false},"author":2,"featured_media":73,"comment_status":"open","ping_status":"open","sticky":false,"template":"","format":"standard","meta":{"footnotes":""},"categories":[3,25,2,22,21],"tags":[],"class_list":["post-1","post","type-post","status-publish","format-standard","has-post-thumbnail","hentry","category-nacionales","category-rio-grande","category-tierra-del-fuego","category-tolhuin","category-ushuaia"],"featured_image_urls":{"full":["https:\/\/opinionpublica.com.ar\/index\/wp-content\/uploads\/2013\/11\/f848x477-1424301_1482104_4527.webp",848,477,false],"thumbnail":["https:\/\/opinionpublica.com.ar\/index\/wp-content\/uploads\/2013\/11\/f848x477-1424301_1482104_4527-150x150.webp",150,150,true],"medium":["https:\/\/opinionpublica.com.ar\/index\/wp-content\/uploads\/2013\/11\/f848x477-1424301_1482104_4527-300x169.webp",300,169,true],"medium_large":["https:\/\/opinionpublica.com.ar\/index\/wp-content\/uploads\/2013\/11\/f848x477-1424301_1482104_4527-768x432.webp",640,360,true],"large":["https:\/\/opinionpublica.com.ar\/index\/wp-content\/uploads\/2013\/11\/f848x477-1424301_1482104_4527.webp",640,360,false],"1536x1536":["https:\/\/opinionpublica.com.ar\/index\/wp-content\/uploads\/2013\/11\/f848x477-1424301_1482104_4527.webp",848,477,false],"2048x2048":["https:\/\/opinionpublica.com.ar\/index\/wp-content\/uploads\/2013\/11\/f848x477-1424301_1482104_4527.webp",848,477,false],"morenews-large":["https:\/\/opinionpublica.com.ar\/index\/wp-content\/uploads\/2013\/11\/f848x477-1424301_1482104_4527-825x477.webp",825,477,true],"morenews-medium":["https:\/\/opinionpublica.com.ar\/index\/wp-content\/uploads\/2013\/11\/f848x477-1424301_1482104_4527-590x410.webp",590,410,true]},"author_info":{"display_name":"l0013136","author_link":"https:\/\/opinionpublica.com.ar\/index\/author\/l0013136\/"},"category_info":"<a href=\"https:\/\/opinionpublica.com.ar\/index\/category\/nacionales\/\" rel=\"category tag\">Nacionales<\/a> <a href=\"https:\/\/opinionpublica.com.ar\/index\/category\/rio-grande\/\" rel=\"category tag\">Rio Grande<\/a> <a href=\"https:\/\/opinionpublica.com.ar\/index\/category\/tierra-del-fuego\/\" rel=\"category tag\">Tierra del Fuego<\/a> <a href=\"https:\/\/opinionpublica.com.ar\/index\/category\/tolhuin\/\" rel=\"category tag\">Tolhuin<\/a> <a href=\"https:\/\/opinionpublica.com.ar\/index\/category\/ushuaia\/\" rel=\"category tag\">Ushuaia<\/a>","tag_info":"Ushuaia","comment_count":"0","_links":{"self":[{"href":"https:\/\/opinionpublica.com.ar\/index\/wp-json\/wp\/v2\/posts\/1","targetHints":{"allow":["GET"]}}],"collection":[{"href":"https:\/\/opinionpublica.com.ar\/index\/wp-json\/wp\/v2\/posts"}],"about":[{"href":"https:\/\/opinionpublica.com.ar\/index\/wp-json\/wp\/v2\/types\/post"}],"author":[{"embeddable":true,"href":"https:\/\/opinionpublica.com.ar\/index\/wp-json\/wp\/v2\/users\/2"}],"replies":[{"embeddable":true,"href":"https:\/\/opinionpublica.com.ar\/index\/wp-json\/wp\/v2\/comments?post=1"}],"version-history":[{"count":1,"href":"https:\/\/opinionpublica.com.ar\/index\/wp-json\/wp\/v2\/posts\/1\/revisions"}],"predecessor-version":[{"id":74,"href":"https:\/\/opinionpublica.com.ar\/index\/wp-json\/wp\/v2\/posts\/1\/revisions\/74"}],"wp:featuredmedia":[{"embeddable":true,"href":"https:\/\/opinionpublica.com.ar\/index\/wp-json\/wp\/v2\/media\/73"}],"wp:attachment":[{"href":"https:\/\/opinionpublica.com.ar\/index\/wp-json\/wp\/v2\/media?parent=1"}],"wp:term":[{"taxonomy":"category","embeddable":true,"href":"https:\/\/opinionpublica.com.ar\/index\/wp-json\/wp\/v2\/categories?post=1"},{"taxonomy":"post_tag","embeddable":true,"href":"https:\/\/opinionpublica.com.ar\/index\/wp-json\/wp\/v2\/tags?post=1"}],"curies":[{"name":"wp","href":"https:\/\/api.w.org\/{rel}","templated":true}]}}