{"id":10025,"date":"2025-06-09T11:05:03","date_gmt":"2025-06-09T14:05:03","guid":{"rendered":"https:\/\/opinionpublica.com.ar\/index\/?p=10025"},"modified":"2025-06-09T11:05:03","modified_gmt":"2025-06-09T14:05:03","slug":"vladimir-espeche-tenemos-el-desafio-de-regular-las-plataformas-digitales-garantizando-equilibrio-entre-todos-los-sectores","status":"publish","type":"post","link":"https:\/\/opinionpublica.com.ar\/index\/vladimir-espeche-tenemos-el-desafio-de-regular-las-plataformas-digitales-garantizando-equilibrio-entre-todos-los-sectores\/","title":{"rendered":"Vladimir Espeche: \u201ctenemos el desaf\u00edo de regular las plataformas digitales garantizando equilibrio entre todos los sectores\u201d"},"content":{"rendered":"<p style=\"text-align: left;\"><strong>Vladimir Espeche: \u201ctenemos el desaf\u00edo de regular las plataformas digitales garantizando equilibrio entre todos los sectores\u201d.<\/strong><\/p>\n<p><a href=\"https:\/\/opinionpublica.com.ar\/index\/wp-content\/uploads\/2024\/11\/GRL84LSXcAACt5-Vladimir-Espeche.jpg\"><img fetchpriority=\"high\" decoding=\"async\" class=\"alignnone size-full wp-image-6913\" src=\"https:\/\/opinionpublica.com.ar\/index\/wp-content\/uploads\/2024\/11\/GRL84LSXcAACt5-Vladimir-Espeche.jpg\" alt=\"\" width=\"1600\" height=\"1600\" srcset=\"https:\/\/opinionpublica.com.ar\/index\/wp-content\/uploads\/2024\/11\/GRL84LSXcAACt5-Vladimir-Espeche.jpg 1600w, https:\/\/opinionpublica.com.ar\/index\/wp-content\/uploads\/2024\/11\/GRL84LSXcAACt5-Vladimir-Espeche-300x300.jpg 300w, https:\/\/opinionpublica.com.ar\/index\/wp-content\/uploads\/2024\/11\/GRL84LSXcAACt5-Vladimir-Espeche-1024x1024.jpg 1024w, https:\/\/opinionpublica.com.ar\/index\/wp-content\/uploads\/2024\/11\/GRL84LSXcAACt5-Vladimir-Espeche-150x150.jpg 150w, https:\/\/opinionpublica.com.ar\/index\/wp-content\/uploads\/2024\/11\/GRL84LSXcAACt5-Vladimir-Espeche-768x768.jpg 768w, https:\/\/opinionpublica.com.ar\/index\/wp-content\/uploads\/2024\/11\/GRL84LSXcAACt5-Vladimir-Espeche-1536x1536.jpg 1536w\" sizes=\"(max-width: 1600px) 100vw, 1600px\" \/><\/a><\/p>\n<p>El concejal Vladimir Espeche se refiri\u00f3 en sus redes sociales al debate que se est\u00e1 dando en torno a la regulaci\u00f3n de las plataformas digitales de transporte que operan en la ciudad. Destac\u00f3 que actualmente se encuentran en an\u00e1lisis diversos proyectos presentados por particulares, la Asociaci\u00f3n de Taxis y distintos bloques pol\u00edticos.<\/p>\n<p>\u201cTodos los proyectos tienen puntos en com\u00fan: se entiende que esta es una actividad privada de inter\u00e9s p\u00fablico, tal como lo establece el art\u00edculo 1280 del C\u00f3digo Civil y Comercial de la Naci\u00f3n\u201d, explic\u00f3 Espeche.<\/p>\n<p>El concejal subray\u00f3 la necesidad de reducir algunos de los requisitos que hoy en d\u00eda se exigen para poder trabajar, los cuales muchas veces exceden lo estipulado por la Ley Nacional de Tr\u00e1nsito. \u201cEs imperioso simplificar los tr\u00e1mites. La ordenanza vigente, sobre todo para taxis y remises, establece exigencias que est\u00e1n por encima de la norma nacional\u201d, agreg\u00f3.<\/p>\n<p>Uno de los puntos m\u00e1s sensibles del debate es la implementaci\u00f3n de un cupo para limitar la cantidad de veh\u00edculos habilitados. Sobre este tema, Espeche afirm\u00f3: \u201cAlgunos sectores, como taxistas y remiseros, sostienen que debe haber un cupo. Otros proponen un sistema m\u00e1s abierto. El desaf\u00edo es dictar una ordenanza que genere equilibrio y equidad entre todos los sectores, sin perjudicar a quienes ya desarrollan su actividad en el transporte\u201d.<\/p>\n<p>\u201cEstamos ante un momento hist\u00f3rico del Concejo para modernizar todo el sistema de transporte de pasajeros\u201d, concluy\u00f3 Espeche<\/p>\n","protected":false},"excerpt":{"rendered":"<p>Vladimir Espeche: \u201ctenemos el desaf\u00edo de regular las plataformas digitales garantizando equilibrio entre todos los sectores\u201d. El concejal<\/p>\n","protected":false},"author":5,"featured_media":6913,"comment_status":"open","ping_status":"open","sticky":false,"template":"","format":"standard","meta":{"footnotes":""},"categories":[29,21],"tags":[1448,3554,245,2657],"class_list":["post-10025","post","type-post","status-publish","format-standard","has-post-thumbnail","hentry","category-interes-general","category-ushuaia","tag-agencias-de-taxis","tag-plataformas-digitales","tag-remises","tag-vladimir-espeche"],"featured_image_urls":{"full":["https:\/\/opinionpublica.com.ar\/index\/wp-content\/uploads\/2024\/11\/GRL84LSXcAACt5-Vladimir-Espeche.jpg",1600,1600,false],"thumbnail":["https:\/\/opinionpublica.com.ar\/index\/wp-content\/uploads\/2024\/11\/GRL84LSXcAACt5-Vladimir-Espeche-150x150.jpg",150,150,true],"medium":["https:\/\/opinionpublica.com.ar\/index\/wp-content\/uploads\/2024\/11\/GRL84LSXcAACt5-Vladimir-Espeche-300x300.jpg",300,300,true],"medium_large":["https:\/\/opinionpublica.com.ar\/index\/wp-content\/uploads\/2024\/11\/GRL84LSXcAACt5-Vladimir-Espeche-768x768.jpg",640,640,true],"large":["https:\/\/opinionpublica.com.ar\/index\/wp-content\/uploads\/2024\/11\/GRL84LSXcAACt5-Vladimir-Espeche-1024x1024.jpg",640,640,true],"1536x1536":["https:\/\/opinionpublica.com.ar\/index\/wp-content\/uploads\/2024\/11\/GRL84LSXcAACt5-Vladimir-Espeche-1536x1536.jpg",1536,1536,true],"2048x2048":["https:\/\/opinionpublica.com.ar\/index\/wp-content\/uploads\/2024\/11\/GRL84LSXcAACt5-Vladimir-Espeche.jpg",1600,1600,false],"morenews-large":["https:\/\/opinionpublica.com.ar\/index\/wp-content\/uploads\/2024\/11\/GRL84LSXcAACt5-Vladimir-Espeche-825x575.jpg",825,575,true],"morenews-medium":["https:\/\/opinionpublica.com.ar\/index\/wp-content\/uploads\/2024\/11\/GRL84LSXcAACt5-Vladimir-Espeche-590x410.jpg",590,410,true]},"author_info":{"display_name":"Hal","author_link":"https:\/\/opinionpublica.com.ar\/index\/author\/hal\/"},"category_info":"<a href=\"https:\/\/opinionpublica.com.ar\/index\/category\/interes-general\/\" rel=\"category tag\">Interes General<\/a> <a href=\"https:\/\/opinionpublica.com.ar\/index\/category\/ushuaia\/\" rel=\"category tag\">Ushuaia<\/a>","tag_info":"Ushuaia","comment_count":"0","_links":{"self":[{"href":"https:\/\/opinionpublica.com.ar\/index\/wp-json\/wp\/v2\/posts\/10025","targetHints":{"allow":["GET"]}}],"collection":[{"href":"https:\/\/opinionpublica.com.ar\/index\/wp-json\/wp\/v2\/posts"}],"about":[{"href":"https:\/\/opinionpublica.com.ar\/index\/wp-json\/wp\/v2\/types\/post"}],"author":[{"embeddable":true,"href":"https:\/\/opinionpublica.com.ar\/index\/wp-json\/wp\/v2\/users\/5"}],"replies":[{"embeddable":true,"href":"https:\/\/opinionpublica.com.ar\/index\/wp-json\/wp\/v2\/comments?post=10025"}],"version-history":[{"count":1,"href":"https:\/\/opinionpublica.com.ar\/index\/wp-json\/wp\/v2\/posts\/10025\/revisions"}],"predecessor-version":[{"id":10026,"href":"https:\/\/opinionpublica.com.ar\/index\/wp-json\/wp\/v2\/posts\/10025\/revisions\/10026"}],"wp:featuredmedia":[{"embeddable":true,"href":"https:\/\/opinionpublica.com.ar\/index\/wp-json\/wp\/v2\/media\/6913"}],"wp:attachment":[{"href":"https:\/\/opinionpublica.com.ar\/index\/wp-json\/wp\/v2\/media?parent=10025"}],"wp:term":[{"taxonomy":"category","embeddable":true,"href":"https:\/\/opinionpublica.com.ar\/index\/wp-json\/wp\/v2\/categories?post=10025"},{"taxonomy":"post_tag","embeddable":true,"href":"https:\/\/opinionpublica.com.ar\/index\/wp-json\/wp\/v2\/tags?post=10025"}],"curies":[{"name":"wp","href":"https:\/\/api.w.org\/{rel}","templated":true}]}}