{"id":10028,"date":"2025-06-10T09:30:27","date_gmt":"2025-06-10T12:30:27","guid":{"rendered":"https:\/\/opinionpublica.com.ar\/index\/?p=10028"},"modified":"2025-06-10T09:30:27","modified_gmt":"2025-06-10T12:30:27","slug":"turismo-en-ushuaia-precios-congelados-nieve-y-una-fuerte-campana-publicitaria","status":"publish","type":"post","link":"https:\/\/opinionpublica.com.ar\/index\/turismo-en-ushuaia-precios-congelados-nieve-y-una-fuerte-campana-publicitaria\/","title":{"rendered":"Turismo en Ushuaia: precios congelados, nieve y una fuerte campa\u00f1a publicitaria"},"content":{"rendered":"<p style=\"text-align: left;\"><strong>Turismo en Ushuaia: precios congelados, nieve y una fuerte campa\u00f1a publicitaria<\/strong><\/p>\n<p><a href=\"https:\/\/opinionpublica.com.ar\/index\/wp-content\/uploads\/2024\/06\/ushuaia-turismo-argentina-e1551133953153.jpg\"><img fetchpriority=\"high\" decoding=\"async\" class=\"alignnone size-full wp-image-4217\" src=\"https:\/\/opinionpublica.com.ar\/index\/wp-content\/uploads\/2024\/06\/ushuaia-turismo-argentina-e1551133953153.jpg\" alt=\"\" width=\"1440\" height=\"600\" srcset=\"https:\/\/opinionpublica.com.ar\/index\/wp-content\/uploads\/2024\/06\/ushuaia-turismo-argentina-e1551133953153.jpg 1440w, https:\/\/opinionpublica.com.ar\/index\/wp-content\/uploads\/2024\/06\/ushuaia-turismo-argentina-e1551133953153-300x125.jpg 300w, https:\/\/opinionpublica.com.ar\/index\/wp-content\/uploads\/2024\/06\/ushuaia-turismo-argentina-e1551133953153-1024x427.jpg 1024w, https:\/\/opinionpublica.com.ar\/index\/wp-content\/uploads\/2024\/06\/ushuaia-turismo-argentina-e1551133953153-768x320.jpg 768w\" sizes=\"(max-width: 1440px) 100vw, 1440px\" \/><\/a><\/p>\n<p>El presidente de la C\u00e1mara de Turismo de Tierra del Fuego, Patricio Cornejo, anticip\u00f3 que la pr\u00f3xima temporada invernal en Ushuaia ser\u00e1 compleja por los altos costos y la presi\u00f3n del turismo emisivo, aunque destac\u00f3 que el Fin del Mundo mantiene un posicionamiento s\u00f3lido frente a otros destinos como Bariloche. En di\u00e1logo con Radio Provincia, evalu\u00f3 la situaci\u00f3n actual del sector, los esfuerzos de promoci\u00f3n desplegados y las expectativas para el invierno.<\/p>\n<p>&nbsp;<\/p>\n<p>Cornejo explic\u00f3 que, si bien Ushuaia atraviesa una temporada baja en t\u00e9rminos hist\u00f3ricos, el contexto actual es distinto al de a\u00f1os recientes. En 2021, factores extraordinarios como el programa PreViaje, la imposibilidad de viajar al exterior y la escasez de nieve en otros destinos pusieron al destino fueguino en el centro de las preferencias. \u201cHoy, sin ese combo de condiciones excepcionales, el panorama es otro\u201d, reconoci\u00f3.<\/p>\n<p>&nbsp;<\/p>\n<p>Frente al encarecimiento generalizado de los servicios tur\u00edsticos en el pa\u00eds, el referente del sector se\u00f1al\u00f3 que Ushuaia congel\u00f3 sus tarifas desde el a\u00f1o pasado, lo cual, en un escenario inflacionario, representa un incentivo para el visitante. \u201cCon la inflaci\u00f3n, esas tarifas quedaron por debajo del valor real. Tenemos vigentes promociones como el 4\u00d73 en hoteler\u00eda, el programa Oto\u00f1o de Fuego y descuentos del 15% en excursiones para todos los turistas. Tambi\u00e9n se logr\u00f3 mantener los precios del Tren del Fin del Mundo y de las navegaciones por el canal Beagle, que son productos emblem\u00e1ticos\u201d, detall\u00f3.<\/p>\n<p>&nbsp;<\/p>\n<p>Cornejo subray\u00f3 la importancia de las campa\u00f1as publicitarias en marcha, especialmente en Buenos Aires, donde el destino se promociona mediante v\u00eda p\u00fablica, pantallas led y videos que refuerzan la imagen del Fin del Mundo y su propuesta \u201cFan de la Nieve\u201d. Tambi\u00e9n destac\u00f3 el trabajo conjunto con el INFUETUR, que monitorea la correcta implementaci\u00f3n de la promoci\u00f3n en los espacios contratados. \u201cEn abril hicimos el lanzamiento de la temporada y fue muy bien recibido. Se logr\u00f3 la participaci\u00f3n de muchas empresas locales y se ofrecieron clases de esqu\u00ed y actividades recreativas en los valles y monta\u00f1as\u201d, agreg\u00f3.<\/p>\n<p style=\"padding-left: 40px;\"><a href=\"https:\/\/opinionpublica.com.ar\/index\/wp-content\/uploads\/2024\/06\/ushuaia-turismo-1.webp\"><img decoding=\"async\" class=\"alignnone size-full wp-image-4218\" src=\"https:\/\/opinionpublica.com.ar\/index\/wp-content\/uploads\/2024\/06\/ushuaia-turismo-1.webp\" alt=\"\" width=\"1200\" height=\"675\" srcset=\"https:\/\/opinionpublica.com.ar\/index\/wp-content\/uploads\/2024\/06\/ushuaia-turismo-1.webp 1200w, https:\/\/opinionpublica.com.ar\/index\/wp-content\/uploads\/2024\/06\/ushuaia-turismo-1-300x169.webp 300w, https:\/\/opinionpublica.com.ar\/index\/wp-content\/uploads\/2024\/06\/ushuaia-turismo-1-1024x576.webp 1024w, https:\/\/opinionpublica.com.ar\/index\/wp-content\/uploads\/2024\/06\/ushuaia-turismo-1-768x432.webp 768w\" sizes=\"(max-width: 1200px) 100vw, 1200px\" \/><\/a><\/p>\n<p>Entre las novedades, se celebr\u00f3 la reapertura del cerro Martial, que ya tiene prevista su operaci\u00f3n para actividades recreativas invernales y contar\u00e1 con medios de elevaci\u00f3n para la temporada de verano. Seg\u00fan indic\u00f3 Cornejo, ya est\u00e1n instaladas las bases de hormig\u00f3n y se espera que las sillas est\u00e9n en funcionamiento en los pr\u00f3ximos meses. \u201cEs una recuperaci\u00f3n importante, no solo para el turismo sino tambi\u00e9n como un nuevo atractivo para quienes llegan a la ciudad con tiempo limitado\u201d, apunt\u00f3.<\/p>\n<p>&nbsp;<\/p>\n<p>El clima, por el momento, acompa\u00f1a: hay buenas condiciones de nieve en las monta\u00f1as y los valles, a pesar de algunas lluvias en la ciudad. Un elemento destacado es la transmisi\u00f3n en vivo del estado de la monta\u00f1a desde el cerro Castor a trav\u00e9s de TN, un acuerdo logrado por la familia propietaria del centro de esqu\u00ed. \u201cEso permite que todo el pa\u00eds vea c\u00f3mo est\u00e1 la monta\u00f1a. Es una herramienta fabulosa de promoci\u00f3n\u201d, dijo.<\/p>\n<p>&nbsp;<\/p>\n<p>Comparado con otros destinos de nieve, el presidente de la C\u00e1mara de Turismo consider\u00f3 que Ushuaia tiene una ventaja relativa gracias a su planificaci\u00f3n anticipada. A diferencia de Bariloche, que lanz\u00f3 su campa\u00f1a a \u00faltimo momento, Ushuaia comenz\u00f3 a promocionarse desde abril. \u201cEl contexto afecta a todos por igual, pero estamos mejor posicionados. Estimo que Bariloche tiene menores niveles de reservas que nosotros\u201d, evalu\u00f3.<\/p>\n<p>&nbsp;<\/p>\n<p>Sin embargo, admiti\u00f3 que ser\u00e1 una temporada con consumo per c\u00e1pita m\u00e1s bajo y ventas m\u00e1s concentradas en el corto plazo. \u201cYa no hay inflaci\u00f3n de dos d\u00edgitos mensuales, entonces la gente no corre a comprar con anticipaci\u00f3n. Esto se traduce en una venta m\u00e1s minuto a minuto, especialmente fuera de las semanas pico\u201d, explic\u00f3. Las tarifas a\u00e9reas tambi\u00e9n presentan alta volatilidad, con cambios de precios de cientos de miles de pesos entre d\u00edas.<\/p>\n<p>&nbsp;<\/p>\n<p>En ese contexto, el reciente Hot Sale fue una herramienta clave que gener\u00f3 un fuerte nivel de ventas, tanto en hoteler\u00eda como en servicios receptivos. \u201cTodav\u00eda no tenemos los n\u00fameros finales, pero los colegas coinciden en que fue muy bueno\u201d, indic\u00f3.<\/p>\n<p>&nbsp;<\/p>\n<p>Finalmente, Cornejo valor\u00f3 los esfuerzos para recomponer el v\u00ednculo con el municipio tras las tensiones generadas por el proyecto de impuesto al turista. Se\u00f1al\u00f3 que la iniciativa est\u00e1 actualmente en comisi\u00f3n y sin avances concretos. \u201cEstamos buscando dejar de lado los puntos de conflicto para pasar a una mesa de trabajo. Todos queremos una Ushuaia con m\u00e1s turistas, y lo mejor es coordinar esfuerzos en lugar de desgastarnos en discusiones que no suman\u201d, concluy\u00f3. (Agencia OPI Tierra del Fuego)<\/p>\n<p>&nbsp;<\/p>\n","protected":false},"excerpt":{"rendered":"<p>Turismo en Ushuaia: precios congelados, nieve y una fuerte campa\u00f1a publicitaria El presidente de la C\u00e1mara de Turismo<\/p>\n","protected":false},"author":5,"featured_media":4217,"comment_status":"open","ping_status":"open","sticky":false,"template":"","format":"standard","meta":{"footnotes":""},"categories":[23,21],"tags":[1261,5,19,6],"class_list":["post-10028","post","type-post","status-publish","format-standard","has-post-thumbnail","hentry","category-turismo","category-ushuaia","tag-temporada-invernal","tag-tierra-del-fuego","tag-turismo","tag-ushuaia"],"featured_image_urls":{"full":["https:\/\/opinionpublica.com.ar\/index\/wp-content\/uploads\/2024\/06\/ushuaia-turismo-argentina-e1551133953153.jpg",1440,600,false],"thumbnail":["https:\/\/opinionpublica.com.ar\/index\/wp-content\/uploads\/2024\/06\/ushuaia-turismo-argentina-e1551133953153-150x150.jpg",150,150,true],"medium":["https:\/\/opinionpublica.com.ar\/index\/wp-content\/uploads\/2024\/06\/ushuaia-turismo-argentina-e1551133953153-300x125.jpg",300,125,true],"medium_large":["https:\/\/opinionpublica.com.ar\/index\/wp-content\/uploads\/2024\/06\/ushuaia-turismo-argentina-e1551133953153-768x320.jpg",640,267,true],"large":["https:\/\/opinionpublica.com.ar\/index\/wp-content\/uploads\/2024\/06\/ushuaia-turismo-argentina-e1551133953153-1024x427.jpg",640,267,true],"1536x1536":["https:\/\/opinionpublica.com.ar\/index\/wp-content\/uploads\/2024\/06\/ushuaia-turismo-argentina-e1551133953153.jpg",1440,600,false],"2048x2048":["https:\/\/opinionpublica.com.ar\/index\/wp-content\/uploads\/2024\/06\/ushuaia-turismo-argentina-e1551133953153.jpg",1440,600,false],"morenews-large":["https:\/\/opinionpublica.com.ar\/index\/wp-content\/uploads\/2024\/06\/ushuaia-turismo-argentina-e1551133953153-825x575.jpg",825,575,true],"morenews-medium":["https:\/\/opinionpublica.com.ar\/index\/wp-content\/uploads\/2024\/06\/ushuaia-turismo-argentina-e1551133953153-590x410.jpg",590,410,true]},"author_info":{"display_name":"Hal","author_link":"https:\/\/opinionpublica.com.ar\/index\/author\/hal\/"},"category_info":"<a href=\"https:\/\/opinionpublica.com.ar\/index\/category\/turismo\/\" rel=\"category tag\">Turismo<\/a> <a href=\"https:\/\/opinionpublica.com.ar\/index\/category\/ushuaia\/\" rel=\"category tag\">Ushuaia<\/a>","tag_info":"Ushuaia","comment_count":"0","_links":{"self":[{"href":"https:\/\/opinionpublica.com.ar\/index\/wp-json\/wp\/v2\/posts\/10028","targetHints":{"allow":["GET"]}}],"collection":[{"href":"https:\/\/opinionpublica.com.ar\/index\/wp-json\/wp\/v2\/posts"}],"about":[{"href":"https:\/\/opinionpublica.com.ar\/index\/wp-json\/wp\/v2\/types\/post"}],"author":[{"embeddable":true,"href":"https:\/\/opinionpublica.com.ar\/index\/wp-json\/wp\/v2\/users\/5"}],"replies":[{"embeddable":true,"href":"https:\/\/opinionpublica.com.ar\/index\/wp-json\/wp\/v2\/comments?post=10028"}],"version-history":[{"count":1,"href":"https:\/\/opinionpublica.com.ar\/index\/wp-json\/wp\/v2\/posts\/10028\/revisions"}],"predecessor-version":[{"id":10029,"href":"https:\/\/opinionpublica.com.ar\/index\/wp-json\/wp\/v2\/posts\/10028\/revisions\/10029"}],"wp:featuredmedia":[{"embeddable":true,"href":"https:\/\/opinionpublica.com.ar\/index\/wp-json\/wp\/v2\/media\/4217"}],"wp:attachment":[{"href":"https:\/\/opinionpublica.com.ar\/index\/wp-json\/wp\/v2\/media?parent=10028"}],"wp:term":[{"taxonomy":"category","embeddable":true,"href":"https:\/\/opinionpublica.com.ar\/index\/wp-json\/wp\/v2\/categories?post=10028"},{"taxonomy":"post_tag","embeddable":true,"href":"https:\/\/opinionpublica.com.ar\/index\/wp-json\/wp\/v2\/tags?post=10028"}],"curies":[{"name":"wp","href":"https:\/\/api.w.org\/{rel}","templated":true}]}}