{"id":10180,"date":"2025-07-02T11:01:07","date_gmt":"2025-07-02T14:01:07","guid":{"rendered":"https:\/\/opinionpublica.com.ar\/index\/?p=10180"},"modified":"2025-07-02T11:01:07","modified_gmt":"2025-07-02T14:01:07","slug":"melella-culpo-a-los-fueguinos-y-a-milei-por-la-crisis-economica-provincial","status":"publish","type":"post","link":"https:\/\/opinionpublica.com.ar\/index\/melella-culpo-a-los-fueguinos-y-a-milei-por-la-crisis-economica-provincial\/","title":{"rendered":"Melella culp\u00f3 a los fueguinos y a Milei por la crisis econ\u00f3mica provincial"},"content":{"rendered":"<p><strong>Melella culp\u00f3 a los fueguinos y a Milei por la crisis econ\u00f3mica provincial<\/strong><\/p>\n<p>Mientras Total Energies, Wintershall DEA y Pan American Energy anuncian la fase final del parque e\u00f3lico m\u00e1s austral del mundo, el gobernador Gustavo Melella redobl\u00f3 sus cr\u00edticas hacia los votantes fueguinos de Javier Milei en la provincia, responsabiliz\u00e1ndolos por la \u00abmotosierra\u00bb de ajuste del gobierno nacional y la consiguiente crisis econ\u00f3mica fueguina.<\/p>\n<p><a href=\"https:\/\/opinionpublica.com.ar\/index\/wp-content\/uploads\/2024\/05\/gustavo-melella-1.jpg\"><img fetchpriority=\"high\" decoding=\"async\" class=\"alignnone size-full wp-image-3114\" src=\"https:\/\/opinionpublica.com.ar\/index\/wp-content\/uploads\/2024\/05\/gustavo-melella-1.jpg\" alt=\"\" width=\"900\" height=\"640\" srcset=\"https:\/\/opinionpublica.com.ar\/index\/wp-content\/uploads\/2024\/05\/gustavo-melella-1.jpg 900w, https:\/\/opinionpublica.com.ar\/index\/wp-content\/uploads\/2024\/05\/gustavo-melella-1-300x213.jpg 300w, https:\/\/opinionpublica.com.ar\/index\/wp-content\/uploads\/2024\/05\/gustavo-melella-1-768x546.jpg 768w\" sizes=\"(max-width: 900px) 100vw, 900px\" \/><\/a><\/p>\n<p>En el marco del importante anuncio de la etapa final en el desarrollo del parque e\u00f3lico m\u00e1s austral del mundo, un proyecto impulsado por Total Energies, Wintershall DEA y Pan American Energy, el gobernador de Tierra del Fuego, Gustavo Melella, volvi\u00f3 a manifestar su descontento con la voluntad popular fueguina expresada en las urnas.<\/p>\n<p>&nbsp;<\/p>\n<p>En un tono en\u00e9rgico, el Mandatario fueguino atribuy\u00f3 el \u201cdesastre econ\u00f3mico provincial\u201d a la elecci\u00f3n de la \u201cmotosierra\u201d, en clara referencia a las pol\u00edticas de ajuste implementadas por el gobierno nacional de Javier Milei.<\/p>\n<p>&nbsp;<\/p>\n<p>Melella, quien consistentemente busca culpables externos a su gesti\u00f3n ante la falta de resultados, tambi\u00e9n apunt\u00f3 directamente a la administraci\u00f3n central por los problemas financieros que padece Tierra del Fuego.<\/p>\n<p>&nbsp;<\/p>\n<p>Al dirigirse al pueblo fueguino dijo que \u201cmuchos votaron la motosierra y ahora quieren que hagamos milagros con recursos que no llegan\u201d. Estas declaraciones aluden a la dr\u00e1stica ca\u00edda de fondos nacionales y a los reclamos de reactivaci\u00f3n econ\u00f3mica que provienen tanto del sector p\u00fablico como privado en la provincia.<\/p>\n<p>&nbsp;<\/p>\n<p>Melella subray\u00f3 que \u201cmuchos se tienen que hacer cargo de haber votado la motosierra\u201d, e insisti\u00f3 que \u201calgunos ahora nos piden a nosotros, al Estado Provincial, que hagamos milagros cuando votaron el ajuste; entonces muchos, del sector p\u00fablico y del sector privado, se tienen que hacer cargo que votaron la motosierra y ahora quieren que hagamos milagros con recursos que no llegan\u201d.<\/p>\n<p>&nbsp;<\/p>\n<p><strong>Impacto negativos crecientes<\/strong><\/p>\n<p>En este contexto de recortes, el gobernador Melella remarc\u00f3 que la escasez de fondos nacionales obstaculiza enormemente la posibilidad de otorgar mejoras salariales en sectores clave de Tierra del Fuego, como docencia, salud y seguridad. \u201cLa situaci\u00f3n es cada vez peor y pasa en todas las provincias\u201d, lament\u00f3, extendiendo su preocupaci\u00f3n al resto del pa\u00eds.<\/p>\n<p>&nbsp;<\/p>\n<p>Melella fue categ\u00f3rico al se\u00f1alar que \u201csi no tomamos conciencia y no tomamos dimensi\u00f3n del problema financiero que hay y que provoc\u00f3 este Gobierno nacional a las provincias, va a ser muy dif\u00edcil lograr recursos para pagar mejores sueldos en salud, educaci\u00f3n y seguridad\u201d. El gobernador persisti\u00f3 en su argumento, afirmando que \u201ccuando aplican la motosierra desde Naci\u00f3n muchos fueguinos aplauden la motosierra, pero despu\u00e9s le piden al Gobierno provincial que nos hagamos cargo\u201d.<\/p>\n<p>&nbsp;<\/p>\n<p>Estas declaraciones, que hasta el momento no han recibido respuesta del gobierno nacional, solo reflejan una creciente tensi\u00f3n entre la administraci\u00f3n provincial y la nacional, con repercusiones directas en la econom\u00eda y el bienestar de los habitantes de Tierra del Fuego.<\/p>\n","protected":false},"excerpt":{"rendered":"<p>Melella culp\u00f3 a los fueguinos y a Milei por la crisis econ\u00f3mica provincial Mientras Total Energies, Wintershall DEA<\/p>\n","protected":false},"author":5,"featured_media":3114,"comment_status":"open","ping_status":"open","sticky":false,"template":"","format":"standard","meta":{"footnotes":""},"categories":[2],"tags":[112,134],"class_list":["post-10180","post","type-post","status-publish","format-standard","has-post-thumbnail","hentry","category-tierra-del-fuego","tag-gobierno","tag-gustavo-melella"],"featured_image_urls":{"full":["https:\/\/opinionpublica.com.ar\/index\/wp-content\/uploads\/2024\/05\/gustavo-melella-1.jpg",900,640,false],"thumbnail":["https:\/\/opinionpublica.com.ar\/index\/wp-content\/uploads\/2024\/05\/gustavo-melella-1-150x150.jpg",150,150,true],"medium":["https:\/\/opinionpublica.com.ar\/index\/wp-content\/uploads\/2024\/05\/gustavo-melella-1-300x213.jpg",300,213,true],"medium_large":["https:\/\/opinionpublica.com.ar\/index\/wp-content\/uploads\/2024\/05\/gustavo-melella-1-768x546.jpg",640,455,true],"large":["https:\/\/opinionpublica.com.ar\/index\/wp-content\/uploads\/2024\/05\/gustavo-melella-1.jpg",640,455,false],"1536x1536":["https:\/\/opinionpublica.com.ar\/index\/wp-content\/uploads\/2024\/05\/gustavo-melella-1.jpg",900,640,false],"2048x2048":["https:\/\/opinionpublica.com.ar\/index\/wp-content\/uploads\/2024\/05\/gustavo-melella-1.jpg",900,640,false],"morenews-large":["https:\/\/opinionpublica.com.ar\/index\/wp-content\/uploads\/2024\/05\/gustavo-melella-1-825x575.jpg",825,575,true],"morenews-medium":["https:\/\/opinionpublica.com.ar\/index\/wp-content\/uploads\/2024\/05\/gustavo-melella-1-590x410.jpg",590,410,true]},"author_info":{"display_name":"Hal","author_link":"https:\/\/opinionpublica.com.ar\/index\/author\/hal\/"},"category_info":"<a href=\"https:\/\/opinionpublica.com.ar\/index\/category\/tierra-del-fuego\/\" rel=\"category tag\">Tierra del Fuego<\/a>","tag_info":"Tierra del Fuego","comment_count":"0","_links":{"self":[{"href":"https:\/\/opinionpublica.com.ar\/index\/wp-json\/wp\/v2\/posts\/10180","targetHints":{"allow":["GET"]}}],"collection":[{"href":"https:\/\/opinionpublica.com.ar\/index\/wp-json\/wp\/v2\/posts"}],"about":[{"href":"https:\/\/opinionpublica.com.ar\/index\/wp-json\/wp\/v2\/types\/post"}],"author":[{"embeddable":true,"href":"https:\/\/opinionpublica.com.ar\/index\/wp-json\/wp\/v2\/users\/5"}],"replies":[{"embeddable":true,"href":"https:\/\/opinionpublica.com.ar\/index\/wp-json\/wp\/v2\/comments?post=10180"}],"version-history":[{"count":1,"href":"https:\/\/opinionpublica.com.ar\/index\/wp-json\/wp\/v2\/posts\/10180\/revisions"}],"predecessor-version":[{"id":10181,"href":"https:\/\/opinionpublica.com.ar\/index\/wp-json\/wp\/v2\/posts\/10180\/revisions\/10181"}],"wp:featuredmedia":[{"embeddable":true,"href":"https:\/\/opinionpublica.com.ar\/index\/wp-json\/wp\/v2\/media\/3114"}],"wp:attachment":[{"href":"https:\/\/opinionpublica.com.ar\/index\/wp-json\/wp\/v2\/media?parent=10180"}],"wp:term":[{"taxonomy":"category","embeddable":true,"href":"https:\/\/opinionpublica.com.ar\/index\/wp-json\/wp\/v2\/categories?post=10180"},{"taxonomy":"post_tag","embeddable":true,"href":"https:\/\/opinionpublica.com.ar\/index\/wp-json\/wp\/v2\/tags?post=10180"}],"curies":[{"name":"wp","href":"https:\/\/api.w.org\/{rel}","templated":true}]}}