{"id":10221,"date":"2025-07-07T18:56:03","date_gmt":"2025-07-07T21:56:03","guid":{"rendered":"https:\/\/opinionpublica.com.ar\/index\/?p=10221"},"modified":"2025-07-07T18:56:03","modified_gmt":"2025-07-07T21:56:03","slug":"el-estado-crecio-3-veces-mas-que-la-poblacion-y-no-vivimos-mejor","status":"publish","type":"post","link":"https:\/\/opinionpublica.com.ar\/index\/el-estado-crecio-3-veces-mas-que-la-poblacion-y-no-vivimos-mejor\/","title":{"rendered":"El estado creci\u00f3 3 veces m\u00e1s que la poblaci\u00f3n y no vivimos mejor"},"content":{"rendered":"<div id=\"tdi_73\" class=\"tdc-row stretch_row_1400 td-stretch-content\">\n<div class=\"vc_row tdi_74  wpb_row td-pb-row tdc-element-style\">\n<div class=\"vc_column tdi_76  wpb_column vc_column_container tdc-column td-pb-span12\">\n<div class=\"wpb_wrapper\">\n<div class=\"td_block_wrap tdb_title tdi_78 tdb-single-title td-pb-border-top td_block_template_1\" data-td-block-uid=\"tdi_78\">\n<div class=\"tdb-block-inner td-fix-index\">\n<p class=\"tdb-title-text\"><strong>El estado creci\u00f3 3 veces m\u00e1s que la poblaci\u00f3n y no vivimos mejor<\/strong><\/p>\n<div><a href=\"https:\/\/opinionpublica.com.ar\/index\/wp-content\/uploads\/2025\/01\/Casa-de-Gobierno-Ushuaia.jpeg\"><img fetchpriority=\"high\" decoding=\"async\" class=\"alignnone size-full wp-image-8422\" src=\"https:\/\/opinionpublica.com.ar\/index\/wp-content\/uploads\/2025\/01\/Casa-de-Gobierno-Ushuaia.jpeg\" alt=\"\" width=\"1600\" height=\"1066\" srcset=\"https:\/\/opinionpublica.com.ar\/index\/wp-content\/uploads\/2025\/01\/Casa-de-Gobierno-Ushuaia.jpeg 1600w, https:\/\/opinionpublica.com.ar\/index\/wp-content\/uploads\/2025\/01\/Casa-de-Gobierno-Ushuaia-300x200.jpeg 300w, https:\/\/opinionpublica.com.ar\/index\/wp-content\/uploads\/2025\/01\/Casa-de-Gobierno-Ushuaia-1024x682.jpeg 1024w, https:\/\/opinionpublica.com.ar\/index\/wp-content\/uploads\/2025\/01\/Casa-de-Gobierno-Ushuaia-768x512.jpeg 768w, https:\/\/opinionpublica.com.ar\/index\/wp-content\/uploads\/2025\/01\/Casa-de-Gobierno-Ushuaia-1536x1023.jpeg 1536w\" sizes=\"(max-width: 1600px) 100vw, 1600px\" \/><\/a><\/div>\n<\/div>\n<\/div>\n<\/div>\n<\/div>\n<\/div>\n<\/div>\n<div id=\"tdi_79\" class=\"tdc-row stretch_row_1200 td-stretch-content\">\n<div class=\"vc_row tdi_80  wpb_row td-pb-row\">\n<div class=\"vc_column tdi_82  wpb_column vc_column_container tdc-column td-pb-span8\">\n<div class=\"wpb_wrapper\">\n<div class=\"td_block_wrap tdb_single_content tdi_84 td-pb-border-top td_block_template_1 td-post-content tagdiv-type\" data-td-block-uid=\"tdi_84\">\n<div class=\"tdb-block-inner td-fix-index\">\n<p>El polit\u00f3logo y titular de Vox Populi present\u00f3 datos oficiales que revelan un aumento del 32.3% en la planta estatal durante la primera gesti\u00f3n de Gustavo Melella, muy por encima del crecimiento demogr\u00e1fico y del sector privado.<\/p>\n<p>El crecimiento desmesurado del empleo p\u00fablico en Tierra del Fuego ha generado preocupaci\u00f3n entre analistas y sectores productivos. Luis Castelli, polit\u00f3logo y director de la consultora Vox Populi, present\u00f3 un estudio basado en datos oficiales que revela un incremento del 32.3% en la planta estatal durante el mandato del gobernador Gustavo Melella (2019-2023), un fen\u00f3meno que calific\u00f3 como \u00abdesmesurado\u00bb y sin justificaci\u00f3n demogr\u00e1fica o econ\u00f3mica.<\/p>\n<p>\u00abTierra del Fuego creci\u00f3 el doble de lo que creci\u00f3 la segunda provincia, que fue Neuqu\u00e9n, con Vaca Muerta\u00bb, se\u00f1al\u00f3 Castelli durante una entrevista en FM Master\u2019s. Los n\u00fameros, extra\u00eddos de la Direcci\u00f3n Nacional de Pol\u00edticas Provinciales, muestran que el aumento supera ampliamente el promedio nacional y el de gestiones anteriores. \u00abEl Estado creci\u00f3 el triple de lo que creci\u00f3 la poblaci\u00f3n. No hay justificativo\u00bb, afirm\u00f3.<\/p>\n<p><a href=\"https:\/\/opinionpublica.com.ar\/index\/wp-content\/uploads\/2025\/03\/gk9fhciw8aaas-gjpg-melella.webp\"><img decoding=\"async\" class=\"alignnone size-full wp-image-8958\" src=\"https:\/\/opinionpublica.com.ar\/index\/wp-content\/uploads\/2025\/03\/gk9fhciw8aaas-gjpg-melella.webp\" alt=\"\" width=\"790\" height=\"527\" srcset=\"https:\/\/opinionpublica.com.ar\/index\/wp-content\/uploads\/2025\/03\/gk9fhciw8aaas-gjpg-melella.webp 790w, https:\/\/opinionpublica.com.ar\/index\/wp-content\/uploads\/2025\/03\/gk9fhciw8aaas-gjpg-melella-300x200.webp 300w, https:\/\/opinionpublica.com.ar\/index\/wp-content\/uploads\/2025\/03\/gk9fhciw8aaas-gjpg-melella-768x512.webp 768w\" sizes=\"(max-width: 790px) 100vw, 790px\" \/><\/a><\/p>\n<p>Castelli afirm\u00f3 que el estudio se basa \u00fanicamente \u201cen designaciones a plantas permanentes\u201d y que es imposible acceder a informaci\u00f3n sobre otras modalidades como \u201ccontrataciones de servicios\u201d porque el bolet\u00edn no est\u00e1 sistematizado y \u201cLas p\u00e1ginas del Estado Provincial no reflejan datos relevantes, no tienen informaci\u00f3n sobre este tema. Hay que acudir a organismos nacionales para sistematizarlos\u00bb.<\/p>\n<p>Adem\u00e1s, rechaz\u00f3 la idea de que el aumento responda a necesidades demogr\u00e1ficas: \u00abAntes, cada gobierno dejaba 300 o 500 empleados m\u00e1s, pero eso acompa\u00f1aba el crecimiento poblacional. Ahora no existe esa correlaci\u00f3n\u00bb.<\/p>\n<p>Durante esta gesti\u00f3n \u201cHay un promedio de 4 personas por d\u00eda que ingresan al Estado\u201d.<\/p>\n<p>El polit\u00f3logo vincul\u00f3 el fen\u00f3meno con estrategias electorales: \u00abEs una herramienta pol\u00edtica que todos han utilizado, pero no de manera tan brutal y exponencial\u00bb. Advirti\u00f3 que, al depender hist\u00f3ricamente de fondos federales, la provincia no percibi\u00f3 el costo real de esta expansi\u00f3n. \u00abLo tapamos con coparticipaci\u00f3n, pero ahora, con menos recursos, el problema se vuelve insostenible\u00bb, explic\u00f3.<\/p>\n<p>Como ejemplo, compar\u00f3 el gasto en nuevos empleados con inversiones productivas: \u00abCon lo que cost\u00f3 el aumento de la planta estatal, por ejemplo, podr\u00edan haberse construido ocho molinos e\u00f3licos como los de Total Energies\u00bb. Luis Castelli cuestion\u00f3 finalmente la falta de una postura firme sobre el uso de los recursos por parte de la dirigencia empresarial y sindical de la Provincia: \u00abGritamos por las consecuencias, pero no actuamos sobre las causas\u00bb.<\/p>\n<p>Finalmente, Castelli reflexion\u00f3 \u00bf\u201cQu\u00e9 se hizo con los recursos que hab\u00eda? El tema del Estado es un tema importante, lo que sucede hoy con Osef, estamos mirando los problemas y no las causas.\u201d y concluy\u00f3 \u201cLa calidad de los servicios que recibimos de parte del Estado es cada vez peor, ya no es solo el ciudadano mirando cu\u00e1nto es lo que tiene que poner, sino que lo que recibe lo percibe cada vez peor\u201d.<\/p>\n<\/div>\n<\/div>\n<\/div>\n<\/div>\n<\/div>\n<\/div>\n","protected":false},"excerpt":{"rendered":"<p>El estado creci\u00f3 3 veces m\u00e1s que la poblaci\u00f3n y no vivimos mejor El polit\u00f3logo y titular de<\/p>\n","protected":false},"author":5,"featured_media":9219,"comment_status":"open","ping_status":"open","sticky":false,"template":"","format":"standard","meta":{"footnotes":""},"categories":[2],"tags":[3594,134],"class_list":["post-10221","post","type-post","status-publish","format-standard","has-post-thumbnail","hentry","category-tierra-del-fuego","tag-crecimiento-estado","tag-gustavo-melella"],"featured_image_urls":{"full":["https:\/\/opinionpublica.com.ar\/index\/wp-content\/uploads\/2025\/04\/20250404023257_casa_de_gobierno_fachada_23.jpg",880,586,false],"thumbnail":["https:\/\/opinionpublica.com.ar\/index\/wp-content\/uploads\/2025\/04\/20250404023257_casa_de_gobierno_fachada_23-150x150.jpg",150,150,true],"medium":["https:\/\/opinionpublica.com.ar\/index\/wp-content\/uploads\/2025\/04\/20250404023257_casa_de_gobierno_fachada_23-300x200.jpg",300,200,true],"medium_large":["https:\/\/opinionpublica.com.ar\/index\/wp-content\/uploads\/2025\/04\/20250404023257_casa_de_gobierno_fachada_23-768x511.jpg",640,426,true],"large":["https:\/\/opinionpublica.com.ar\/index\/wp-content\/uploads\/2025\/04\/20250404023257_casa_de_gobierno_fachada_23.jpg",640,426,false],"1536x1536":["https:\/\/opinionpublica.com.ar\/index\/wp-content\/uploads\/2025\/04\/20250404023257_casa_de_gobierno_fachada_23.jpg",880,586,false],"2048x2048":["https:\/\/opinionpublica.com.ar\/index\/wp-content\/uploads\/2025\/04\/20250404023257_casa_de_gobierno_fachada_23.jpg",880,586,false],"morenews-large":["https:\/\/opinionpublica.com.ar\/index\/wp-content\/uploads\/2025\/04\/20250404023257_casa_de_gobierno_fachada_23-825x575.jpg",825,575,true],"morenews-medium":["https:\/\/opinionpublica.com.ar\/index\/wp-content\/uploads\/2025\/04\/20250404023257_casa_de_gobierno_fachada_23-590x410.jpg",590,410,true]},"author_info":{"display_name":"Hal","author_link":"https:\/\/opinionpublica.com.ar\/index\/author\/hal\/"},"category_info":"<a href=\"https:\/\/opinionpublica.com.ar\/index\/category\/tierra-del-fuego\/\" rel=\"category tag\">Tierra del Fuego<\/a>","tag_info":"Tierra del Fuego","comment_count":"0","_links":{"self":[{"href":"https:\/\/opinionpublica.com.ar\/index\/wp-json\/wp\/v2\/posts\/10221","targetHints":{"allow":["GET"]}}],"collection":[{"href":"https:\/\/opinionpublica.com.ar\/index\/wp-json\/wp\/v2\/posts"}],"about":[{"href":"https:\/\/opinionpublica.com.ar\/index\/wp-json\/wp\/v2\/types\/post"}],"author":[{"embeddable":true,"href":"https:\/\/opinionpublica.com.ar\/index\/wp-json\/wp\/v2\/users\/5"}],"replies":[{"embeddable":true,"href":"https:\/\/opinionpublica.com.ar\/index\/wp-json\/wp\/v2\/comments?post=10221"}],"version-history":[{"count":2,"href":"https:\/\/opinionpublica.com.ar\/index\/wp-json\/wp\/v2\/posts\/10221\/revisions"}],"predecessor-version":[{"id":10223,"href":"https:\/\/opinionpublica.com.ar\/index\/wp-json\/wp\/v2\/posts\/10221\/revisions\/10223"}],"wp:featuredmedia":[{"embeddable":true,"href":"https:\/\/opinionpublica.com.ar\/index\/wp-json\/wp\/v2\/media\/9219"}],"wp:attachment":[{"href":"https:\/\/opinionpublica.com.ar\/index\/wp-json\/wp\/v2\/media?parent=10221"}],"wp:term":[{"taxonomy":"category","embeddable":true,"href":"https:\/\/opinionpublica.com.ar\/index\/wp-json\/wp\/v2\/categories?post=10221"},{"taxonomy":"post_tag","embeddable":true,"href":"https:\/\/opinionpublica.com.ar\/index\/wp-json\/wp\/v2\/tags?post=10221"}],"curies":[{"name":"wp","href":"https:\/\/api.w.org\/{rel}","templated":true}]}}