{"id":10231,"date":"2025-07-07T19:37:21","date_gmt":"2025-07-07T22:37:21","guid":{"rendered":"https:\/\/opinionpublica.com.ar\/index\/?p=10231"},"modified":"2025-07-07T19:37:21","modified_gmt":"2025-07-07T22:37:21","slug":"la-ucr-aspira-a-encabezar-una-coalicion-en-contra-del-kirchnerismo-duro","status":"publish","type":"post","link":"https:\/\/opinionpublica.com.ar\/index\/la-ucr-aspira-a-encabezar-una-coalicion-en-contra-del-kirchnerismo-duro\/","title":{"rendered":"La UCR aspira a encabezar una coalici\u00f3n en contra del kirchnerismo duro"},"content":{"rendered":"<p><strong>La UCR aspira a encabezar una coalici\u00f3n en contra del kirchnerismo duro<\/strong><\/p>\n<div id=\"content\" class=\"site-content container clearfix\">\n<section id=\"primary\" class=\"content-area\"><main id=\"main\" class=\"site-main\" role=\"main\"><\/p>\n<article id=\"post-133200\" class=\"post-133200 post type-post status-publish format-standard has-post-thumbnail hentry category-destacado category-provincial\"><a href=\"https:\/\/opinionpublica.com.ar\/index\/wp-content\/uploads\/2025\/07\/ybars-820x360-1.jpg\"><img fetchpriority=\"high\" decoding=\"async\" class=\"alignnone size-full wp-image-10232\" src=\"https:\/\/opinionpublica.com.ar\/index\/wp-content\/uploads\/2025\/07\/ybars-820x360-1.jpg\" alt=\"\" width=\"820\" height=\"360\" srcset=\"https:\/\/opinionpublica.com.ar\/index\/wp-content\/uploads\/2025\/07\/ybars-820x360-1.jpg 820w, https:\/\/opinionpublica.com.ar\/index\/wp-content\/uploads\/2025\/07\/ybars-820x360-1-300x132.jpg 300w, https:\/\/opinionpublica.com.ar\/index\/wp-content\/uploads\/2025\/07\/ybars-820x360-1-768x337.jpg 768w\" sizes=\"(max-width: 820px) 100vw, 820px\" \/><\/a><\/p>\n<div class=\"entry-content clearfix\">\n<p><strong>El presidente del radicalismo local, Maximiliano Ybars, defini\u00f3 el rival pol\u00edtico para las elecciones de octubre en la persona de Walter Vuoto, que encabeza el kirchnerismo duro. Por fuera de ese sector, se est\u00e1 dialogando con todos, tanto con peronistas como con representantes del MPF e incluso de La Libertad Avanza. Se aspira a \u201cuna construcci\u00f3n amplia, colectiva, plural y con potencia electoral\u201d, dijo. M\u00e1s all\u00e1 de las diferencias con el gobierno nacional vinculadas con medidas que se han tomado en contra de la provincia, hay coincidencias con el rumbo de la macroeconom\u00eda.<\/strong><\/p>\n<p>El presidente de la UCR local, Maximiliano Ybars, confi\u00f3 en consolidar un frente \u201camplio, colectivo, plural y con potencia electoral\u201d, para enfrentar al kirchnerismo duro que encabeza Walter Vuoto en las elecciones de octubre.<\/p>\n<p>El radical fue facultado por la convenci\u00f3n a entablar el di\u00e1logo con los distintos sectores y en esa tarea se encuentra. \u201cNuestra convenci\u00f3n dictamin\u00f3 la vocaci\u00f3n frentista y nos encomend\u00f3 el trabajo de ir a hablar con espacios pol\u00edticos, ver qu\u00e9 consensos se pueden lograr y qu\u00e9 espacio se puede armar de cara a las elecciones de octubre, entendiendo la trascendencia que tienen nuestros representantes a nivel nacional, en un contexto en que se ataca permanentemente a nuestra provincia\u201d, dijo por Radio Provincia.<\/p>\n<p>\u201cEstamos hablando con partidos pol\u00edticos, son sectores sociales, con sindicatos y distintas agrupaciones, para formar un proyecto colectivo con una clara visi\u00f3n de la defensa de nuestra provincia\u201d, marc\u00f3 como prioridad.<\/p>\n<p>Respecto de las internas a celebrarse el 10 de agosto, se esperanz\u00f3 en lograr una lista \u00fanica. \u201cUna sana costumbre que tiene el radicalismo es no cerrar la puerta. Cada correligionario que tenga intenciones de participar lo puede hacer. Tenemos la responsabilidad de garantizar la participaci\u00f3n\u201d, se\u00f1al\u00f3 y asegur\u00f3 que \u201cestamos en un momento en que el partido est\u00e1 muy unido. Entiendo que la propuesta que llevemos, ya sea para el armado de listas en un proceso interno, como un armado de participaci\u00f3n en un frente electoral, va a ser consensuado, con todos los que podamos adentro, porque es un momento en que el radicalismo tiene que estar unido. Estamos m\u00e1s unidos que nunca, nuestro partido se caracteriza por la horizontalidad, donde todos opinan y son parte. Hay un gran acompa\u00f1amiento a esta l\u00ednea que venimos llevando adelante y entiendo que va a ser un proceso ordenado. Probablemente va a haber una lista \u00fanica y en forma consensuada iremos a un espacio m\u00e1s amplio\u201d.<\/p>\n<p>&nbsp;<\/p>\n<p><strong>Un frente con todos<\/strong><\/p>\n<p>Para la alianza electoral, la aspiraci\u00f3n es \u201cbrindar algo serio y competitivo a la sociedad, con mensajes claros de hacia d\u00f3nde vamos. No queremos m\u00e1s dirigentes que llegan con un discurso y despu\u00e9s votan de otra manera. El descontento de la gente tiene mucho que ver con la conducta que han tenido distintos dirigentes al momento de tomar decisiones por todos nosotros\u201d, manifest\u00f3.<\/p>\n<p>En esa l\u00ednea, comparti\u00f3 la idea del senador Pablo Blanco de hablar con sectores del peronismo, pero no con el \u201ckirchnerismo ac\u00e9rrimo\u201d. \u201cLa apreciaci\u00f3n que tenemos como partido es que lo que viene para nuestra provincia y nuestro pa\u00eds no es con el espejo retrovisor, mirando al kirchnerismo. Con esta apertura queremos armar algo competitivo, con un espacio que pueda incluir peronistas, gente del MPF, socialistas y distintos espacios pol\u00edticos, con visi\u00f3n de futuro de hacia d\u00f3nde entendemos que tiene que ir nuestra provincia y nuestro pa\u00eds. La discusi\u00f3n no tiene que ser si Cristina tendr\u00eda o no que estar presa, porque eso es un retroceso muy grande\u201d, consider\u00f3.<\/p>\n<p>\u201cLa propuesta que est\u00e1 presentando el espacio que lidera Walter Vuoto a trav\u00e9s del Partido Justicialista tiene que ver m\u00e1s con eso que con la visi\u00f3n de pa\u00eds que tenemos que perseguir\u201d, traz\u00f3 como l\u00edmite.<\/p>\n<p>M\u00e1s all\u00e1 de Vuoto y su alianza con el gobernador Melella, \u201cestamos hablando con distintos sectores del peronismo, con todos los partidos pol\u00edticos y, si queremos armar una propuesta amplia y competitiva, tiene que ser con todos los que tengamos cuatro o cinco puntos de acuerdo\u201d.<\/p>\n<p>Consultado puntualmente por el sector del intendente Mart\u00edn P\u00e9rez, tambi\u00e9n enfrentado a Vuoto, todav\u00eda no hay di\u00e1logo pol\u00edtico. \u201cEn t\u00e9rminos institucionales tengo un rol opositor dentro del Concejo Deliberante. Es una oposici\u00f3n que genera alternativas y da discusiones. La relaci\u00f3n entre el Ejecutivo y el Concejo Deliberante est\u00e1 bastante bien y, en t\u00e9rminos pol\u00edticos y de armados electorales no hemos avanzado con el espacio de Provincia Grande. Es un partido que se ha diferenciado del sector de Walter Vuoto y entiendo que el senador Blanco puede estar teniendo distintas conversaciones con esos espacios. La UCR institucionalmente no ha tenido acercamiento con el partido de gobierno de la ciudad\u201d, aclar\u00f3.<\/p>\n<p>En lo que respecta a La Libertad Avanza, hay diferencias a nivel nacional, pero coincidencias a nivel local. \u201cSe est\u00e1n teniendo charlas con todos los partidos pol\u00edticos. Hay muchas diferencias en cuestiones que tienen que ver con lo nacional. Cuando lo traemos a la provincia son m\u00e1s los acercamientos que las distancias\u201d, asever\u00f3.<\/p>\n<p>\u201cNosotros somos claros en lo que tiene que ver con la pol\u00edtica nacional y lo que hay que representar cuando haya un dirigente sentado en una banca en el Congreso. En lo que tiene que ver con cuestiones de la provincia, la UCR se ha estado manifestando en contra, pero hay coincidencias con algunas cuestiones de la macro. No se puede discutir el d\u00e9ficit fiscal y tenemos claro que ha sido uno de los grandes problemas que nos ha sumergido en una inflaci\u00f3n muy profunda. En esa l\u00ednea hemos militado desde a\u00f1os atr\u00e1s y en esa l\u00ednea no hay mucho que hacer. Si hablamos del Garrahan, el radicalismo ha estado totalmente en contra de lo que se est\u00e1 haciendo. Si hablamos de YPF, el radicalismo cree en una YPF como empresa estrat\u00e9gica, con soberan\u00eda hidrocarbur\u00edfera. Entendemos la importancia de la 19640 y que las pol\u00edticas p\u00fablicas nacionales da\u00f1an a la provincia en esa l\u00ednea. En eso tenemos grandes diferencias, pero en t\u00e9rminos personales con los dirigentes de ac\u00e1 hay buena relaci\u00f3n y se puede charlar mucho\u201d, afirm\u00f3.<\/p>\n<p>&nbsp;<\/p>\n<p><strong>Apoyo a Pablo Blanco<\/strong><\/p>\n<p><a href=\"https:\/\/opinionpublica.com.ar\/index\/wp-content\/uploads\/2024\/10\/pablo-blanco-sesion.jpg\"><img decoding=\"async\" class=\"alignnone size-full wp-image-6143\" src=\"https:\/\/opinionpublica.com.ar\/index\/wp-content\/uploads\/2024\/10\/pablo-blanco-sesion.jpg\" alt=\"\" width=\"995\" height=\"589\" srcset=\"https:\/\/opinionpublica.com.ar\/index\/wp-content\/uploads\/2024\/10\/pablo-blanco-sesion.jpg 995w, https:\/\/opinionpublica.com.ar\/index\/wp-content\/uploads\/2024\/10\/pablo-blanco-sesion-300x178.jpg 300w, https:\/\/opinionpublica.com.ar\/index\/wp-content\/uploads\/2024\/10\/pablo-blanco-sesion-768x455.jpg 768w\" sizes=\"(max-width: 995px) 100vw, 995px\" \/><\/a><\/p>\n<p>Dado que el senador fueguino manifest\u00f3 sus aspiraciones reeleccionistas, se le pidi\u00f3 opini\u00f3n a Ybars sobre esta candidatura. \u201cNo he hablado con el senador, s\u00e9 que ha manifestado p\u00fablicamente que tiene intenciones de seguir y ponemos en valor el trabajo que viene haciendo en el Senado. Entiendo que es el senador con mayor preponderancia a nivel nacional que ha tenido nuestra provincia, por la importancia dentro del bloque de la UCR y por la trascendencia que ha tenido su accionar en defensa de la provincia. Ha sido realmente destacado su trabajo en el Senado y es una gran alternativa la de Pablo\u201d, expres\u00f3.<\/p>\n<p>&nbsp;<\/p>\n<p><strong>Campa\u00f1a virulenta<\/strong><\/p>\n<p>Ybars avizor\u00f3 una campa\u00f1a electoral \u201cmuy cargada de virulencia, generada por los extremos. Nosotros tenemos un gran trabajo de plantear una alternativa con una visi\u00f3n de futuro, m\u00e1s all\u00e1 de esta coyuntura. Es una posici\u00f3n bastante inc\u00f3moda, porque no sabemos cu\u00e1ntos o\u00eddos est\u00e1n abiertos para escuchar lo que puede plantear el radicalismo o esta construcci\u00f3n amplia, colectiva, plural y con potencia electoral, pero estamos convencidos de que ese es el camino\u201d, dijo.<\/p>\n<p>\u201cUno no se puede plantar estrictamente en la conveniencia electoral, sino que tiene que tener coherencia al momento de transitar y no cambiar del lado de la biblioteca en base a una coyuntura de si representa m\u00e1s o menos votos. Mantener la coherencia va a permitir al partido ser cre\u00edble a lo largo del tiempo\u201d, confi\u00f3.<\/p>\n<p>\u201cTenemos que buscar la estrategia electoral, sino, todo queda supeditado a los nombres. Plantarnos en los nombres nos parece muy simplista. Los diputados y senadores de nuestra provincia tienen que tener una mirada muy provincial y tener claridad en los ejes que se van a acompa\u00f1ar o rechazar a nivel nacional. Tienen que levantar la voz en defensa de la industria, de la soberan\u00eda, de la ampliaci\u00f3n de la matriz productiva. No puede ser que tengamos dirigentes a nivel nacional que no est\u00e9n golpeando puertas para que puedan venir esos m\u00e1s de 200 millones de d\u00f3lares que tenemos en el FAMP. Ah\u00ed no tiene que haber discusi\u00f3n\u201d, sentenci\u00f3.<\/p>\n<p>Consultado sobre algunas posturas ambivalentes de la UCR en el Congreso, diferenci\u00f3 que \u201ca m\u00ed me toca representar al radicalismo de la provincia, que ha sido claro en cada una de las posturas. El radicalismo dio qu\u00f3rum ahora para tratar temas que son urticantes y que La Libertad Avanza no quiere que se traten. En el Senado el radicalismo ha sido muy fuerte. El radicalismo a nivel nacional est\u00e1 representado por Mart\u00edn Lousteau, que es nuestro presidente, y claramente no ha acompa\u00f1ado a La Libertad Avanza, por eso ha sufrido ataques sistem\u00e1ticos. Hubo radicales que acompa\u00f1aron la ley bases, pero el radicalismo no es coautor de las medidas que se tomaron despu\u00e9s. Nosotros estamos en las ant\u00edpodas de lo que est\u00e1 haciendo el presidente con nuestra provincia, somos claros, nos manifestamos y ponemos palabra. No estamos siendo un radicalismo especulativo\u201d, concluy\u00f3.<\/p>\n<div class=\"addtoany_share_save_container addtoany_content addtoany_content_bottom\">\n<div class=\"a2a_kit a2a_kit_size_32 addtoany_list\" data-a2a-url=\"https:\/\/www.provincia23.com.ar\/2025\/07\/07\/la-ucr-aspira-a-encabezar-una-coalicion-en-contra-del-kirchnerismo-duro\/\" data-a2a-title=\"La UCR aspira a encabezar una coalici\u00f3n en contra del kirchnerismo duro\"><\/div>\n<\/div>\n<\/div>\n<\/article>\n<p><\/main><\/section>\n<\/div>\n","protected":false},"excerpt":{"rendered":"<p>La UCR aspira a encabezar una coalici\u00f3n en contra del kirchnerismo duro El presidente del radicalismo local, Maximiliano<\/p>\n","protected":false},"author":5,"featured_media":1949,"comment_status":"open","ping_status":"open","sticky":false,"template":"","format":"standard","meta":{"footnotes":""},"categories":[27,2],"tags":[2463,67,141],"class_list":["post-10231","post","type-post","status-publish","format-standard","has-post-thumbnail","hentry","category-politica","category-tierra-del-fuego","tag-maximiliano-ybars","tag-pablo-blanco","tag-ucr"],"featured_image_urls":{"full":["https:\/\/opinionpublica.com.ar\/index\/wp-content\/uploads\/2024\/04\/maximiliano-ybars.webp",1600,900,false],"thumbnail":["https:\/\/opinionpublica.com.ar\/index\/wp-content\/uploads\/2024\/04\/maximiliano-ybars-150x150.webp",150,150,true],"medium":["https:\/\/opinionpublica.com.ar\/index\/wp-content\/uploads\/2024\/04\/maximiliano-ybars-300x169.webp",300,169,true],"medium_large":["https:\/\/opinionpublica.com.ar\/index\/wp-content\/uploads\/2024\/04\/maximiliano-ybars-768x432.webp",640,360,true],"large":["https:\/\/opinionpublica.com.ar\/index\/wp-content\/uploads\/2024\/04\/maximiliano-ybars-1024x576.webp",640,360,true],"1536x1536":["https:\/\/opinionpublica.com.ar\/index\/wp-content\/uploads\/2024\/04\/maximiliano-ybars-1536x864.webp",1536,864,true],"2048x2048":["https:\/\/opinionpublica.com.ar\/index\/wp-content\/uploads\/2024\/04\/maximiliano-ybars.webp",1600,900,false],"morenews-large":["https:\/\/opinionpublica.com.ar\/index\/wp-content\/uploads\/2024\/04\/maximiliano-ybars-825x575.webp",825,575,true],"morenews-medium":["https:\/\/opinionpublica.com.ar\/index\/wp-content\/uploads\/2024\/04\/maximiliano-ybars-590x410.webp",590,410,true]},"author_info":{"display_name":"Hal","author_link":"https:\/\/opinionpublica.com.ar\/index\/author\/hal\/"},"category_info":"<a href=\"https:\/\/opinionpublica.com.ar\/index\/category\/politica\/\" rel=\"category tag\">Politica<\/a> <a href=\"https:\/\/opinionpublica.com.ar\/index\/category\/tierra-del-fuego\/\" rel=\"category tag\">Tierra del Fuego<\/a>","tag_info":"Tierra del Fuego","comment_count":"0","_links":{"self":[{"href":"https:\/\/opinionpublica.com.ar\/index\/wp-json\/wp\/v2\/posts\/10231","targetHints":{"allow":["GET"]}}],"collection":[{"href":"https:\/\/opinionpublica.com.ar\/index\/wp-json\/wp\/v2\/posts"}],"about":[{"href":"https:\/\/opinionpublica.com.ar\/index\/wp-json\/wp\/v2\/types\/post"}],"author":[{"embeddable":true,"href":"https:\/\/opinionpublica.com.ar\/index\/wp-json\/wp\/v2\/users\/5"}],"replies":[{"embeddable":true,"href":"https:\/\/opinionpublica.com.ar\/index\/wp-json\/wp\/v2\/comments?post=10231"}],"version-history":[{"count":1,"href":"https:\/\/opinionpublica.com.ar\/index\/wp-json\/wp\/v2\/posts\/10231\/revisions"}],"predecessor-version":[{"id":10233,"href":"https:\/\/opinionpublica.com.ar\/index\/wp-json\/wp\/v2\/posts\/10231\/revisions\/10233"}],"wp:featuredmedia":[{"embeddable":true,"href":"https:\/\/opinionpublica.com.ar\/index\/wp-json\/wp\/v2\/media\/1949"}],"wp:attachment":[{"href":"https:\/\/opinionpublica.com.ar\/index\/wp-json\/wp\/v2\/media?parent=10231"}],"wp:term":[{"taxonomy":"category","embeddable":true,"href":"https:\/\/opinionpublica.com.ar\/index\/wp-json\/wp\/v2\/categories?post=10231"},{"taxonomy":"post_tag","embeddable":true,"href":"https:\/\/opinionpublica.com.ar\/index\/wp-json\/wp\/v2\/tags?post=10231"}],"curies":[{"name":"wp","href":"https:\/\/api.w.org\/{rel}","templated":true}]}}