{"id":10293,"date":"2025-07-11T12:21:24","date_gmt":"2025-07-11T15:21:24","guid":{"rendered":"https:\/\/opinionpublica.com.ar\/index\/?p=10293"},"modified":"2025-07-11T12:22:09","modified_gmt":"2025-07-11T15:22:09","slug":"crece-la-planta-politica-en-ushuaia","status":"publish","type":"post","link":"https:\/\/opinionpublica.com.ar\/index\/crece-la-planta-politica-en-ushuaia\/","title":{"rendered":"Crece la planta pol\u00edtica en Ushuaia"},"content":{"rendered":"<p><strong>Crece la planta pol\u00edtica en Ushuaia: promesas de austeridad, n\u00fameros de despilfarro<\/strong><\/p>\n<p><a href=\"https:\/\/opinionpublica.com.ar\/index\/wp-content\/uploads\/2025\/07\/IMG-20250711-WA0008.jpg\"><img fetchpriority=\"high\" decoding=\"async\" class=\"alignnone size-full wp-image-10294\" src=\"https:\/\/opinionpublica.com.ar\/index\/wp-content\/uploads\/2025\/07\/IMG-20250711-WA0008.jpg\" alt=\"\" width=\"1125\" height=\"1432\" srcset=\"https:\/\/opinionpublica.com.ar\/index\/wp-content\/uploads\/2025\/07\/IMG-20250711-WA0008.jpg 1125w, https:\/\/opinionpublica.com.ar\/index\/wp-content\/uploads\/2025\/07\/IMG-20250711-WA0008-236x300.jpg 236w, https:\/\/opinionpublica.com.ar\/index\/wp-content\/uploads\/2025\/07\/IMG-20250711-WA0008-804x1024.jpg 804w, https:\/\/opinionpublica.com.ar\/index\/wp-content\/uploads\/2025\/07\/IMG-20250711-WA0008-768x978.jpg 768w, https:\/\/opinionpublica.com.ar\/index\/wp-content\/uploads\/2025\/07\/IMG-20250711-WA0008-1024x1303.jpg 1024w\" sizes=\"(max-width: 1125px) 100vw, 1125px\" \/><\/a><\/p>\n<p>Mientras el discurso oficial habla de recorte y eficiencia, los datos muestran un incremento alarmante del personal pol\u00edtico en la Municipalidad de Ushuaia y el Concejo Deliberante, con impacto directo en las finanzas provinciales.<\/p>\n<p>&nbsp;<\/p>\n<p>Una serie de gr\u00e1ficos y datos oficiales difundidos por el ex legislador provincial y empresario tur\u00edstico Oscar Rubinos revelan un crecimiento desmedido en la planta pol\u00edtica y no permanente de la Municipalidad de Ushuaia entre 2015 y 2025, durante las tres gestiones consecutivas del intendente Walter Vuoto.<\/p>\n<p>&nbsp;<\/p>\n<p>Lejos de cumplirse la promesa de reducir el gasto pol\u00edtico, las cifras indican todo lo contrario. La planta no permanente del Ejecutivo municipal se triplic\u00f3 en la \u00faltima d\u00e9cada, pasando de 126 personas en 2015 a 444 en 2025. A su vez, los cargos temporarios y de gabinete aumentaron de forma sostenida, generando una carga estructural para el presupuesto municipal.<\/p>\n<p><a href=\"https:\/\/opinionpublica.com.ar\/index\/wp-content\/uploads\/2024\/12\/seminario-trucho-768x431-walter-vuoto.jpg\"><img decoding=\"async\" class=\"alignnone size-full wp-image-7787\" src=\"https:\/\/opinionpublica.com.ar\/index\/wp-content\/uploads\/2024\/12\/seminario-trucho-768x431-walter-vuoto.jpg\" alt=\"\" width=\"768\" height=\"431\" srcset=\"https:\/\/opinionpublica.com.ar\/index\/wp-content\/uploads\/2024\/12\/seminario-trucho-768x431-walter-vuoto.jpg 768w, https:\/\/opinionpublica.com.ar\/index\/wp-content\/uploads\/2024\/12\/seminario-trucho-768x431-walter-vuoto-300x168.jpg 300w\" sizes=\"(max-width: 768px) 100vw, 768px\" \/><\/a><\/p>\n<p>En el Concejo Deliberante, la situaci\u00f3n es similar: se duplic\u00f3 el personal total (de 121 a 233 personas), y los cargos pol\u00edticos de gabinete casi se cuadruplicaron. Seg\u00fan Rubinos, estos incrementos no responden a necesidades operativas ni a mejoras en la calidad de los servicios p\u00fablicos. \u201cEs el uso del Estado como agencia de empleo pol\u00edtico\u201d, expres\u00f3.<\/p>\n<p>&nbsp;<\/p>\n<h3>M\u00e1s contratos, menos servicios<\/h3>\n<p>&nbsp;<\/p>\n<p>El crecimiento de la estructura municipal no se ha traducido en mejores servicios para los vecinos. Por el contrario, el desbalance entre planta permanente, no permanente y cargos pol\u00edticos refuerza la idea de una administraci\u00f3n sobredimensionada y poco eficiente.<\/p>\n<p>&nbsp;<\/p>\n<p>Desde el Ejecutivo local, el secretario de Gobierno C\u00e9sar Molina defendi\u00f3 el esquema actual, aunque evit\u00f3 confrontar con los datos difundidos. La respuesta lleg\u00f3 desde Rubinos, quien utiliz\u00f3 estad\u00edsticas oficiales para desmentir los argumentos del funcionario.<\/p>\n<p>&nbsp;<\/p>\n<h3>Un problema que trasciende la ciudad<\/h3>\n<p>&nbsp;<\/p>\n<p>El impacto del desmanejo no se limita a Ushuaia. Debido al crecimiento desproporcionado del gasto pol\u00edtico, la Municipalidad depende cada vez m\u00e1s de la asistencia financiera de la Provincia. Este esquema de dependencia termina afectando a todo el territorio fueguino: mientras R\u00edo Grande y Tolhuin mantienen estructuras m\u00e1s austeras, reciben menos fondos provinciales y enfrentan sus propias dificultades presupuestarias.<\/p>\n<p><a href=\"https:\/\/opinionpublica.com.ar\/index\/wp-content\/uploads\/2025\/05\/20250502031706_f7crgasw0aawdzx-ushuaia-invierno.jpg\"><img decoding=\"async\" class=\"alignnone size-full wp-image-9594\" src=\"https:\/\/opinionpublica.com.ar\/index\/wp-content\/uploads\/2025\/05\/20250502031706_f7crgasw0aawdzx-ushuaia-invierno.jpg\" alt=\"\" width=\"880\" height=\"586\" srcset=\"https:\/\/opinionpublica.com.ar\/index\/wp-content\/uploads\/2025\/05\/20250502031706_f7crgasw0aawdzx-ushuaia-invierno.jpg 880w, https:\/\/opinionpublica.com.ar\/index\/wp-content\/uploads\/2025\/05\/20250502031706_f7crgasw0aawdzx-ushuaia-invierno-300x200.jpg 300w, https:\/\/opinionpublica.com.ar\/index\/wp-content\/uploads\/2025\/05\/20250502031706_f7crgasw0aawdzx-ushuaia-invierno-768x511.jpg 768w\" sizes=\"(max-width: 880px) 100vw, 880px\" \/><\/a><\/p>\n<p>\u201cLo que crece no es la eficiencia del municipio, sino la cantidad de contratos\u201d, cuestion\u00f3 Rubinos, y advirti\u00f3 sobre las consecuencias de este modelo: m\u00e1s deuda, m\u00e1s presi\u00f3n sobre el Tesoro provincial y una distribuci\u00f3n inequitativa de los recursos.<\/p>\n<p>&nbsp;<\/p>\n<h3>Los n\u00fameros del descontrol<\/h3>\n<p>&nbsp;<\/p>\n<p><strong>Planta no permanente del Ejecutivo municipal<\/strong><\/p>\n<p>&nbsp;<\/p>\n<p>2015: 126 personas<\/p>\n<p>2025: 444 personas<\/p>\n<p>(Aumento del 252%)<\/p>\n<p>&nbsp;<\/p>\n<p><strong>Cargos de gabinete<\/strong><\/p>\n<p>Ejecutivo: de 55 (2015) a 154 (2025)<\/p>\n<p>Concejo Deliberante: de 56 (2015) a 67 (2025)<\/p>\n<p>&nbsp;<\/p>\n<p><strong>Total de personal en el Concejo Deliberante<\/strong><\/p>\n<p>2015: 121 personas<\/p>\n<p>2025: 233 personas<\/p>\n<p>(Aumento del 92%)<\/p>\n<p>&nbsp;<\/p>\n","protected":false},"excerpt":{"rendered":"<p>Crece la planta pol\u00edtica en Ushuaia: promesas de austeridad, n\u00fameros de despilfarro Mientras el discurso oficial habla de<\/p>\n","protected":false},"author":5,"featured_media":10294,"comment_status":"open","ping_status":"open","sticky":false,"template":"","format":"standard","meta":{"footnotes":""},"categories":[1096,21],"tags":[236,3538,538],"class_list":["post-10293","post","type-post","status-publish","format-standard","has-post-thumbnail","hentry","category-destacada","category-ushuaia","tag-aumento","tag-planta-politica","tag-walter-vuoto"],"featured_image_urls":{"full":["https:\/\/opinionpublica.com.ar\/index\/wp-content\/uploads\/2025\/07\/IMG-20250711-WA0008.jpg",1125,1432,false],"thumbnail":["https:\/\/opinionpublica.com.ar\/index\/wp-content\/uploads\/2025\/07\/IMG-20250711-WA0008-150x150.jpg",150,150,true],"medium":["https:\/\/opinionpublica.com.ar\/index\/wp-content\/uploads\/2025\/07\/IMG-20250711-WA0008-236x300.jpg",236,300,true],"medium_large":["https:\/\/opinionpublica.com.ar\/index\/wp-content\/uploads\/2025\/07\/IMG-20250711-WA0008-768x978.jpg",640,815,true],"large":["https:\/\/opinionpublica.com.ar\/index\/wp-content\/uploads\/2025\/07\/IMG-20250711-WA0008-804x1024.jpg",640,815,true],"1536x1536":["https:\/\/opinionpublica.com.ar\/index\/wp-content\/uploads\/2025\/07\/IMG-20250711-WA0008.jpg",1125,1432,false],"2048x2048":["https:\/\/opinionpublica.com.ar\/index\/wp-content\/uploads\/2025\/07\/IMG-20250711-WA0008.jpg",1125,1432,false],"morenews-large":["https:\/\/opinionpublica.com.ar\/index\/wp-content\/uploads\/2025\/07\/IMG-20250711-WA0008-825x575.jpg",825,575,true],"morenews-medium":["https:\/\/opinionpublica.com.ar\/index\/wp-content\/uploads\/2025\/07\/IMG-20250711-WA0008-590x410.jpg",590,410,true]},"author_info":{"display_name":"Hal","author_link":"https:\/\/opinionpublica.com.ar\/index\/author\/hal\/"},"category_info":"<a href=\"https:\/\/opinionpublica.com.ar\/index\/category\/destacada\/\" rel=\"category tag\">Destacada<\/a> <a href=\"https:\/\/opinionpublica.com.ar\/index\/category\/ushuaia\/\" rel=\"category tag\">Ushuaia<\/a>","tag_info":"Ushuaia","comment_count":"0","_links":{"self":[{"href":"https:\/\/opinionpublica.com.ar\/index\/wp-json\/wp\/v2\/posts\/10293","targetHints":{"allow":["GET"]}}],"collection":[{"href":"https:\/\/opinionpublica.com.ar\/index\/wp-json\/wp\/v2\/posts"}],"about":[{"href":"https:\/\/opinionpublica.com.ar\/index\/wp-json\/wp\/v2\/types\/post"}],"author":[{"embeddable":true,"href":"https:\/\/opinionpublica.com.ar\/index\/wp-json\/wp\/v2\/users\/5"}],"replies":[{"embeddable":true,"href":"https:\/\/opinionpublica.com.ar\/index\/wp-json\/wp\/v2\/comments?post=10293"}],"version-history":[{"count":1,"href":"https:\/\/opinionpublica.com.ar\/index\/wp-json\/wp\/v2\/posts\/10293\/revisions"}],"predecessor-version":[{"id":10295,"href":"https:\/\/opinionpublica.com.ar\/index\/wp-json\/wp\/v2\/posts\/10293\/revisions\/10295"}],"wp:featuredmedia":[{"embeddable":true,"href":"https:\/\/opinionpublica.com.ar\/index\/wp-json\/wp\/v2\/media\/10294"}],"wp:attachment":[{"href":"https:\/\/opinionpublica.com.ar\/index\/wp-json\/wp\/v2\/media?parent=10293"}],"wp:term":[{"taxonomy":"category","embeddable":true,"href":"https:\/\/opinionpublica.com.ar\/index\/wp-json\/wp\/v2\/categories?post=10293"},{"taxonomy":"post_tag","embeddable":true,"href":"https:\/\/opinionpublica.com.ar\/index\/wp-json\/wp\/v2\/tags?post=10293"}],"curies":[{"name":"wp","href":"https:\/\/api.w.org\/{rel}","templated":true}]}}