{"id":10315,"date":"2025-07-15T11:35:45","date_gmt":"2025-07-15T14:35:45","guid":{"rendered":"https:\/\/opinionpublica.com.ar\/index\/?p=10315"},"modified":"2025-07-15T11:35:45","modified_gmt":"2025-07-15T14:35:45","slug":"la-negociacion-entre-la-casa-rosada-y-los-gobernadores-sigue-sin-avances","status":"publish","type":"post","link":"https:\/\/opinionpublica.com.ar\/index\/la-negociacion-entre-la-casa-rosada-y-los-gobernadores-sigue-sin-avances\/","title":{"rendered":"La negociaci\u00f3n entre la Casa Rosada y los gobernadores sigue sin avances"},"content":{"rendered":"<p><strong>La negociaci\u00f3n entre la Casa Rosada y los gobernadores sigue sin avances y se analiza otra cumbre en el CFI<\/strong><\/p>\n<p>Hay conversaciones subterr\u00e1neas y un encuentro informal en la Rural pero no hubo propuestas concretas. Los mandatarios del PRO y la UCR se rearman para despu\u00e9s de las elecciones. La pelea con Villarruel, da\u00f1o colateral<\/p>\n<p><a href=\"https:\/\/opinionpublica.com.ar\/index\/wp-content\/uploads\/2024\/11\/wjp55GhKP_600x600__1-milei-uala.jpg\"><img fetchpriority=\"high\" decoding=\"async\" class=\"alignnone size-full wp-image-7053\" src=\"https:\/\/opinionpublica.com.ar\/index\/wp-content\/uploads\/2024\/11\/wjp55GhKP_600x600__1-milei-uala.jpg\" alt=\"\" width=\"600\" height=\"600\" srcset=\"https:\/\/opinionpublica.com.ar\/index\/wp-content\/uploads\/2024\/11\/wjp55GhKP_600x600__1-milei-uala.jpg 600w, https:\/\/opinionpublica.com.ar\/index\/wp-content\/uploads\/2024\/11\/wjp55GhKP_600x600__1-milei-uala-300x300.jpg 300w, https:\/\/opinionpublica.com.ar\/index\/wp-content\/uploads\/2024\/11\/wjp55GhKP_600x600__1-milei-uala-150x150.jpg 150w\" sizes=\"(max-width: 600px) 100vw, 600px\" \/><\/a><\/p>\n<p>Cinco d\u00edas despu\u00e9s de la dur\u00edsima derrota del oficialismo en el Senado, el Gobierno rechazaba a\u00fan una convocatoria formal a los gobernadores para negociar una contrapropuesta a los reclamos de las provincias que el jueves tuvieron media sanci\u00f3n, y en el calendario inmediato solo figuraba hasta ayer un encuentro informal convocado para el jueves en la Sociedad Rural por su anfitri\u00f3n en el que confluir\u00edan un buen grupo de mandatarios provinciales y el jefe de Gabinete, Guillermo Francos.<\/p>\n<p>&nbsp;<\/p>\n<p>No se trata de una reuni\u00f3n institucional, si no de una convocatoria de Nicol\u00e1s Pino, titular de La Rural, que invit\u00f3 a los gobernadores y a funcionarios del Ejecutivo, en lo que ser\u00eda el primer deshielo tras la tensi\u00f3n que se acumul\u00f3 en las \u00faltimas semanas y que tuvo su pico mayor el jueves, cuando los proyectos de distribuci\u00f3n de ATN y del impuesto a los combustibles tuvieron luz verde en el Senado, y la Casa Rosada recibi\u00f3 un rev\u00e9s extra con la sanci\u00f3n definitiva del paquete previsional.<\/p>\n<p>&nbsp;<\/p>\n<p>\u201cHay conversaciones permanentes y subterr\u00e1neas, pero no se va a llegar a ning\u00fan acuerdo macro, en todo caso ser\u00e1 alguna l\u00f3gica de convivencia con los gobernadores de Juntos\u201d, aseguraron en Casa Rosada en alusi\u00f3n a los mandatarios del PRO y la UCR. Esos gobernadores intercambiaron opiniones en los \u00faltimos d\u00edas y podr\u00edan tener una comunicaci\u00f3n virtual conjunta pr\u00f3ximamente, y los 23 jefes provinciales y el jefe de Gobierno porte\u00f1o volver\u00edan a reunirse en bloque en las oficinas del CFI de la calle Azopardo para delinear los pasos a seguir, en pleno receso parlamentario.<\/p>\n<p><a href=\"https:\/\/opinionpublica.com.ar\/index\/wp-content\/uploads\/2025\/04\/20250410031911_gobernadores.jpg\"><img decoding=\"async\" class=\"alignnone size-full wp-image-9322\" src=\"https:\/\/opinionpublica.com.ar\/index\/wp-content\/uploads\/2025\/04\/20250410031911_gobernadores.jpg\" alt=\"\" width=\"880\" height=\"586\" srcset=\"https:\/\/opinionpublica.com.ar\/index\/wp-content\/uploads\/2025\/04\/20250410031911_gobernadores.jpg 880w, https:\/\/opinionpublica.com.ar\/index\/wp-content\/uploads\/2025\/04\/20250410031911_gobernadores-300x200.jpg 300w, https:\/\/opinionpublica.com.ar\/index\/wp-content\/uploads\/2025\/04\/20250410031911_gobernadores-768x511.jpg 768w\" sizes=\"(max-width: 880px) 100vw, 880px\" \/><\/a><\/p>\n<p>El gobierno intentar\u00e1 aprovechar ese p\u00e1rate legislativo. La semana pasada, cuando la derrota en el Senado ya era un hecho, la Casa Rosada hizo algunos \u00faltimos intentos para amortiguar el golpe a trav\u00e9s de Eduardo \u201cLule\u201d Menem, Lisandro Catal\u00e1n y el propio Francos, el funcionario mejor valorado por los popes provinciales. Incluso el ministro de Econom\u00eda, Luis Caputo, que en la semana cen\u00f3 con Javier Milei en Olivos antes de la fallida vigilia del 9 de Julio en Tucum\u00e1n, prometi\u00f3 hacer algunas concesiones con alguna provincia en la previa de la sesi\u00f3n. \u201c\u2018Toto\u2019 est\u00e1 cada vez m\u00e1s metido en las decisiones\u201d, dijeron desde la oficina de un gobernador. Por el contrario, en las provincias notaron que hubo un corrimiento del consultor Santiago Caputo de las tratativas.<\/p>\n<p>&nbsp;<\/p>\n<p>Hasta ayer, el resultado de las negociaciones entre el Gobierno y las provincias era incierto, pero entre los jefes provinciales exist\u00edan varias certezas. Que el Gobierno hab\u00eda tomado nota de la mayor\u00eda alcanzada el jueves en el Senado y de que hab\u00eda quedado con escaso margen para no activar las conversaciones, aunque sea de manera sectorial. Y que hay altas chances de que la uni\u00f3n coyuntural de los mandatarios se extienda en el tiempo. \u201cDemostramos que tenemos n\u00famero suficiente para imponer algunas cosas como acuerdos para la Justicia o incluso hasta un juicio pol\u00edtico\u201d, advirti\u00f3 ayer un gobernador aliado que est\u00e1 cansado del destrato del Ejecutivo.<\/p>\n<p>&nbsp;<\/p>\n<p>En ese contexto, las comunicaciones entre los jefes provinciales se hicieron m\u00e1s intensas en los \u00faltimos tiempos, incluso entre dirigentes que, en otro contexto, deber\u00edan estar en plena disputa p\u00fablica de cara a las elecciones de octubre. Y los gobernadores del PRO y la UCR que todav\u00eda se referencian en ese paraguas que se llam\u00f3 Juntos por el Cambio empezaron a analizar con mayor seriedad una estrategia conjunta que intentar\u00e1n desplegar despu\u00e9s de las elecciones, en los inicios del pr\u00f3ximo a\u00f1o, con otro nombre -ya hay esbozos posibles- y una nueva impronta. Para presentar una opci\u00f3n renovada del proyecto que llev\u00f3 a Mauricio Macri en el 2015 a la Presidencia. Ese plan podr\u00eda incluir, por caso, a jefes provinciales del peronismo. Hay, en principio, algo asegurado: los bloques en el Congreso, tal como se conocen, tendr\u00e1n serias modificaciones despu\u00e9s del recambio del 10 de diciembre. \u00bfNace un nuevo espacio vinculado directamente a las provincias?<\/p>\n<p>&nbsp;<\/p>\n<p>En el Gobierno a\u00fan no hab\u00eda hasta este lunes una posici\u00f3n homog\u00e9nea en torno a qu\u00e9 respuesta dar a los proyectos de reparto de ATN e impuesto a los combustibles que, adem\u00e1s del reclamo econ\u00f3mico -la Naci\u00f3n recaudar\u00eda este a\u00f1o $1 bill\u00f3n solo de aportes del tesoro-, canalizaron el malhumor de las provincias por el destrato pol\u00edtico que recibieron en este a\u00f1o y medio de gesti\u00f3n libertaria. Azuzado, para colmo, por la estrategia de La Libertad Avanza que Karina Milei desparram\u00f3 en buena parte del pa\u00eds, y que alter\u00f3 los \u00e1nimos de algunos popes provinciales. El caso m\u00e1s emblem\u00e1tico es el de Corrientes, que trastoc\u00f3 el v\u00ednculo con Gustavo Vald\u00e9s.<\/p>\n<p>&nbsp;<\/p>\n<p>Desde la puesta en escena en Tucum\u00e1n con la firma del Pacto de Mayo, tras la aprobaci\u00f3n de la ley de bases y el paquete fiscal, no hubo ning\u00fan avance concreto. Peor a\u00fan: se cortaron casi todas las transferencias autom\u00e1ticas y empezaron a caer los ingresos por el reparto de la Coparticipaci\u00f3n. La acumulaci\u00f3n deriv\u00f3 en la convocatoria in\u00e9dita de las 23 provincias m\u00e1s la Jefatura del gobierno porte\u00f1o en el CFI, y la posterior presentaci\u00f3n de los dos proyectos de ley aprobados la semana pasada en el Senado.<\/p>\n<p>&nbsp;<\/p>\n<p>Hay gobernadores que incluso quieren aprovechar la movida para avanzar en el reclamo de otros temas. Por ejemplo, en la Patagonia, por las barreras sanitarias que protegen a los productores agropecuarios y que ya fue motivo de disputa entre mandatarios como Ignacio Torres, de Chubut, y la Casa Rosada.<\/p>\n<p>&nbsp;<\/p>\n<p>Menos complejo pero igual de incierto es para el Gobierno la sanci\u00f3n del paquete previsional que el presidente ya anunci\u00f3, como se preve\u00eda, que est\u00e1 pr\u00f3ximo a vetar. Para esa bater\u00eda de leyes, las negociaciones son menos trabajosas para el Ejecutivo porque los mandatarios del PRO y la UCR, y algunos del peronismo, ya demostraron en la sesi\u00f3n de la semana pasada que est\u00e1n dispuestos a acompa\u00f1ar la pol\u00edtica fiscal del oficialismo a\u00fan cuando no haya un gesto de reciprocidad. Las provincias supuestamente aliadas entienden que ese paquete s\u00ed podr\u00eda propinarle, a diferencia de los dos proyectos consensuados en el CFI, un golpe certero al programa fiscal implementado por \u201cToto\u201d Caputo. Los propios gobernadores creen, de hecho, que hay diputados que se manifestaron a favor de las provincias que est\u00e1n dispuestos a negociar con la Casa Rosada.<\/p>\n<p>&nbsp;<\/p>\n<p>En ese lote est\u00e1n incluidos los legisladores del bloque del PRO, cuya conducci\u00f3n, a cargo de Cristian Ritondo, enfocado en estos d\u00edas en el cierre de listas bonaerenses con La Libertad Avanza, tiene cada vez m\u00e1s dificultades para aglutinar a la tropa. Una vez terminado ese cierre, ser\u00e1 el turno de la Ciudad de Buenos Aires: cerca del ex presidente Macri dicen que propicia un entendimiento para la boleta de senadores de octubre de la capital que tiene muy altas chances de estar encabezada por Patricia Bullrich.<\/p>\n<p>&nbsp;<\/p>\n<p>La ministra de Seguridad fue la punta de lanza de la ofensiva final del gobierno, al menos p\u00fablicamente, contra Victoria Villarruel, una jugada con la que el Ejecutivo intent\u00f3 desviar la atenci\u00f3n de la derrota del jueves en el Senado. El domingo, Milei la recibi\u00f3 en Olivos para el desayuno y publicit\u00f3 el encuentro. Bullrich fue la primera, en la previa de la sesi\u00f3n en la C\u00e1mara alta, en reprocharle a la vicepresidenta su rol en ese debate del jueves. La escalada sigui\u00f3 hasta ayer, cuando Villarruel reposte\u00f3 un comentario en redes de Claudia Rucci en el que se aludi\u00f3 a una foto antigua de la ministra en compa\u00f1\u00eda de N\u00e9stor Kirchner y dirigentes del peronismo.<\/p>\n<p><a href=\"https:\/\/opinionpublica.com.ar\/index\/wp-content\/uploads\/2024\/11\/luis-caputo-ministro-economia.webp\"><img decoding=\"async\" class=\"alignnone size-full wp-image-7447\" src=\"https:\/\/opinionpublica.com.ar\/index\/wp-content\/uploads\/2024\/11\/luis-caputo-ministro-economia.webp\" alt=\"\" width=\"655\" height=\"368\" srcset=\"https:\/\/opinionpublica.com.ar\/index\/wp-content\/uploads\/2024\/11\/luis-caputo-ministro-economia.webp 655w, https:\/\/opinionpublica.com.ar\/index\/wp-content\/uploads\/2024\/11\/luis-caputo-ministro-economia-300x169.webp 300w\" sizes=\"(max-width: 655px) 100vw, 655px\" \/><\/a><\/p>\n<p>La pelea entre el Gobierno y la vicepresidenta es cada vez m\u00e1s descarnada, no tiene vuelta atr\u00e1s, y es parte de una transici\u00f3n plagada de tensi\u00f3n pol\u00edtica que Milei pretende despejar con un resultado favorable en octubre, para revalidar el proyecto de LLA y engrosar la tropa libertaria en el Congreso.<\/p>\n<p>&nbsp;<\/p>\n<p>Por eso, en parte, el apuro de los gobernadores para forzar al Ejecutivo a liberar fondos y torcerle el brazo en una pol\u00edtica fiscal en la que Milei ancl\u00f3, hasta ahora, su programa de gobierno. El fin de semana, Federico Sturzenegger se mostr\u00f3 abierto a que el presidente no vetara el reparto de ATN impulsado por los jefes provinciales, con la excusa de que, de esa manera, se podr\u00eda pensar en una modificaci\u00f3n de la coparticipaci\u00f3n federal desde el Congreso. Fue desacreditado extraoficialmente por voceros de la Casa Rosada. Con el resultado a\u00fan incierto, los gobernadores mantienen un reclamo homog\u00e9neo y una premisa: esta vez, no est\u00e1n dispuestos a ceder de manera gratuita.<\/p>\n<p>&nbsp;<\/p>\n","protected":false},"excerpt":{"rendered":"<p>La negociaci\u00f3n entre la Casa Rosada y los gobernadores sigue sin avances y se analiza otra cumbre en<\/p>\n","protected":false},"author":5,"featured_media":7053,"comment_status":"open","ping_status":"open","sticky":false,"template":"","format":"standard","meta":{"footnotes":""},"categories":[3],"tags":[2544,335,107,692,3621,756,141,524],"class_list":["post-10315","post","type-post","status-publish","format-standard","has-post-thumbnail","hentry","category-nacionales","tag-cfi","tag-coparticipacion","tag-gobernadores","tag-javier-milei","tag-la-rural","tag-pro","tag-ucr","tag-ultimas-noticias"],"featured_image_urls":{"full":["https:\/\/opinionpublica.com.ar\/index\/wp-content\/uploads\/2024\/11\/wjp55GhKP_600x600__1-milei-uala.jpg",600,600,false],"thumbnail":["https:\/\/opinionpublica.com.ar\/index\/wp-content\/uploads\/2024\/11\/wjp55GhKP_600x600__1-milei-uala-150x150.jpg",150,150,true],"medium":["https:\/\/opinionpublica.com.ar\/index\/wp-content\/uploads\/2024\/11\/wjp55GhKP_600x600__1-milei-uala-300x300.jpg",300,300,true],"medium_large":["https:\/\/opinionpublica.com.ar\/index\/wp-content\/uploads\/2024\/11\/wjp55GhKP_600x600__1-milei-uala.jpg",600,600,false],"large":["https:\/\/opinionpublica.com.ar\/index\/wp-content\/uploads\/2024\/11\/wjp55GhKP_600x600__1-milei-uala.jpg",600,600,false],"1536x1536":["https:\/\/opinionpublica.com.ar\/index\/wp-content\/uploads\/2024\/11\/wjp55GhKP_600x600__1-milei-uala.jpg",600,600,false],"2048x2048":["https:\/\/opinionpublica.com.ar\/index\/wp-content\/uploads\/2024\/11\/wjp55GhKP_600x600__1-milei-uala.jpg",600,600,false],"morenews-large":["https:\/\/opinionpublica.com.ar\/index\/wp-content\/uploads\/2024\/11\/wjp55GhKP_600x600__1-milei-uala-600x575.jpg",600,575,true],"morenews-medium":["https:\/\/opinionpublica.com.ar\/index\/wp-content\/uploads\/2024\/11\/wjp55GhKP_600x600__1-milei-uala-590x410.jpg",590,410,true]},"author_info":{"display_name":"Hal","author_link":"https:\/\/opinionpublica.com.ar\/index\/author\/hal\/"},"category_info":"<a href=\"https:\/\/opinionpublica.com.ar\/index\/category\/nacionales\/\" rel=\"category tag\">Nacionales<\/a>","tag_info":"Nacionales","comment_count":"0","_links":{"self":[{"href":"https:\/\/opinionpublica.com.ar\/index\/wp-json\/wp\/v2\/posts\/10315","targetHints":{"allow":["GET"]}}],"collection":[{"href":"https:\/\/opinionpublica.com.ar\/index\/wp-json\/wp\/v2\/posts"}],"about":[{"href":"https:\/\/opinionpublica.com.ar\/index\/wp-json\/wp\/v2\/types\/post"}],"author":[{"embeddable":true,"href":"https:\/\/opinionpublica.com.ar\/index\/wp-json\/wp\/v2\/users\/5"}],"replies":[{"embeddable":true,"href":"https:\/\/opinionpublica.com.ar\/index\/wp-json\/wp\/v2\/comments?post=10315"}],"version-history":[{"count":1,"href":"https:\/\/opinionpublica.com.ar\/index\/wp-json\/wp\/v2\/posts\/10315\/revisions"}],"predecessor-version":[{"id":10316,"href":"https:\/\/opinionpublica.com.ar\/index\/wp-json\/wp\/v2\/posts\/10315\/revisions\/10316"}],"wp:featuredmedia":[{"embeddable":true,"href":"https:\/\/opinionpublica.com.ar\/index\/wp-json\/wp\/v2\/media\/7053"}],"wp:attachment":[{"href":"https:\/\/opinionpublica.com.ar\/index\/wp-json\/wp\/v2\/media?parent=10315"}],"wp:term":[{"taxonomy":"category","embeddable":true,"href":"https:\/\/opinionpublica.com.ar\/index\/wp-json\/wp\/v2\/categories?post=10315"},{"taxonomy":"post_tag","embeddable":true,"href":"https:\/\/opinionpublica.com.ar\/index\/wp-json\/wp\/v2\/tags?post=10315"}],"curies":[{"name":"wp","href":"https:\/\/api.w.org\/{rel}","templated":true}]}}