{"id":10324,"date":"2025-07-15T11:55:55","date_gmt":"2025-07-15T14:55:55","guid":{"rendered":"https:\/\/opinionpublica.com.ar\/index\/?p=10324"},"modified":"2025-07-15T11:55:55","modified_gmt":"2025-07-15T14:55:55","slug":"pasajes-por-las-nubes-en-vacaciones-de-invierno","status":"publish","type":"post","link":"https:\/\/opinionpublica.com.ar\/index\/pasajes-por-las-nubes-en-vacaciones-de-invierno\/","title":{"rendered":"Pasajes por las nubes en vacaciones de invierno"},"content":{"rendered":"<p><strong>Pasajes por las nubes en vacaciones de invierno<\/strong><\/p>\n<p>El costo de viajar en avi\u00f3n para los fueguinos se ha vuelto inalcanzable en los \u00faltimos tiempos debido al incremento tarifario. Si bien pueden llegar a encontrarse tarifas promocionales, el valor de los boletos a\u00e9reos ida y vuelta Ushuaia-Buenos Aires, puede superar el mill\u00f3n de pesos.<\/p>\n<p><a href=\"https:\/\/opinionpublica.com.ar\/index\/wp-content\/uploads\/2024\/05\/aerolineas-argentinas-3.jpg\"><img fetchpriority=\"high\" decoding=\"async\" class=\"alignnone size-full wp-image-3344\" src=\"https:\/\/opinionpublica.com.ar\/index\/wp-content\/uploads\/2024\/05\/aerolineas-argentinas-3.jpg\" alt=\"\" width=\"960\" height=\"640\" srcset=\"https:\/\/opinionpublica.com.ar\/index\/wp-content\/uploads\/2024\/05\/aerolineas-argentinas-3.jpg 960w, https:\/\/opinionpublica.com.ar\/index\/wp-content\/uploads\/2024\/05\/aerolineas-argentinas-3-300x200.jpg 300w, https:\/\/opinionpublica.com.ar\/index\/wp-content\/uploads\/2024\/05\/aerolineas-argentinas-3-768x512.jpg 768w\" sizes=\"(max-width: 960px) 100vw, 960px\" \/><\/a><\/p>\n<p>El sue\u00f1o de muchos fueguinos es poder viajar en vacaciones de invierno para disfrutar y tambi\u00e9n tomarse un merecido descanso tras un primer semestre de trabajo. No obstante, durante el receso escolar, el costo de los pasajes a\u00e9reos est\u00e1 al alcance de unos pocos en un contexto en el cual los salarios cada vez alcanzan menos.<\/p>\n<p>&nbsp;<\/p>\n<p>Un r\u00e1pido repaso por la p\u00e1gina de Aerol\u00edneas Argentinas da cuenta de la exorbitante tarifa. Si bien el sistema sugiere, con mucha suerte, y como mejor precio del mes, el tramo de vuelta por 175 mil pesos, lo m\u00e1s habitual es que las tarifas superen, por tramo, los 455 mil pesos, pudiendo superar asimismo los 580 mil pesos y hasta los 774 mil.<\/p>\n<p>&nbsp;<\/p>\n<p>Si bien una buena noticia es que Tierra del Fuego contar\u00e1 con m\u00e1s de 60 vuelos semanales en temporada invernal y los operados por Aerol\u00edneas Argentinas estar\u00e1n distribuidos con 42 frecuencias desde Buenos Aires, 7 desde El Calafate y 1 desde C\u00f3rdoba, y adem\u00e1s se suman 5 vuelos adicionales en la primera quincena de agosto. Tambi\u00e9n habr\u00e1 7 vuelos de Flybondi y 7 de Jetsmart, est\u00e1s medidas parecieran contribuir solo al turismo receptivo dado que para los residentes en la isla, se torna cada vez m\u00e1s complicado acceder al transporte a\u00e9reo a pesar de ser una provincia aero dependiente.<\/p>\n<p>&nbsp;<\/p>\n<p>Pensar en un merecido descanso o en aprovechar el receso invernal para visitar parientes o amigos seguir\u00e1 siendo el gusto que podr\u00e1n darse solo unos pocos.<\/p>\n<p>&nbsp;<\/p>\n<p>&nbsp;<\/p>\n","protected":false},"excerpt":{"rendered":"<p>Pasajes por las nubes en vacaciones de invierno El costo de viajar en avi\u00f3n para los fueguinos se<\/p>\n","protected":false},"author":5,"featured_media":7088,"comment_status":"open","ping_status":"open","sticky":false,"template":"","format":"standard","meta":{"footnotes":""},"categories":[2,23],"tags":[3623,1322],"class_list":["post-10324","post","type-post","status-publish","format-standard","has-post-thumbnail","hentry","category-tierra-del-fuego","category-turismo","tag-pasajes","tag-vacaciones-de-invierno"],"featured_image_urls":{"full":["https:\/\/opinionpublica.com.ar\/index\/wp-content\/uploads\/2024\/11\/3G9Mc11Bm_600x600__1-aerolineas.jpg",600,600,false],"thumbnail":["https:\/\/opinionpublica.com.ar\/index\/wp-content\/uploads\/2024\/11\/3G9Mc11Bm_600x600__1-aerolineas-150x150.jpg",150,150,true],"medium":["https:\/\/opinionpublica.com.ar\/index\/wp-content\/uploads\/2024\/11\/3G9Mc11Bm_600x600__1-aerolineas-300x300.jpg",300,300,true],"medium_large":["https:\/\/opinionpublica.com.ar\/index\/wp-content\/uploads\/2024\/11\/3G9Mc11Bm_600x600__1-aerolineas.jpg",600,600,false],"large":["https:\/\/opinionpublica.com.ar\/index\/wp-content\/uploads\/2024\/11\/3G9Mc11Bm_600x600__1-aerolineas.jpg",600,600,false],"1536x1536":["https:\/\/opinionpublica.com.ar\/index\/wp-content\/uploads\/2024\/11\/3G9Mc11Bm_600x600__1-aerolineas.jpg",600,600,false],"2048x2048":["https:\/\/opinionpublica.com.ar\/index\/wp-content\/uploads\/2024\/11\/3G9Mc11Bm_600x600__1-aerolineas.jpg",600,600,false],"morenews-large":["https:\/\/opinionpublica.com.ar\/index\/wp-content\/uploads\/2024\/11\/3G9Mc11Bm_600x600__1-aerolineas-600x575.jpg",600,575,true],"morenews-medium":["https:\/\/opinionpublica.com.ar\/index\/wp-content\/uploads\/2024\/11\/3G9Mc11Bm_600x600__1-aerolineas-590x410.jpg",590,410,true]},"author_info":{"display_name":"Hal","author_link":"https:\/\/opinionpublica.com.ar\/index\/author\/hal\/"},"category_info":"<a href=\"https:\/\/opinionpublica.com.ar\/index\/category\/tierra-del-fuego\/\" rel=\"category tag\">Tierra del Fuego<\/a> <a href=\"https:\/\/opinionpublica.com.ar\/index\/category\/turismo\/\" rel=\"category tag\">Turismo<\/a>","tag_info":"Turismo","comment_count":"0","_links":{"self":[{"href":"https:\/\/opinionpublica.com.ar\/index\/wp-json\/wp\/v2\/posts\/10324","targetHints":{"allow":["GET"]}}],"collection":[{"href":"https:\/\/opinionpublica.com.ar\/index\/wp-json\/wp\/v2\/posts"}],"about":[{"href":"https:\/\/opinionpublica.com.ar\/index\/wp-json\/wp\/v2\/types\/post"}],"author":[{"embeddable":true,"href":"https:\/\/opinionpublica.com.ar\/index\/wp-json\/wp\/v2\/users\/5"}],"replies":[{"embeddable":true,"href":"https:\/\/opinionpublica.com.ar\/index\/wp-json\/wp\/v2\/comments?post=10324"}],"version-history":[{"count":1,"href":"https:\/\/opinionpublica.com.ar\/index\/wp-json\/wp\/v2\/posts\/10324\/revisions"}],"predecessor-version":[{"id":10325,"href":"https:\/\/opinionpublica.com.ar\/index\/wp-json\/wp\/v2\/posts\/10324\/revisions\/10325"}],"wp:featuredmedia":[{"embeddable":true,"href":"https:\/\/opinionpublica.com.ar\/index\/wp-json\/wp\/v2\/media\/7088"}],"wp:attachment":[{"href":"https:\/\/opinionpublica.com.ar\/index\/wp-json\/wp\/v2\/media?parent=10324"}],"wp:term":[{"taxonomy":"category","embeddable":true,"href":"https:\/\/opinionpublica.com.ar\/index\/wp-json\/wp\/v2\/categories?post=10324"},{"taxonomy":"post_tag","embeddable":true,"href":"https:\/\/opinionpublica.com.ar\/index\/wp-json\/wp\/v2\/tags?post=10324"}],"curies":[{"name":"wp","href":"https:\/\/api.w.org\/{rel}","templated":true}]}}