{"id":10360,"date":"2025-07-18T10:49:20","date_gmt":"2025-07-18T13:49:20","guid":{"rendered":"https:\/\/opinionpublica.com.ar\/index\/?p=10360"},"modified":"2025-07-18T10:49:20","modified_gmt":"2025-07-18T13:49:20","slug":"el-gobierno-recibira-a-cornejo-en-representacion-de-las-provincias","status":"publish","type":"post","link":"https:\/\/opinionpublica.com.ar\/index\/el-gobierno-recibira-a-cornejo-en-representacion-de-las-provincias\/","title":{"rendered":"El Gobierno recibir\u00e1 a Cornejo en representaci\u00f3n de las provincias"},"content":{"rendered":"<p><strong>El Gobierno recibir\u00e1 a Cornejo en representaci\u00f3n de las provincias, pero no tiene apuro por negociar<\/strong><\/p>\n<p>La foto de Francos con gobernadores en la Sociedad Rural fue un acto de \u201ccordialidad\u201d de todas las partes. El encuentro con el mandatario de Mendoza ser\u00e1 el lunes por el Consejo de Mayo<\/p>\n<p><a href=\"https:\/\/opinionpublica.com.ar\/index\/wp-content\/uploads\/2025\/07\/guillermo-francos-con-gobernadores-en-la-rural-2063853.webp\"><img fetchpriority=\"high\" decoding=\"async\" class=\"alignnone size-full wp-image-10362\" src=\"https:\/\/opinionpublica.com.ar\/index\/wp-content\/uploads\/2025\/07\/guillermo-francos-con-gobernadores-en-la-rural-2063853.webp\" alt=\"\" width=\"900\" height=\"505\" srcset=\"https:\/\/opinionpublica.com.ar\/index\/wp-content\/uploads\/2025\/07\/guillermo-francos-con-gobernadores-en-la-rural-2063853.webp 900w, https:\/\/opinionpublica.com.ar\/index\/wp-content\/uploads\/2025\/07\/guillermo-francos-con-gobernadores-en-la-rural-2063853-300x168.webp 300w, https:\/\/opinionpublica.com.ar\/index\/wp-content\/uploads\/2025\/07\/guillermo-francos-con-gobernadores-en-la-rural-2063853-768x431.webp 768w\" sizes=\"(max-width: 900px) 100vw, 900px\" \/><\/a><\/p>\n<p>Luego de relativizar el nivel de conflicto entre la Casa Rosada y los gobernadores, Guillermo Francos fue anoche finalmente a La Rural para participar de una convocatoria de la Sociedad Rural Argentina con varios mandatarios, y el lunes se mantiene la reuni\u00f3n del Consejo de Mayo de la que participar\u00e1, en representaci\u00f3n de las provincias, el mandatario mendocino, Alfredo Cornejo.<\/p>\n<p>&nbsp;<\/p>\n<p>Sin embargo, la v\u00eda de un acuerdo no est\u00e1 avanzada, y en el Gobierno no tienen apuro. \u201cNi siquiera hay fecha para el debate en Diputados\u201d, dijeron en un despacho de Balcarce 50 para justificar la calma con la que llevan los contactos con las provincias en pleno fuego cruzado. Es cierto que las autoridades de la C\u00e1mara baja, que responden a Mart\u00edn Menem, no convocaron a\u00fan a las comisiones, y menos, a sesi\u00f3n para tratar los temas que inquietan a los caciques del interior. Al contrario: seg\u00fan dejan trascender, aspiran a no hacerlo hasta que est\u00e9 empezado agosto, cuando haya pasado el receso invernal. Dilatar\u00e1n lo m\u00e1s posible el debate.<\/p>\n<p>&nbsp;<\/p>\n<p>Asistir anoche a La Rural por segunda vez en el d\u00eda fue una se\u00f1al de Francos orientada a Nicol\u00e1s Pino, titular de la SRA, quien llam\u00f3 al encuentro a todos los gobernadores y el jefe de Gabinete. Pero no tuvo que ver con la situaci\u00f3n con los gobernadores. \u201cNunca estuvo planeado que fuera una charla para resolver nada\u201d, dijeron en la Jefatura de Gabinete, luego de que las provincias percibieran un intento del Gobierno para simular una conversaci\u00f3n paliativa que no consideraban v\u00e1lida para responder a sus reclamos.<\/p>\n<p>&nbsp;<\/p>\n<p><a href=\"https:\/\/opinionpublica.com.ar\/index\/wp-content\/uploads\/2025\/07\/guillermo-francos-con-gobernadores-en-la-rural-2063852.jpg\"><img decoding=\"async\" class=\"alignnone size-full wp-image-10361\" src=\"https:\/\/opinionpublica.com.ar\/index\/wp-content\/uploads\/2025\/07\/guillermo-francos-con-gobernadores-en-la-rural-2063852.jpg\" alt=\"\" width=\"987\" height=\"555\" srcset=\"https:\/\/opinionpublica.com.ar\/index\/wp-content\/uploads\/2025\/07\/guillermo-francos-con-gobernadores-en-la-rural-2063852.jpg 987w, https:\/\/opinionpublica.com.ar\/index\/wp-content\/uploads\/2025\/07\/guillermo-francos-con-gobernadores-en-la-rural-2063852-300x169.jpg 300w, https:\/\/opinionpublica.com.ar\/index\/wp-content\/uploads\/2025\/07\/guillermo-francos-con-gobernadores-en-la-rural-2063852-768x432.jpg 768w\" sizes=\"(max-width: 987px) 100vw, 987px\" \/><\/a><\/p>\n<p>En Gobierno s\u00f3lo cedieron con un detalle: \u201cEn todo caso, habr\u00e1 una foto pol\u00edtica\u201d, dijeron ayer por la tarde, cuidadosos de no dar se\u00f1ales de m\u00e1s, ni de menos en un momento delicado para la relaci\u00f3n con el interior, que perjudica los planes del Gobierno en el Congreso. De hecho, admitieron, por lo bajo, que el que corre es el peor momento para el v\u00ednculo desde que asumieron.<\/p>\n<p>&nbsp;<\/p>\n<p>En el ala pol\u00edtica no toman estos problemas como graves ni producto de una mala praxis en el arte de la negociaci\u00f3n. \u201cBastante bien estuvimos este a\u00f1o y medio de gobierno\u201d, dijeron.<\/p>\n<p>&nbsp;<\/p>\n<p>&nbsp;<\/p>\n<p>Del lado de los gobernadores miden, seg\u00fan el distrito, la conveniencia de sellar sendos acuerdos en sus propios terru\u00f1os. Anoche, tras las idas y vueltas de los mandatarios y las dudas sobre qui\u00e9nes asistir\u00edan y qui\u00e9nes faltar\u00edan, finalmente se presentaron Ignacio Torres, Rogelio Frigerio, Marcelo Orrego; Sergio Zilloto; Gustavo S\u00e1enz; Carlos Sadir; Ra\u00fal Jalil y Jorge Macri.<\/p>\n<p>&nbsp;<\/p>\n<p>La charla se dio en un clima de cordialidad. Pero no hay un plan de impulsar m\u00e1s contactos, en p\u00fablico, por ahora, seg\u00fan dijeron en la Casa Rosada. S\u00ed, aclaran, siguen los \u201cdi\u00e1logos\u201d de Francos con ciertos gobernadores.<\/p>\n<p>&nbsp;<\/p>\n<p>El lunes vendr\u00e1n las perspectivas y especulaciones en torno a la presencia de Cornejo, representante de las provincias, ante el Consejo de Mayo. Es uno de los gobernadores aliados del Ejecutivo. Pero en la Naci\u00f3n aseguran que la agenda del encuentro se mantendr\u00e1 en secreto. \u201cLa decisi\u00f3n es no comunicar lo que se va haciendo sino publicar el resultado final a fin de a\u00f1o\u201d, sostuvieron.<\/p>\n<p>&nbsp;<\/p>\n<p>Quieren evitar que las opiniones atraviesen la labor de esa instancia de convergencia de sindicalistas, empresarios, el Congreso y el Ejecutivo que impuls\u00f3 Milei, con dificultades y atrasos, el a\u00f1o pasado y que pudo reunirse por primera vez reci\u00e9n hace tres semanas.<\/p>\n<p><a href=\"https:\/\/opinionpublica.com.ar\/index\/wp-content\/uploads\/2024\/07\/francos-melella-1.jpg\"><img decoding=\"async\" class=\"alignnone size-full wp-image-4593\" src=\"https:\/\/opinionpublica.com.ar\/index\/wp-content\/uploads\/2024\/07\/francos-melella-1.jpg\" alt=\"\" width=\"794\" height=\"513\" srcset=\"https:\/\/opinionpublica.com.ar\/index\/wp-content\/uploads\/2024\/07\/francos-melella-1.jpg 794w, https:\/\/opinionpublica.com.ar\/index\/wp-content\/uploads\/2024\/07\/francos-melella-1-300x194.jpg 300w, https:\/\/opinionpublica.com.ar\/index\/wp-content\/uploads\/2024\/07\/francos-melella-1-768x496.jpg 768w\" sizes=\"(max-width: 794px) 100vw, 794px\" \/><\/a><\/p>\n<p>Mientras tanto, los proyectos de los gobernadores sobre ATN e Impuesto a los Combustibles, que tienen media sanci\u00f3n del Senado, ya entraron a Diputados, y ser\u00e1n tratados en las comisiones de Presupuesto y Hacienda y Combustibles.<\/p>\n<p>&nbsp;<\/p>\n<p>El Gobierno ya avis\u00f3, en la voz de Francos, que la decisi\u00f3n de Milei de vetarlos en caso de que prosperen est\u00e1 firme como el primer d\u00eda. Est\u00e1n convencidos de que los reclamos de los gobernadores tienen fines pol\u00edticos, no econ\u00f3micos. Y creen que la respuesta debe ser pol\u00edtica.<\/p>\n<p>&nbsp;<\/p>\n<p>&nbsp;<\/p>\n","protected":false},"excerpt":{"rendered":"<p>El Gobierno recibir\u00e1 a Cornejo en representaci\u00f3n de las provincias, pero no tiene apuro por negociar La foto<\/p>\n","protected":false},"author":5,"featured_media":10361,"comment_status":"open","ping_status":"open","sticky":false,"template":"","format":"standard","meta":{"footnotes":""},"categories":[3],"tags":[3632,107,112,453,692,3633,3635,3634],"class_list":["post-10360","post","type-post","status-publish","format-standard","has-post-thumbnail","hentry","category-nacionales","tag-consejo-de-mayo","tag-gobernadores","tag-gobierno","tag-guillermo-francos","tag-javier-milei","tag-jefatura-de-gabinete","tag-nicolas-pino","tag-sociedad-rural"],"featured_image_urls":{"full":["https:\/\/opinionpublica.com.ar\/index\/wp-content\/uploads\/2025\/07\/guillermo-francos-con-gobernadores-en-la-rural-2063852.jpg",987,555,false],"thumbnail":["https:\/\/opinionpublica.com.ar\/index\/wp-content\/uploads\/2025\/07\/guillermo-francos-con-gobernadores-en-la-rural-2063852-150x150.jpg",150,150,true],"medium":["https:\/\/opinionpublica.com.ar\/index\/wp-content\/uploads\/2025\/07\/guillermo-francos-con-gobernadores-en-la-rural-2063852-300x169.jpg",300,169,true],"medium_large":["https:\/\/opinionpublica.com.ar\/index\/wp-content\/uploads\/2025\/07\/guillermo-francos-con-gobernadores-en-la-rural-2063852-768x432.jpg",640,360,true],"large":["https:\/\/opinionpublica.com.ar\/index\/wp-content\/uploads\/2025\/07\/guillermo-francos-con-gobernadores-en-la-rural-2063852.jpg",640,360,false],"1536x1536":["https:\/\/opinionpublica.com.ar\/index\/wp-content\/uploads\/2025\/07\/guillermo-francos-con-gobernadores-en-la-rural-2063852.jpg",987,555,false],"2048x2048":["https:\/\/opinionpublica.com.ar\/index\/wp-content\/uploads\/2025\/07\/guillermo-francos-con-gobernadores-en-la-rural-2063852.jpg",987,555,false],"morenews-large":["https:\/\/opinionpublica.com.ar\/index\/wp-content\/uploads\/2025\/07\/guillermo-francos-con-gobernadores-en-la-rural-2063852-825x555.jpg",825,555,true],"morenews-medium":["https:\/\/opinionpublica.com.ar\/index\/wp-content\/uploads\/2025\/07\/guillermo-francos-con-gobernadores-en-la-rural-2063852-590x410.jpg",590,410,true]},"author_info":{"display_name":"Hal","author_link":"https:\/\/opinionpublica.com.ar\/index\/author\/hal\/"},"category_info":"<a href=\"https:\/\/opinionpublica.com.ar\/index\/category\/nacionales\/\" rel=\"category tag\">Nacionales<\/a>","tag_info":"Nacionales","comment_count":"0","_links":{"self":[{"href":"https:\/\/opinionpublica.com.ar\/index\/wp-json\/wp\/v2\/posts\/10360","targetHints":{"allow":["GET"]}}],"collection":[{"href":"https:\/\/opinionpublica.com.ar\/index\/wp-json\/wp\/v2\/posts"}],"about":[{"href":"https:\/\/opinionpublica.com.ar\/index\/wp-json\/wp\/v2\/types\/post"}],"author":[{"embeddable":true,"href":"https:\/\/opinionpublica.com.ar\/index\/wp-json\/wp\/v2\/users\/5"}],"replies":[{"embeddable":true,"href":"https:\/\/opinionpublica.com.ar\/index\/wp-json\/wp\/v2\/comments?post=10360"}],"version-history":[{"count":1,"href":"https:\/\/opinionpublica.com.ar\/index\/wp-json\/wp\/v2\/posts\/10360\/revisions"}],"predecessor-version":[{"id":10363,"href":"https:\/\/opinionpublica.com.ar\/index\/wp-json\/wp\/v2\/posts\/10360\/revisions\/10363"}],"wp:featuredmedia":[{"embeddable":true,"href":"https:\/\/opinionpublica.com.ar\/index\/wp-json\/wp\/v2\/media\/10361"}],"wp:attachment":[{"href":"https:\/\/opinionpublica.com.ar\/index\/wp-json\/wp\/v2\/media?parent=10360"}],"wp:term":[{"taxonomy":"category","embeddable":true,"href":"https:\/\/opinionpublica.com.ar\/index\/wp-json\/wp\/v2\/categories?post=10360"},{"taxonomy":"post_tag","embeddable":true,"href":"https:\/\/opinionpublica.com.ar\/index\/wp-json\/wp\/v2\/tags?post=10360"}],"curies":[{"name":"wp","href":"https:\/\/api.w.org\/{rel}","templated":true}]}}