{"id":10429,"date":"2025-07-22T13:18:39","date_gmt":"2025-07-22T16:18:39","guid":{"rendered":"https:\/\/opinionpublica.com.ar\/index\/?p=10429"},"modified":"2025-07-22T13:18:39","modified_gmt":"2025-07-22T16:18:39","slug":"redisenan-el-cartel-de-ushuaia","status":"publish","type":"post","link":"https:\/\/opinionpublica.com.ar\/index\/redisenan-el-cartel-de-ushuaia\/","title":{"rendered":"Redise\u00f1an el cartel de Ushuaia"},"content":{"rendered":"<div class=\"row pb3p\">\n<div class=\"pt3p pb3p col-offset-0 col-md-offset-1 col-12 col-md-11 nota-encabezado\">\n<p class=\"ftitulo cblack fz43 mb15 bold lh50\"><strong>Redise\u00f1an el cartel de Ushuaia y trasladar\u00e1n el original a un museo local<\/strong><\/p>\n<p class=\"fparrafo ctext fz18 lh25\">La emblem\u00e1tica se\u00f1al de bienvenida ser\u00e1 reemplazada tras un concurso arquitect\u00f3nico. El cartel original ser\u00e1 conservado como patrimonio en un espacio muse\u00edstico.<\/p>\n<\/div>\n<div class=\"col-offset-0 col-md-offset-1 col-12 col-md-11\">\n<div class=\"owl-carousel owl-theme carousel-nota owl-loaded owl-drag\">\n<div class=\"owl-stage-outer\">\n<div class=\"owl-stage\">\n<div class=\"owl-item cloned\">\n<div class=\"item\"><\/div>\n<\/div>\n<div class=\"owl-item cloned\">\n<div class=\"item\"><a href=\"https:\/\/opinionpublica.com.ar\/index\/wp-content\/uploads\/2025\/07\/20250721222243_image37-cartel-ushuaia.jpg\"><img fetchpriority=\"high\" decoding=\"async\" class=\"alignnone size-full wp-image-10430\" src=\"https:\/\/opinionpublica.com.ar\/index\/wp-content\/uploads\/2025\/07\/20250721222243_image37-cartel-ushuaia.jpg\" alt=\"\" width=\"880\" height=\"512\" srcset=\"https:\/\/opinionpublica.com.ar\/index\/wp-content\/uploads\/2025\/07\/20250721222243_image37-cartel-ushuaia.jpg 880w, https:\/\/opinionpublica.com.ar\/index\/wp-content\/uploads\/2025\/07\/20250721222243_image37-cartel-ushuaia-300x175.jpg 300w, https:\/\/opinionpublica.com.ar\/index\/wp-content\/uploads\/2025\/07\/20250721222243_image37-cartel-ushuaia-768x447.jpg 768w\" sizes=\"(max-width: 880px) 100vw, 880px\" \/><\/a><\/div>\n<\/div>\n<div class=\"owl-item active\">\n<div class=\"item\"><img decoding=\"async\" src=\"https:\/\/platform-cdn.sharethis.com\/img\/whatsapp.svg\" alt=\"whatsapp sharing button\" \/><\/div>\n<\/div>\n<\/div>\n<\/div>\n<\/div>\n<\/div>\n<\/div>\n<div class=\"row\">\n<div class=\"col-12 col-md-2 fparrafo fz10 lh14 posr ctext columnista\"><\/div>\n<div class=\"col-12 col-md-10 fparrafo ctext fz16 lh28 mb20\">\n<div class=\"wysiwyg mb15 texto_nota\">\n<p class=\"selectionShareable\" data-end=\"597\" data-start=\"246\">La cl\u00e1sica estructura que da la bienvenida a quienes arriban a Ushuaia ser\u00e1 renovada. As\u00ed lo confirm\u00f3 Jos\u00e9 Luis Recchia, presidente de la C\u00e1mara Hotelera y Gastron\u00f3mica de Tierra del Fuego, quien precis\u00f3 que el cartel actual ser\u00e1 preservado en un museo local y que su reemplazo surgi\u00f3 a partir de un proceso participativo entre diversas instituciones.<\/p>\n<p class=\"selectionShareable\" data-end=\"962\" data-start=\"599\">La medida gener\u00f3 controversia entre artistas y vecinos que reclaman mayor participaci\u00f3n ciudadana en la decisi\u00f3n. Desde el sector tur\u00edstico, sin embargo, defienden el proceso como resultado de una instancia de di\u00e1logo institucional. \u201cNo se trata de eliminar un s\u00edmbolo, sino de protegerlo y darle un marco adecuado\u201d, explic\u00f3 Recchia en di\u00e1logo con medios locales.<\/p>\n<p class=\"selectionShareable\" data-end=\"1358\" data-start=\"964\">El cartel, dise\u00f1ado por la artista Elsa Zaparart, se convirti\u00f3 en un \u00edcono para turistas y residentes. Sin embargo, su deterioro y actos de vandalismo llevaron a una revisi\u00f3n de su continuidad en el espacio p\u00fablico. Seg\u00fan Recchia, la decisi\u00f3n fue tomada en el marco del Ushuaia Bureau, con intervenci\u00f3n del Colegio de Arquitectos, la Universidad Nacional de Tierra del Fuego y la Municipalidad.<\/p>\n<p class=\"selectionShareable\" data-end=\"1573\" data-start=\"1360\">\u201cLa estructura original ya no ofrec\u00eda garant\u00edas de conservaci\u00f3n a la intemperie. Se evaluaron alternativas y se opt\u00f3 por su traslado a un museo donde pueda ser preservada como parte del patrimonio local\u201d, sostuvo.<\/p>\n<p class=\"selectionShareable\" data-end=\"1907\" data-start=\"1575\">En ese contexto, se organiz\u00f3 un concurso para el dise\u00f1o de un nuevo cartel, con materiales aptos para resistir el clima extremo. Participaron nueve propuestas y una fue seleccionada por consenso. \u201cNo estamos desechando el pasado, sino resignific\u00e1ndolo desde una visi\u00f3n contempor\u00e1nea que prioriza la seguridad y durabilidad\u201d, afirm\u00f3.<\/p>\n<p class=\"selectionShareable\" data-end=\"2275\" data-start=\"1909\">Ante los cuestionamientos por la falta de una instancia de consulta abierta, Recchia reconoci\u00f3 la carga simb\u00f3lica que representa el cartel para la comunidad, pero remarc\u00f3: \u201cLas decisiones deben surgir de \u00e1mbitos de trabajo conjunto. No es posible hacer una consulta popular por cada intervenci\u00f3n. La clave est\u00e1 en sentarse a debatir en los espacios institucionales\u201d.<\/p>\n<p class=\"selectionShareable\" data-end=\"2475\" data-start=\"2277\">Seg\u00fan se inform\u00f3, las obras comenzar\u00e1n tras la finalizaci\u00f3n de la veda invernal, en el mes de octubre. El nuevo cartel buscar\u00e1 mantener la identidad de la ciudad, con un dise\u00f1o moderno y resistente.<\/p>\n<p class=\"selectionShareable\" data-end=\"2889\" data-start=\"2477\">Durante la misma entrevista, Recchia tambi\u00e9n abord\u00f3 el problema del alojamiento tur\u00edstico informal. Destac\u00f3 el acuerdo firmado entre la C\u00e1mara, la FEHGRA y el Municipio de Ushuaia para combatir la oferta no habilitada. \u201cEntregamos un relevamiento con m\u00e1s de 2.300 direcciones de hospedajes sin registro, con ubicaci\u00f3n geolocalizada. Es una herramienta clave para ordenar el sector y proteger al turista\u201d, se\u00f1al\u00f3.<\/p>\n<p class=\"selectionShareable\" data-end=\"3168\" data-start=\"2891\">Sobre el avance de la temporada invernal, el dirigente empresarial se mostr\u00f3 prudente pero esperanzado. \u201cMayo fue flojo, pero en junio hubo una recuperaci\u00f3n. Aun as\u00ed, los establecimientos de menor categor\u00eda siguen siendo los m\u00e1s afectados por la competencia desleal\u201d, concluy\u00f3.<\/p>\n<p class=\"selectionShareable\" data-end=\"3430\" data-is-last-node=\"\" data-is-only-node=\"\" data-start=\"3170\">Mientras la discusi\u00f3n por el cartel contin\u00faa abierta, desde el \u00e1mbito tur\u00edstico reiteran que las transformaciones son necesarias. \u201cEl debate es sano y la ciudad est\u00e1 viva cuando discute su imagen. Pero tambi\u00e9n es necesario decidir y avanzar\u201d, finaliz\u00f3 Recchia.<\/p>\n<p data-end=\"3430\" data-is-last-node=\"\" data-is-only-node=\"\" data-start=\"3170\">\n<\/div>\n<\/div>\n<\/div>\n","protected":false},"excerpt":{"rendered":"<p>Redise\u00f1an el cartel de Ushuaia y trasladar\u00e1n el original a un museo local La emblem\u00e1tica se\u00f1al de bienvenida<\/p>\n","protected":false},"author":5,"featured_media":10430,"comment_status":"open","ping_status":"open","sticky":false,"template":"","format":"standard","meta":{"footnotes":""},"categories":[21],"tags":[3649,6],"class_list":["post-10429","post","type-post","status-publish","format-standard","has-post-thumbnail","hentry","category-ushuaia","tag-cartel-de-entrada","tag-ushuaia"],"featured_image_urls":{"full":["https:\/\/opinionpublica.com.ar\/index\/wp-content\/uploads\/2025\/07\/20250721222243_image37-cartel-ushuaia.jpg",880,512,false],"thumbnail":["https:\/\/opinionpublica.com.ar\/index\/wp-content\/uploads\/2025\/07\/20250721222243_image37-cartel-ushuaia-150x150.jpg",150,150,true],"medium":["https:\/\/opinionpublica.com.ar\/index\/wp-content\/uploads\/2025\/07\/20250721222243_image37-cartel-ushuaia-300x175.jpg",300,175,true],"medium_large":["https:\/\/opinionpublica.com.ar\/index\/wp-content\/uploads\/2025\/07\/20250721222243_image37-cartel-ushuaia-768x447.jpg",640,373,true],"large":["https:\/\/opinionpublica.com.ar\/index\/wp-content\/uploads\/2025\/07\/20250721222243_image37-cartel-ushuaia.jpg",640,372,false],"1536x1536":["https:\/\/opinionpublica.com.ar\/index\/wp-content\/uploads\/2025\/07\/20250721222243_image37-cartel-ushuaia.jpg",880,512,false],"2048x2048":["https:\/\/opinionpublica.com.ar\/index\/wp-content\/uploads\/2025\/07\/20250721222243_image37-cartel-ushuaia.jpg",880,512,false],"morenews-large":["https:\/\/opinionpublica.com.ar\/index\/wp-content\/uploads\/2025\/07\/20250721222243_image37-cartel-ushuaia-825x512.jpg",825,512,true],"morenews-medium":["https:\/\/opinionpublica.com.ar\/index\/wp-content\/uploads\/2025\/07\/20250721222243_image37-cartel-ushuaia-590x410.jpg",590,410,true]},"author_info":{"display_name":"Hal","author_link":"https:\/\/opinionpublica.com.ar\/index\/author\/hal\/"},"category_info":"<a href=\"https:\/\/opinionpublica.com.ar\/index\/category\/ushuaia\/\" rel=\"category tag\">Ushuaia<\/a>","tag_info":"Ushuaia","comment_count":"0","_links":{"self":[{"href":"https:\/\/opinionpublica.com.ar\/index\/wp-json\/wp\/v2\/posts\/10429","targetHints":{"allow":["GET"]}}],"collection":[{"href":"https:\/\/opinionpublica.com.ar\/index\/wp-json\/wp\/v2\/posts"}],"about":[{"href":"https:\/\/opinionpublica.com.ar\/index\/wp-json\/wp\/v2\/types\/post"}],"author":[{"embeddable":true,"href":"https:\/\/opinionpublica.com.ar\/index\/wp-json\/wp\/v2\/users\/5"}],"replies":[{"embeddable":true,"href":"https:\/\/opinionpublica.com.ar\/index\/wp-json\/wp\/v2\/comments?post=10429"}],"version-history":[{"count":1,"href":"https:\/\/opinionpublica.com.ar\/index\/wp-json\/wp\/v2\/posts\/10429\/revisions"}],"predecessor-version":[{"id":10431,"href":"https:\/\/opinionpublica.com.ar\/index\/wp-json\/wp\/v2\/posts\/10429\/revisions\/10431"}],"wp:featuredmedia":[{"embeddable":true,"href":"https:\/\/opinionpublica.com.ar\/index\/wp-json\/wp\/v2\/media\/10430"}],"wp:attachment":[{"href":"https:\/\/opinionpublica.com.ar\/index\/wp-json\/wp\/v2\/media?parent=10429"}],"wp:term":[{"taxonomy":"category","embeddable":true,"href":"https:\/\/opinionpublica.com.ar\/index\/wp-json\/wp\/v2\/categories?post=10429"},{"taxonomy":"post_tag","embeddable":true,"href":"https:\/\/opinionpublica.com.ar\/index\/wp-json\/wp\/v2\/tags?post=10429"}],"curies":[{"name":"wp","href":"https:\/\/api.w.org\/{rel}","templated":true}]}}