{"id":10432,"date":"2025-07-22T13:22:55","date_gmt":"2025-07-22T16:22:55","guid":{"rendered":"https:\/\/opinionpublica.com.ar\/index\/?p=10432"},"modified":"2025-07-22T13:22:55","modified_gmt":"2025-07-22T16:22:55","slug":"cuestionan-desde-el-gobierno-la-insolita-demora-judicial","status":"publish","type":"post","link":"https:\/\/opinionpublica.com.ar\/index\/cuestionan-desde-el-gobierno-la-insolita-demora-judicial\/","title":{"rendered":"Cuestionan desde el Gobierno la ins\u00f3lita demora judicial"},"content":{"rendered":"<div class=\"et_pb_row et_pb_row_0_tb_body\">\n<div class=\"et_pb_column et_pb_column_4_4 et_pb_column_0_tb_body  et_pb_css_mix_blend_mode_passthrough et-last-child\">\n<div class=\"et_pb_module et_pb_post_title et_pb_post_title_0_tb_body et_pb_bg_layout_light  et_pb_text_align_left\">\n<div class=\"et_pb_title_container\">\n<p class=\"entry-title\"><strong>Cuestionan desde el Gobierno la ins\u00f3lita demora judicial<\/strong><\/p>\n<\/div>\n<\/div>\n<\/div>\n<\/div>\n<div class=\"et_pb_row et_pb_row_1_tb_body\">\n<div class=\"et_pb_column et_pb_column_3_5 et_pb_column_2_tb_body  et_pb_css_mix_blend_mode_passthrough\">\n<div class=\"et_pb_module et_pb_post_content et_pb_post_content_0_tb_body\">\n<p class=\"has-medium-font-size\">La Secretar\u00eda Legal de la provincia advierte sobre una \u00abdilaci\u00f3n innecesaria\u00bb del Superior Tribunal, que mantiene suspendida por pedido de dos abogados hace un a\u00f1o la elecci\u00f3n de convencionales, avalada por la Legislatura y el Ejecutivo.<\/p>\n<p><a href=\"https:\/\/opinionpublica.com.ar\/index\/wp-content\/uploads\/2024\/03\/reforma.jpg\"><img fetchpriority=\"high\" decoding=\"async\" class=\"alignnone size-full wp-image-1013\" src=\"https:\/\/opinionpublica.com.ar\/index\/wp-content\/uploads\/2024\/03\/reforma.jpg\" alt=\"\" width=\"800\" height=\"600\" srcset=\"https:\/\/opinionpublica.com.ar\/index\/wp-content\/uploads\/2024\/03\/reforma.jpg 800w, https:\/\/opinionpublica.com.ar\/index\/wp-content\/uploads\/2024\/03\/reforma-300x225.jpg 300w, https:\/\/opinionpublica.com.ar\/index\/wp-content\/uploads\/2024\/03\/reforma-768x576.jpg 768w\" sizes=\"(max-width: 800px) 100vw, 800px\" \/><\/a><\/p>\n<p>&nbsp;<\/p>\n<p>Desde el Gobierno de Tierra del Fuego, la postura es clara: el Superior Tribunal de Justicia (STJ) ha incurrido en una\u00a0<strong><em>\u00abdilaci\u00f3n innecesaria\u00bb\u00a0<\/em><\/strong>al no resolver, en casi un a\u00f1o, la medida cautelar que paraliz\u00f3 el proceso electoral para reformar la Constituci\u00f3n provincial. Mar\u00eda \u00c1ngeles Arroyo, secretaria de Coordinaci\u00f3n Legal de la provincia, sostuvo que la demora\u00a0<strong><em>\u00abdesnaturaliza el sentido de las cautelares\u00bb<\/em><\/strong>\u00a0y afecta gravemente el funcionamiento institucional.<\/p>\n<p>\u00ab<strong><em>Estamos a punto de cumplir un a\u00f1o de la vigencia de la medida cautelar sin avanzar en la resoluci\u00f3n de la cuesti\u00f3n de fondo\u00bb<\/em><\/strong>, se\u00f1al\u00f3 Arroyo en di\u00e1logo con\u00a0FM Ushuaia. La funcionaria record\u00f3 que tanto la Legislatura, con una mayor\u00eda agravada, como el Ejecutivo provincial cumplieron con los pasos legales para convocar a la elecci\u00f3n de convencionales en diciembre de 2023. Sin embargo, un recurso presentado por el abogado Paulino Rossi y el legislador Jorge Lechman logr\u00f3 que el STJ frenara el proceso en solo 30 horas.<\/p>\n<p>Lo llamativo, seg\u00fan Arroyo, es que, tras esa r\u00e1pida intervenci\u00f3n, el tribunal no avanz\u00f3 en el an\u00e1lisis de fondo.\u00a0<strong><em>\u00abLa vigencia de una medida cautelar debe ser acotada y al menos haber avanzado en la cuesti\u00f3n de fondo para resolver definitivamente\u00bb<\/em><\/strong>, argument\u00f3.<\/p>\n<p>Adem\u00e1s, cuestion\u00f3 la falta de claridad sobre el\u00a0<strong><em>\u00abriesgo inminente\u00bb<\/em><\/strong>\u00a0que justificar\u00eda la suspensi\u00f3n:\u00a0<strong><em>\u00abEl Poder Judicial ya expres\u00f3 que el acto era v\u00e1lido, que la firma era v\u00e1lida. No sabemos bien cu\u00e1l ser\u00eda el riesgo inminente\u00bb<\/em><\/strong>.<\/p>\n<p>La demora se agrava por las sucesivas recusaciones presentadas contra los jueces. Arroyo destac\u00f3 un dato clave: la jueza Mar\u00eda del Carmen Bataini present\u00f3 su descargo el 21 de mayo, pero el STJ no avanz\u00f3 en su tratamiento.\u00a0<strong><em>\u00abEs llamativo que no haya resoluci\u00f3n ni impulso desde esa fecha\u00bb<\/em><\/strong>, afirm\u00f3. Para el Gobierno, estas maniobras buscan\u00a0<strong><em>\u00abobstruir la resoluci\u00f3n final\u00bb<\/em><\/strong>\u00a0y representan una\u00a0<strong><em>\u00abinjerencia indebida\u00bb<\/em><\/strong>\u00a0del Poder Judicial sobre los otros poderes.<\/p>\n<p><strong><em>\u00abLa divisi\u00f3n de poderes es la base de nuestro principio republicano\u00bb<\/em><\/strong>, remarc\u00f3 la funcionaria, pero advirti\u00f3 que la inacci\u00f3n judicial afecta no solo al Ejecutivo, sino tambi\u00e9n al Legislativo, que aprob\u00f3 la ley con los requisitos constitucionales.\u00a0<strong><em>\u00abEs un disparate que un sector decida si podemos ir a votar o no\u00bb<\/em><\/strong>, agreg\u00f3, en lo que ya se califica como un esc\u00e1ndalo antidemocr\u00e1tico.<\/p>\n<p>Ante la falta de plazos definidos, el Gobierno agot\u00f3 todas las herramientas legales para impulsar una resoluci\u00f3n, incluyendo pedidos de pronto despacho y recusaciones.\u00a0<strong><em>\u00abConfiamos en que el STJ avanzar\u00e1 r\u00e1pidamente\u00bb<\/em><\/strong>, afirm\u00f3, no obstante, Arroyo, aunque reconoci\u00f3 que la demora ya es excesiva. La gravedad institucional, subray\u00f3, radica en que\u00a0<strong><em>\u00abla expresi\u00f3n del pueblo\u00bb<\/em><\/strong>\u00a0sigue postergada por una disputa judicial que, seg\u00fan el oficialismo, carece de fundamentos s\u00f3lidos.<\/p>\n<p>Mientras tanto, la pregunta sigue vigente: \u00bfQu\u00e9 riesgo hay en que los fueguinos voten? Para Mar\u00eda \u00c1ngeles Arroyo, la respuesta es contundente:\u00a0<strong><em>\u00abPareciera que hay miedo a escuchar lo que la ciudadan\u00eda opina\u00bb<\/em><\/strong>.<\/p>\n<p>&nbsp;<\/p>\n<\/div>\n<\/div>\n<\/div>\n","protected":false},"excerpt":{"rendered":"<p>Cuestionan desde el Gobierno la ins\u00f3lita demora judicial La Secretar\u00eda Legal de la provincia advierte sobre una \u00abdilaci\u00f3n<\/p>\n","protected":false},"author":5,"featured_media":1013,"comment_status":"open","ping_status":"open","sticky":false,"template":"","format":"standard","meta":{"footnotes":""},"categories":[27,2],"tags":[3650,701,1075],"class_list":["post-10432","post","type-post","status-publish","format-standard","has-post-thumbnail","hentry","category-politica","category-tierra-del-fuego","tag-demora-judicial","tag-gobierno-provincial","tag-reforma-constitucion"],"featured_image_urls":{"full":["https:\/\/opinionpublica.com.ar\/index\/wp-content\/uploads\/2024\/03\/reforma.jpg",800,600,false],"thumbnail":["https:\/\/opinionpublica.com.ar\/index\/wp-content\/uploads\/2024\/03\/reforma-150x150.jpg",150,150,true],"medium":["https:\/\/opinionpublica.com.ar\/index\/wp-content\/uploads\/2024\/03\/reforma-300x225.jpg",300,225,true],"medium_large":["https:\/\/opinionpublica.com.ar\/index\/wp-content\/uploads\/2024\/03\/reforma-768x576.jpg",640,480,true],"large":["https:\/\/opinionpublica.com.ar\/index\/wp-content\/uploads\/2024\/03\/reforma.jpg",640,480,false],"1536x1536":["https:\/\/opinionpublica.com.ar\/index\/wp-content\/uploads\/2024\/03\/reforma.jpg",800,600,false],"2048x2048":["https:\/\/opinionpublica.com.ar\/index\/wp-content\/uploads\/2024\/03\/reforma.jpg",800,600,false],"morenews-large":["https:\/\/opinionpublica.com.ar\/index\/wp-content\/uploads\/2024\/03\/reforma-800x575.jpg",800,575,true],"morenews-medium":["https:\/\/opinionpublica.com.ar\/index\/wp-content\/uploads\/2024\/03\/reforma-590x410.jpg",590,410,true]},"author_info":{"display_name":"Hal","author_link":"https:\/\/opinionpublica.com.ar\/index\/author\/hal\/"},"category_info":"<a href=\"https:\/\/opinionpublica.com.ar\/index\/category\/politica\/\" rel=\"category tag\">Politica<\/a> <a href=\"https:\/\/opinionpublica.com.ar\/index\/category\/tierra-del-fuego\/\" rel=\"category tag\">Tierra del Fuego<\/a>","tag_info":"Tierra del Fuego","comment_count":"0","_links":{"self":[{"href":"https:\/\/opinionpublica.com.ar\/index\/wp-json\/wp\/v2\/posts\/10432","targetHints":{"allow":["GET"]}}],"collection":[{"href":"https:\/\/opinionpublica.com.ar\/index\/wp-json\/wp\/v2\/posts"}],"about":[{"href":"https:\/\/opinionpublica.com.ar\/index\/wp-json\/wp\/v2\/types\/post"}],"author":[{"embeddable":true,"href":"https:\/\/opinionpublica.com.ar\/index\/wp-json\/wp\/v2\/users\/5"}],"replies":[{"embeddable":true,"href":"https:\/\/opinionpublica.com.ar\/index\/wp-json\/wp\/v2\/comments?post=10432"}],"version-history":[{"count":1,"href":"https:\/\/opinionpublica.com.ar\/index\/wp-json\/wp\/v2\/posts\/10432\/revisions"}],"predecessor-version":[{"id":10433,"href":"https:\/\/opinionpublica.com.ar\/index\/wp-json\/wp\/v2\/posts\/10432\/revisions\/10433"}],"wp:featuredmedia":[{"embeddable":true,"href":"https:\/\/opinionpublica.com.ar\/index\/wp-json\/wp\/v2\/media\/1013"}],"wp:attachment":[{"href":"https:\/\/opinionpublica.com.ar\/index\/wp-json\/wp\/v2\/media?parent=10432"}],"wp:term":[{"taxonomy":"category","embeddable":true,"href":"https:\/\/opinionpublica.com.ar\/index\/wp-json\/wp\/v2\/categories?post=10432"},{"taxonomy":"post_tag","embeddable":true,"href":"https:\/\/opinionpublica.com.ar\/index\/wp-json\/wp\/v2\/tags?post=10432"}],"curies":[{"name":"wp","href":"https:\/\/api.w.org\/{rel}","templated":true}]}}