{"id":10434,"date":"2025-07-23T14:04:00","date_gmt":"2025-07-23T17:04:00","guid":{"rendered":"https:\/\/opinionpublica.com.ar\/index\/?p=10434"},"modified":"2025-07-23T14:04:01","modified_gmt":"2025-07-23T17:04:01","slug":"para-pauli-en-octubre-se-juega-la-convalidacion-o-no-del-gobierno-nacional","status":"publish","type":"post","link":"https:\/\/opinionpublica.com.ar\/index\/para-pauli-en-octubre-se-juega-la-convalidacion-o-no-del-gobierno-nacional\/","title":{"rendered":"Para Pauli en octubre se juega la convalidaci\u00f3n o no del gobierno nacional"},"content":{"rendered":"<div id=\"tdi_73\" class=\"tdc-row stretch_row_1400 td-stretch-content\">\n<div class=\"vc_row tdi_74  wpb_row td-pb-row tdc-element-style\">\n<div class=\"vc_column tdi_76  wpb_column vc_column_container tdc-column td-pb-span12\">\n<div class=\"wpb_wrapper\">\n<div class=\"td_block_wrap tdb_title tdi_78 tdb-single-title td-pb-border-top td_block_template_1\" data-td-block-uid=\"tdi_78\">\n<div class=\"tdb-block-inner td-fix-index\">\n<p class=\"tdb-title-text\"><strong>Para Pauli en octubre se juega la convalidaci\u00f3n o no del gobierno nacional<\/strong><\/p>\n<\/div>\n<\/div>\n<\/div>\n<\/div>\n<\/div>\n<\/div>\n<div id=\"tdi_79\" class=\"tdc-row stretch_row_1200 td-stretch-content\">\n<div class=\"vc_row tdi_80  wpb_row td-pb-row\">\n<div class=\"vc_column tdi_82  wpb_column vc_column_container tdc-column td-pb-span8\">\n<div class=\"wpb_wrapper\">\n<div class=\"td_block_wrap tdb_single_content tdi_84 td-pb-border-top td_block_template_1 td-post-content tagdiv-type\" data-td-block-uid=\"tdi_84\">\n<div class=\"tdb-block-inner td-fix-index\">\n<p>El diputado asegur\u00f3 que el espacio libertario ir\u00e1 solo en Tierra del Fuego, sin alianzas por conveniencia. Analiz\u00f3 el escenario electoral y confirm\u00f3 que las candidaturas se decidir\u00e1n localmente, sin injerencia nacional.<\/p>\n<p><a href=\"https:\/\/opinionpublica.com.ar\/index\/wp-content\/uploads\/2024\/10\/Pauli-scaled-santiago.jpg\"><img fetchpriority=\"high\" decoding=\"async\" class=\"alignnone size-full wp-image-6253\" src=\"https:\/\/opinionpublica.com.ar\/index\/wp-content\/uploads\/2024\/10\/Pauli-scaled-santiago.jpg\" alt=\"\" width=\"720\" height=\"480\" srcset=\"https:\/\/opinionpublica.com.ar\/index\/wp-content\/uploads\/2024\/10\/Pauli-scaled-santiago.jpg 720w, https:\/\/opinionpublica.com.ar\/index\/wp-content\/uploads\/2024\/10\/Pauli-scaled-santiago-300x200.jpg 300w\" sizes=\"(max-width: 720px) 100vw, 720px\" \/><\/a><\/p>\n<p>El diputado nacional de La Libertad Avanza (LLA) en Tierra del Fuego, Santiago Pauli, expuso en FM Master\u2019s la estrategia del partido de cara a las elecciones legislativas nacionales, destacando un enfoque basado en principios ideol\u00f3gicos y autonom\u00eda provincial en la toma de decisiones.<\/p>\n<p>Pauli manifest\u00f3 que el espacio se muestra optimista respecto a los resultados electorales, aunque advirti\u00f3 que \u00abese optimismo no puede ser guiado sencillamente por encuestas. La realidad es que el voto es de la persona, va al cuarto oscuro y lo decide en el momento\u00bb, afirm\u00f3. Adem\u00e1s, consider\u00f3 que los comicios de medio t\u00e9rmino funcionan como una \u00abconvalidaci\u00f3n o no del Gobierno Nacional\u00bb, pese a que formalmente se elijan legisladores.<\/p>\n<p>Sobre las elecciones provinciales de Buenos Aires, el diputado se\u00f1al\u00f3 que son un \u00abs\u00edntoma\u00bb del respaldo al oficialismo, aunque reconoci\u00f3 que \u00abBuenos Aires es casi un pa\u00eds en s\u00ed mismo\u00bb. Sin embargo, subray\u00f3 que esos resultados podr\u00edan anticipar tendencias para los comicios nacionales.<\/p>\n<p>Respecto a posibles alianzas en Tierra del Fuego, Pauli fue categ\u00f3rico: \u00abTenemos un mandato ideol\u00f3gico de no hacer frentes o alianzas por una mera conveniencia electoral\u00bb. Explic\u00f3 que LLA busca \u00abcongeniar en un programa pol\u00edtico\u00bb con otros espacios, pero admiti\u00f3 que \u00abes muy dif\u00edcil encontrar otro espacio pol\u00edtico con quien congeniar ideol\u00f3gicamente. No hay otro espacio pol\u00edtico que se anime a defender este modelo de gobierno\u00bb, agreg\u00f3.<\/p>\n<p>Consultado sobre la estructura partidaria, Pauli neg\u00f3 carencias: \u00abNo nos falta gente en La Libertad Avanza para armar una lista en octubre ni para armar una lista en 2027\u00bb. Aclar\u00f3 que las decisiones se toman \u00aben conjunto\u00bb a nivel provincial y desminti\u00f3 rumores de internas: \u00abSomos un equipo de trabajo provincial que trabajamos todo en conjunto\u00bb.<\/p>\n<p>Sobre la competencia electoral, el legislador evit\u00f3 opinar sobre los rivales: \u00abNosotros no tenemos ninguna incidencia en las decisiones de otro partido\u00bb. En ese aspecto, rechaz\u00f3 especulaciones sobre una posible unidad opositora contra LLA: \u00abSi del otro lado toman otras decisiones, las respeto, pero no es nuestro tema\u00bb.<\/p>\n<p>Finalmente, Santiago Pauli asegur\u00f3 que las candidaturas fueguinas se definir\u00e1n localmente, sin injerencia de la dirigencia nacional: \u00abLas decisiones estrat\u00e9gicas de candidatura siempre se han tomado ac\u00e1 en la provincia\u00bb.<\/p>\n<\/div>\n<\/div>\n<\/div>\n<\/div>\n<\/div>\n<\/div>\n","protected":false},"excerpt":{"rendered":"<p>Para Pauli en octubre se juega la convalidaci\u00f3n o no del gobierno nacional El diputado asegur\u00f3 que el<\/p>\n","protected":false},"author":5,"featured_media":6251,"comment_status":"open","ping_status":"open","sticky":false,"template":"","format":"standard","meta":{"footnotes":""},"categories":[27,2],"tags":[697,757,971],"class_list":["post-10434","post","type-post","status-publish","format-standard","has-post-thumbnail","hentry","category-politica","category-tierra-del-fuego","tag-elecciones-2025","tag-la-libertad-avanza","tag-santiago-pauli"],"featured_image_urls":{"full":["https:\/\/opinionpublica.com.ar\/index\/wp-content\/uploads\/2024\/10\/e_1687813672-santiago-pauli.jpg",900,499,false],"thumbnail":["https:\/\/opinionpublica.com.ar\/index\/wp-content\/uploads\/2024\/10\/e_1687813672-santiago-pauli-150x150.jpg",150,150,true],"medium":["https:\/\/opinionpublica.com.ar\/index\/wp-content\/uploads\/2024\/10\/e_1687813672-santiago-pauli-300x166.jpg",300,166,true],"medium_large":["https:\/\/opinionpublica.com.ar\/index\/wp-content\/uploads\/2024\/10\/e_1687813672-santiago-pauli-768x426.jpg",640,355,true],"large":["https:\/\/opinionpublica.com.ar\/index\/wp-content\/uploads\/2024\/10\/e_1687813672-santiago-pauli.jpg",640,355,false],"1536x1536":["https:\/\/opinionpublica.com.ar\/index\/wp-content\/uploads\/2024\/10\/e_1687813672-santiago-pauli.jpg",900,499,false],"2048x2048":["https:\/\/opinionpublica.com.ar\/index\/wp-content\/uploads\/2024\/10\/e_1687813672-santiago-pauli.jpg",900,499,false],"morenews-large":["https:\/\/opinionpublica.com.ar\/index\/wp-content\/uploads\/2024\/10\/e_1687813672-santiago-pauli-825x499.jpg",825,499,true],"morenews-medium":["https:\/\/opinionpublica.com.ar\/index\/wp-content\/uploads\/2024\/10\/e_1687813672-santiago-pauli-590x410.jpg",590,410,true]},"author_info":{"display_name":"Hal","author_link":"https:\/\/opinionpublica.com.ar\/index\/author\/hal\/"},"category_info":"<a href=\"https:\/\/opinionpublica.com.ar\/index\/category\/politica\/\" rel=\"category tag\">Politica<\/a> <a href=\"https:\/\/opinionpublica.com.ar\/index\/category\/tierra-del-fuego\/\" rel=\"category tag\">Tierra del Fuego<\/a>","tag_info":"Tierra del Fuego","comment_count":"0","_links":{"self":[{"href":"https:\/\/opinionpublica.com.ar\/index\/wp-json\/wp\/v2\/posts\/10434","targetHints":{"allow":["GET"]}}],"collection":[{"href":"https:\/\/opinionpublica.com.ar\/index\/wp-json\/wp\/v2\/posts"}],"about":[{"href":"https:\/\/opinionpublica.com.ar\/index\/wp-json\/wp\/v2\/types\/post"}],"author":[{"embeddable":true,"href":"https:\/\/opinionpublica.com.ar\/index\/wp-json\/wp\/v2\/users\/5"}],"replies":[{"embeddable":true,"href":"https:\/\/opinionpublica.com.ar\/index\/wp-json\/wp\/v2\/comments?post=10434"}],"version-history":[{"count":1,"href":"https:\/\/opinionpublica.com.ar\/index\/wp-json\/wp\/v2\/posts\/10434\/revisions"}],"predecessor-version":[{"id":10435,"href":"https:\/\/opinionpublica.com.ar\/index\/wp-json\/wp\/v2\/posts\/10434\/revisions\/10435"}],"wp:featuredmedia":[{"embeddable":true,"href":"https:\/\/opinionpublica.com.ar\/index\/wp-json\/wp\/v2\/media\/6251"}],"wp:attachment":[{"href":"https:\/\/opinionpublica.com.ar\/index\/wp-json\/wp\/v2\/media?parent=10434"}],"wp:term":[{"taxonomy":"category","embeddable":true,"href":"https:\/\/opinionpublica.com.ar\/index\/wp-json\/wp\/v2\/categories?post=10434"},{"taxonomy":"post_tag","embeddable":true,"href":"https:\/\/opinionpublica.com.ar\/index\/wp-json\/wp\/v2\/tags?post=10434"}],"curies":[{"name":"wp","href":"https:\/\/api.w.org\/{rel}","templated":true}]}}