{"id":10535,"date":"2025-07-31T09:34:01","date_gmt":"2025-07-31T12:34:01","guid":{"rendered":"https:\/\/opinionpublica.com.ar\/index\/?p=10535"},"modified":"2025-07-31T09:34:01","modified_gmt":"2025-07-31T12:34:01","slug":"tolhuin-formaliza-planta-permanente-de-empleados","status":"publish","type":"post","link":"https:\/\/opinionpublica.com.ar\/index\/tolhuin-formaliza-planta-permanente-de-empleados\/","title":{"rendered":"Tolhuin formaliza planta permanente de empleados"},"content":{"rendered":"<div id=\"tdi_73\" class=\"tdc-row stretch_row_1400 td-stretch-content\">\n<div class=\"vc_row tdi_74  wpb_row td-pb-row tdc-element-style\">\n<div class=\"vc_column tdi_76  wpb_column vc_column_container tdc-column td-pb-span12\">\n<div class=\"wpb_wrapper\">\n<div class=\"td_block_wrap tdb_title tdi_78 tdb-single-title td-pb-border-top td_block_template_1\" data-td-block-uid=\"tdi_78\">\n<div class=\"tdb-block-inner td-fix-index\">\n<p class=\"tdb-title-text\"><strong>Tolhuin formaliza planta permanente de empleados<\/strong><\/p>\n<\/div>\n<\/div>\n<\/div>\n<\/div>\n<\/div>\n<\/div>\n<div id=\"tdi_79\" class=\"tdc-row stretch_row_1200 td-stretch-content\">\n<div class=\"vc_row tdi_80  wpb_row td-pb-row\">\n<div class=\"vc_column tdi_82  wpb_column vc_column_container tdc-column td-pb-span8\">\n<div class=\"wpb_wrapper\">\n<div class=\"td_block_wrap tdb_single_date tdi_83 td-pb-border-top td_block_template_1 tdb-post-meta\" data-td-block-uid=\"tdi_83\">\n<div class=\"tdb-block-inner td-fix-index\"><a href=\"https:\/\/opinionpublica.com.ar\/index\/wp-content\/uploads\/2025\/07\/CEJAS-1-tolhuin.jpg\"><img fetchpriority=\"high\" decoding=\"async\" class=\"alignnone size-full wp-image-10536\" src=\"https:\/\/opinionpublica.com.ar\/index\/wp-content\/uploads\/2025\/07\/CEJAS-1-tolhuin.jpg\" alt=\"\" width=\"800\" height=\"533\" srcset=\"https:\/\/opinionpublica.com.ar\/index\/wp-content\/uploads\/2025\/07\/CEJAS-1-tolhuin.jpg 800w, https:\/\/opinionpublica.com.ar\/index\/wp-content\/uploads\/2025\/07\/CEJAS-1-tolhuin-300x200.jpg 300w, https:\/\/opinionpublica.com.ar\/index\/wp-content\/uploads\/2025\/07\/CEJAS-1-tolhuin-768x512.jpg 768w\" sizes=\"(max-width: 800px) 100vw, 800px\" \/><\/a><\/div>\n<\/div>\n<div class=\"td_block_wrap tdb_single_content tdi_84 td-pb-border-top td_block_template_1 td-post-content tagdiv-type\" data-td-block-uid=\"tdi_84\">\n<div class=\"tdb-block-inner td-fix-index\">\n<p>La secretaria de Gobierno, Ana Paula Cejas, detall\u00f3 las \u00faltimas medidas adoptadas por el municipio, desde la estabilidad laboral de empleados hasta campa\u00f1as de salud animal y la reactivaci\u00f3n cultural post invernal.<\/p>\n<p>La Municipalidad de Tolhuin formaliz\u00f3 el pase a planta permanente de un grupo de empleados, marcando un hito en la gesti\u00f3n laboral. \u00abEl d\u00eda de ayer pudimos ya otorgar efectivamente los decretos, donde se establece la planta permanente para estos nuevos agentes, la verdad que fue un d\u00eda de celebraci\u00f3n para los trabajadores y trabajadoras y los gremios que estuvieron ah\u00ed presentes porque es el primer objetivo que busca cada trabajador que se suma al municipio es lograr la estabilidad en alg\u00fan momento en cuanto a su situaci\u00f3n laboral\u00bb, explic\u00f3 la secretaria de Gobierno del Municipio, Ana Paula Cejas. La medida, fruto de un trabajo conjunto, refleja el compromiso institucional: \u00abCon mucho esfuerzo el municipio pudo tomar esta decisi\u00f3n, una decisi\u00f3n tomada desde intendencia, pero que fue trabajada tambi\u00e9n con los gremios, con ATE y UPCN\u00bb.<\/p>\n<p>En otro \u00e1mbito prioritario, la comuna reforz\u00f3 sus pol\u00edticas de control sanitario animal. Con la incorporaci\u00f3n de tres veterinarios, se optimiz\u00f3 el servicio zoon\u00f3tico, combinando castraciones semanales con operativos masivos. \u00abEs una modalidad de trabajo que inici\u00f3 cuando pudimos ocupar los cargos creados por la ordenanza de emergencia en el servicio zoon\u00f3tico que prestaba el municipio, con la incorporaci\u00f3n de estos tres nuevos veterinarios pudimos ordenar bastante todo lo que son las pol\u00edticas p\u00fablicas veterinarias\u00bb, se\u00f1al\u00f3 la funcionaria.<\/p>\n<p>Recientemente, una campa\u00f1a de vacunaci\u00f3n y desparasitaci\u00f3n, realizada en colaboraci\u00f3n con Bomberos Voluntarios, obtuvo resultados alentadores: \u00abEn este caso se dio la campa\u00f1a de desparasitaci\u00f3n y vacunaci\u00f3n con la colaboraci\u00f3n de bomberos voluntarios Tolhuin, que ofrecieron la posibilidad de utilizar su espacio. Y la verdad que fue una campa\u00f1a buena, se logr\u00f3 un buen n\u00famero de vacunaci\u00f3n, de desparasitaci\u00f3n y control de la salud de los animales\u00bb. La comunidad, agreg\u00f3, responde progresivamente: \u00abBuena convocatoria, buena respuesta de los vecinos y las vecinas que de a poco van entendiendo que es una obligaci\u00f3n ocuparse de la salud de sus animales\u00bb.<\/p>\n<p>Por \u00faltimo, Cejas anticip\u00f3 la reactivaci\u00f3n de la agenda cultural tras el receso invernal. Este s\u00e1bado, una clase abierta de bachata marcar\u00e1 el reinicio: \u00abEst\u00e1 previsto la clase de bachata, que es como la finalizaci\u00f3n de este receso que se hab\u00eda dado invernal de las actividades de los talleres, que se daban culturalmente. Finaliza este s\u00e1bado con la clase de bachata abierta que va a ser a las 20 horas en la Casa de Cultura\u00bb. Adem\u00e1s, se anunciar\u00e1n nuevas propuestas formativas: \u00abLa semana que viene seguramente vamos a tener novedades de los nuevos talleres que van a estar disponibles. Va a haber ah\u00ed una respuesta tambi\u00e9n para el grupo que estaba inscrito en los talleres de folclore, as\u00ed que seguramente vamos a estar comunicando eso tambi\u00e9n\u00bb.<\/p>\n<\/div>\n<\/div>\n<\/div>\n<\/div>\n<\/div>\n<\/div>\n","protected":false},"excerpt":{"rendered":"<p>Tolhuin formaliza planta permanente de empleados La secretaria de Gobierno, Ana Paula Cejas, detall\u00f3 las \u00faltimas medidas adoptadas<\/p>\n","protected":false},"author":5,"featured_media":10536,"comment_status":"open","ping_status":"open","sticky":false,"template":"","format":"standard","meta":{"footnotes":""},"categories":[22],"tags":[840,133,3689,551],"class_list":["post-10535","post","type-post","status-publish","format-standard","has-post-thumbnail","hentry","category-tolhuin","tag-ana-paula-cejas","tag-ate","tag-empleados-municipales","tag-upcn"],"featured_image_urls":{"full":["https:\/\/opinionpublica.com.ar\/index\/wp-content\/uploads\/2025\/07\/CEJAS-1-tolhuin.jpg",800,533,false],"thumbnail":["https:\/\/opinionpublica.com.ar\/index\/wp-content\/uploads\/2025\/07\/CEJAS-1-tolhuin-150x150.jpg",150,150,true],"medium":["https:\/\/opinionpublica.com.ar\/index\/wp-content\/uploads\/2025\/07\/CEJAS-1-tolhuin-300x200.jpg",300,200,true],"medium_large":["https:\/\/opinionpublica.com.ar\/index\/wp-content\/uploads\/2025\/07\/CEJAS-1-tolhuin-768x512.jpg",640,427,true],"large":["https:\/\/opinionpublica.com.ar\/index\/wp-content\/uploads\/2025\/07\/CEJAS-1-tolhuin.jpg",640,426,false],"1536x1536":["https:\/\/opinionpublica.com.ar\/index\/wp-content\/uploads\/2025\/07\/CEJAS-1-tolhuin.jpg",800,533,false],"2048x2048":["https:\/\/opinionpublica.com.ar\/index\/wp-content\/uploads\/2025\/07\/CEJAS-1-tolhuin.jpg",800,533,false],"morenews-large":["https:\/\/opinionpublica.com.ar\/index\/wp-content\/uploads\/2025\/07\/CEJAS-1-tolhuin.jpg",800,533,false],"morenews-medium":["https:\/\/opinionpublica.com.ar\/index\/wp-content\/uploads\/2025\/07\/CEJAS-1-tolhuin-590x410.jpg",590,410,true]},"author_info":{"display_name":"Hal","author_link":"https:\/\/opinionpublica.com.ar\/index\/author\/hal\/"},"category_info":"<a href=\"https:\/\/opinionpublica.com.ar\/index\/category\/tolhuin\/\" rel=\"category tag\">Tolhuin<\/a>","tag_info":"Tolhuin","comment_count":"0","_links":{"self":[{"href":"https:\/\/opinionpublica.com.ar\/index\/wp-json\/wp\/v2\/posts\/10535","targetHints":{"allow":["GET"]}}],"collection":[{"href":"https:\/\/opinionpublica.com.ar\/index\/wp-json\/wp\/v2\/posts"}],"about":[{"href":"https:\/\/opinionpublica.com.ar\/index\/wp-json\/wp\/v2\/types\/post"}],"author":[{"embeddable":true,"href":"https:\/\/opinionpublica.com.ar\/index\/wp-json\/wp\/v2\/users\/5"}],"replies":[{"embeddable":true,"href":"https:\/\/opinionpublica.com.ar\/index\/wp-json\/wp\/v2\/comments?post=10535"}],"version-history":[{"count":1,"href":"https:\/\/opinionpublica.com.ar\/index\/wp-json\/wp\/v2\/posts\/10535\/revisions"}],"predecessor-version":[{"id":10537,"href":"https:\/\/opinionpublica.com.ar\/index\/wp-json\/wp\/v2\/posts\/10535\/revisions\/10537"}],"wp:featuredmedia":[{"embeddable":true,"href":"https:\/\/opinionpublica.com.ar\/index\/wp-json\/wp\/v2\/media\/10536"}],"wp:attachment":[{"href":"https:\/\/opinionpublica.com.ar\/index\/wp-json\/wp\/v2\/media?parent=10535"}],"wp:term":[{"taxonomy":"category","embeddable":true,"href":"https:\/\/opinionpublica.com.ar\/index\/wp-json\/wp\/v2\/categories?post=10535"},{"taxonomy":"post_tag","embeddable":true,"href":"https:\/\/opinionpublica.com.ar\/index\/wp-json\/wp\/v2\/tags?post=10535"}],"curies":[{"name":"wp","href":"https:\/\/api.w.org\/{rel}","templated":true}]}}