{"id":10538,"date":"2025-07-31T09:38:35","date_gmt":"2025-07-31T12:38:35","guid":{"rendered":"https:\/\/opinionpublica.com.ar\/index\/?p=10538"},"modified":"2025-07-31T09:38:35","modified_gmt":"2025-07-31T12:38:35","slug":"devita-confirmo-el-achique-de-la-planta-politica-y-defendio-el-ajuste","status":"publish","type":"post","link":"https:\/\/opinionpublica.com.ar\/index\/devita-confirmo-el-achique-de-la-planta-politica-y-defendio-el-ajuste\/","title":{"rendered":"Devita confirm\u00f3 el achique de la planta pol\u00edtica y defendi\u00f3 el ajuste"},"content":{"rendered":"<div class=\"row pb3p\">\n<div class=\"pt3p pb3p col-offset-0 col-md-offset-1 col-12 col-md-11 nota-encabezado\">\n<p class=\"ftitulo cblack fz43 mb15 bold lh50\"><strong>Devita confirm\u00f3 el achique de la planta pol\u00edtica y defendi\u00f3 el ajuste<\/strong><\/p>\n<p class=\"fparrafo ctext fz18 lh25\">En medio de un contexto econ\u00f3mico adverso y con ingresos provinciales en ca\u00edda, el ministro de Econom\u00eda Francisco Devita asegur\u00f3 que el Gobierno fueguino viene aplicando medidas de austeridad que incluyen recortes en la planta pol\u00edtica, reducci\u00f3n de vi\u00e1ticos, uso racional de veh\u00edculos oficiales y revisi\u00f3n del gasto estructural. \u201cLa sociedad est\u00e1 haciendo un esfuerzo enorme y el Estado tambi\u00e9n debe ajustarse\u201d, afirm\u00f3. Adem\u00e1s, destac\u00f3 la ausencia de asistencia nacional y la necesidad de \u201cpriorizar cada peso\u201d que se invierte.<\/p>\n<\/div>\n<div class=\"col-offset-0 col-md-offset-1 col-12 col-md-11\">\n<div class=\"owl-carousel owl-theme carousel-nota owl-loaded owl-drag\">\n<div class=\"owl-stage-outer\">\n<div class=\"owl-stage\">\n<div class=\"owl-item cloned\">\n<div class=\"item\"><a href=\"https:\/\/opinionpublica.com.ar\/index\/wp-content\/uploads\/2025\/07\/81d59b493c3613f80ed2ad2a6be298e6eebc8c41-francisco-devita.jpg\"><img fetchpriority=\"high\" decoding=\"async\" class=\"alignnone size-full wp-image-10539\" src=\"https:\/\/opinionpublica.com.ar\/index\/wp-content\/uploads\/2025\/07\/81d59b493c3613f80ed2ad2a6be298e6eebc8c41-francisco-devita.jpg\" alt=\"\" width=\"880\" height=\"512\" srcset=\"https:\/\/opinionpublica.com.ar\/index\/wp-content\/uploads\/2025\/07\/81d59b493c3613f80ed2ad2a6be298e6eebc8c41-francisco-devita.jpg 880w, https:\/\/opinionpublica.com.ar\/index\/wp-content\/uploads\/2025\/07\/81d59b493c3613f80ed2ad2a6be298e6eebc8c41-francisco-devita-300x175.jpg 300w, https:\/\/opinionpublica.com.ar\/index\/wp-content\/uploads\/2025\/07\/81d59b493c3613f80ed2ad2a6be298e6eebc8c41-francisco-devita-768x447.jpg 768w\" sizes=\"(max-width: 880px) 100vw, 880px\" \/><\/a><\/div>\n<\/div>\n<\/div>\n<\/div>\n<\/div>\n<\/div>\n<div class=\"col-12 col-md-10 col-md-offset-2 fz10 lh12\">\n<div class=\"bdb bdtextlight tar mb8 pt8 pb8\">\n<div id=\"st-1\" class=\"sharethis-inline-share-buttons st-left st-lang-es  st-inline-share-buttons st-animated\">\n<div class=\"st-btn st-last\" data-network=\"whatsapp\"><img decoding=\"async\" src=\"https:\/\/platform-cdn.sharethis.com\/img\/whatsapp.svg\" alt=\"whatsapp sharing button\" \/><\/div>\n<\/div>\n<\/div>\n<\/div>\n<\/div>\n<div class=\"row\">\n<div class=\"col-12 col-md-2 fparrafo fz10 lh14 posr ctext columnista\"><\/div>\n<div class=\"col-12 col-md-10 fparrafo ctext fz16 lh28 mb20\">\n<div class=\"wysiwyg mb15 texto_nota\">\n<p class=\"selectionShareable\">En una extensa entrevista con Radio Provincia, el ministro de Econom\u00eda de Tierra del Fuego, Francisco Devita, reconoci\u00f3 que 2025 es un a\u00f1o de enorme complejidad fiscal y defendi\u00f3 las medidas de austeridad adoptadas por el Ejecutivo provincial, en un contexto donde los ingresos han ca\u00eddo y la asistencia nacional ha desaparecido. \u201cTenemos la obligaci\u00f3n de entender que atravesamos un proceso de austeridad\u201d, afirm\u00f3.<\/p>\n<p class=\"selectionShareable\">Devita explic\u00f3 que el actual escenario obliga al Estado a priorizar y ser m\u00e1s eficiente: \u201cNo se puede gastar como se gastaba con anterioridad. Tenemos que revisar cada peso que se invierte\u201d. En ese sentido, detall\u00f3 que se implementaron medidas para reducir el gasto estructural, como el congelamiento de sueldos de funcionarios desde diciembre de 2023, recortes en vi\u00e1ticos, uso racional de veh\u00edculos oficiales, modalidad de trabajo remoto y eliminaci\u00f3n de contratos con exclusividad innecesaria.<\/p>\n<p class=\"selectionShareable\"><strong>\u201cLa gente se ajusta, y el Estado tambi\u00e9n debe hacerlo\u201d<\/strong><br \/>\nEl ministro tambi\u00e9n se refiri\u00f3 a los cuestionamientos que surgieron desde algunos sectores sobre el comportamiento del Gobierno ante la crisis. \u201cHay una percepci\u00f3n de que arriba no pasa nada, mientras muchos ciudadanos se ajustan. Nosotros estamos tomando medidas, incluso si no se ven a simple vista\u201d, sostuvo, al tiempo que asegur\u00f3 que se est\u00e1 revisando la eficiencia del gasto en entes descentralizados y empresas p\u00fablicas.<\/p>\n<p class=\"selectionShareable\">Asimismo, defendi\u00f3 que estas decisiones no implican un abandono del rol del Estado: \u201cNo estamos en contra del Estado. Al contrario, somos defensores del rol activo del Estado, pero debe ser austero, eficiente y orientado a prioridades\u201d.<\/p>\n<p class=\"selectionShareable\"><strong>Un a\u00f1o sin ATN y con ingresos a la baja<\/strong><br \/>\nEl titular de la cartera econ\u00f3mica fue enf\u00e1tico al describir la p\u00e9rdida de ingresos: \u201cTierra del Fuego es una de las seis provincias que no recibi\u00f3 Aportes del Tesoro Nacional desde la llegada de Javier Milei al poder. Y eso se nota\u201d. Tambi\u00e9n explic\u00f3 que los ingresos genuinos han ca\u00eddo, y que la l\u00f3gica inflacionaria que antes permit\u00eda sostener aumentos de recaudaci\u00f3n ahora juega en contra: \u201cLa inflaci\u00f3n dej\u00f3 de ser fuente de ingresos ficticios y se convirti\u00f3 en un problema real para sostener salarios y servicios\u201d.<\/p>\n<p class=\"selectionShareable\"><strong>Alternativas al salario y contenci\u00f3n social<\/strong><br \/>\nConsultado sobre las dificultades para afrontar aumentos salariales, Devita asegur\u00f3 que se est\u00e1 trabajando en medidas complementarias: \u201cQueremos que el salario alcance, pero tambi\u00e9n estamos armando herramientas como el Mercado TF, con productos a precios accesibles, y planes de acceso a viviendas, con apoyo del sector privado\u201d.<\/p>\n<p class=\"selectionShareable\">Con estas declaraciones, Francisco Devita dej\u00f3 en claro que el gobierno fueguino se enfrenta a una situaci\u00f3n fiscal delicada, que exige decisiones impopulares pero inevitables. En su visi\u00f3n, el Estado debe ser responsable, austero y enfocado, para sostener lo esencial sin caer en desequilibrios mayores.<\/p>\n<\/div>\n<\/div>\n<\/div>\n","protected":false},"excerpt":{"rendered":"<p>Devita confirm\u00f3 el achique de la planta pol\u00edtica y defendi\u00f3 el ajuste En medio de un contexto econ\u00f3mico<\/p>\n","protected":false},"author":5,"featured_media":10539,"comment_status":"open","ping_status":"open","sticky":false,"template":"","format":"standard","meta":{"footnotes":""},"categories":[2],"tags":[2186,605,3538],"class_list":["post-10538","post","type-post","status-publish","format-standard","has-post-thumbnail","hentry","category-tierra-del-fuego","tag-francisco-de-vita","tag-ministro-de-economia","tag-planta-politica"],"featured_image_urls":{"full":["https:\/\/opinionpublica.com.ar\/index\/wp-content\/uploads\/2025\/07\/81d59b493c3613f80ed2ad2a6be298e6eebc8c41-francisco-devita.jpg",880,512,false],"thumbnail":["https:\/\/opinionpublica.com.ar\/index\/wp-content\/uploads\/2025\/07\/81d59b493c3613f80ed2ad2a6be298e6eebc8c41-francisco-devita-150x150.jpg",150,150,true],"medium":["https:\/\/opinionpublica.com.ar\/index\/wp-content\/uploads\/2025\/07\/81d59b493c3613f80ed2ad2a6be298e6eebc8c41-francisco-devita-300x175.jpg",300,175,true],"medium_large":["https:\/\/opinionpublica.com.ar\/index\/wp-content\/uploads\/2025\/07\/81d59b493c3613f80ed2ad2a6be298e6eebc8c41-francisco-devita-768x447.jpg",640,373,true],"large":["https:\/\/opinionpublica.com.ar\/index\/wp-content\/uploads\/2025\/07\/81d59b493c3613f80ed2ad2a6be298e6eebc8c41-francisco-devita.jpg",640,372,false],"1536x1536":["https:\/\/opinionpublica.com.ar\/index\/wp-content\/uploads\/2025\/07\/81d59b493c3613f80ed2ad2a6be298e6eebc8c41-francisco-devita.jpg",880,512,false],"2048x2048":["https:\/\/opinionpublica.com.ar\/index\/wp-content\/uploads\/2025\/07\/81d59b493c3613f80ed2ad2a6be298e6eebc8c41-francisco-devita.jpg",880,512,false],"morenews-large":["https:\/\/opinionpublica.com.ar\/index\/wp-content\/uploads\/2025\/07\/81d59b493c3613f80ed2ad2a6be298e6eebc8c41-francisco-devita-825x512.jpg",825,512,true],"morenews-medium":["https:\/\/opinionpublica.com.ar\/index\/wp-content\/uploads\/2025\/07\/81d59b493c3613f80ed2ad2a6be298e6eebc8c41-francisco-devita-590x410.jpg",590,410,true]},"author_info":{"display_name":"Hal","author_link":"https:\/\/opinionpublica.com.ar\/index\/author\/hal\/"},"category_info":"<a href=\"https:\/\/opinionpublica.com.ar\/index\/category\/tierra-del-fuego\/\" rel=\"category tag\">Tierra del Fuego<\/a>","tag_info":"Tierra del Fuego","comment_count":"0","_links":{"self":[{"href":"https:\/\/opinionpublica.com.ar\/index\/wp-json\/wp\/v2\/posts\/10538","targetHints":{"allow":["GET"]}}],"collection":[{"href":"https:\/\/opinionpublica.com.ar\/index\/wp-json\/wp\/v2\/posts"}],"about":[{"href":"https:\/\/opinionpublica.com.ar\/index\/wp-json\/wp\/v2\/types\/post"}],"author":[{"embeddable":true,"href":"https:\/\/opinionpublica.com.ar\/index\/wp-json\/wp\/v2\/users\/5"}],"replies":[{"embeddable":true,"href":"https:\/\/opinionpublica.com.ar\/index\/wp-json\/wp\/v2\/comments?post=10538"}],"version-history":[{"count":1,"href":"https:\/\/opinionpublica.com.ar\/index\/wp-json\/wp\/v2\/posts\/10538\/revisions"}],"predecessor-version":[{"id":10540,"href":"https:\/\/opinionpublica.com.ar\/index\/wp-json\/wp\/v2\/posts\/10538\/revisions\/10540"}],"wp:featuredmedia":[{"embeddable":true,"href":"https:\/\/opinionpublica.com.ar\/index\/wp-json\/wp\/v2\/media\/10539"}],"wp:attachment":[{"href":"https:\/\/opinionpublica.com.ar\/index\/wp-json\/wp\/v2\/media?parent=10538"}],"wp:term":[{"taxonomy":"category","embeddable":true,"href":"https:\/\/opinionpublica.com.ar\/index\/wp-json\/wp\/v2\/categories?post=10538"},{"taxonomy":"post_tag","embeddable":true,"href":"https:\/\/opinionpublica.com.ar\/index\/wp-json\/wp\/v2\/tags?post=10538"}],"curies":[{"name":"wp","href":"https:\/\/api.w.org\/{rel}","templated":true}]}}