{"id":10541,"date":"2025-07-31T09:42:15","date_gmt":"2025-07-31T12:42:15","guid":{"rendered":"https:\/\/opinionpublica.com.ar\/index\/?p=10541"},"modified":"2025-07-31T09:43:00","modified_gmt":"2025-07-31T12:43:00","slug":"10541-2","status":"publish","type":"post","link":"https:\/\/opinionpublica.com.ar\/index\/10541-2\/","title":{"rendered":"Laura Avila:\u201cNecesitamos ponerle freno a este Gobierno nacional\u201d"},"content":{"rendered":"<header class=\"entry-header\">\n<p class=\"wp-block-heading\"><strong>Laura Avila:\u201cNecesitamos ponerle freno a este Gobierno nacional\u201d<\/strong><\/p>\n<\/header>\n<div class=\"entry-content\">\n<p class=\"wp-block-heading\">\u201cNecesitamos de hombres y mujeres que le pongan un freno a estas medidas del Gobierno nacional que lo \u00fanico que hacen es lastimar a las familias\u201d, dijo la actual Secretaria General del Partido Justicialista en Tierra del Fuego, Laura Avila.<\/p>\n<p><a href=\"https:\/\/opinionpublica.com.ar\/index\/wp-content\/uploads\/2025\/03\/2330a377-7746-43a1-d21d-4021644cdfe1-laura-avila.jpg\"><img fetchpriority=\"high\" decoding=\"async\" class=\"alignnone size-full wp-image-8932\" src=\"https:\/\/opinionpublica.com.ar\/index\/wp-content\/uploads\/2025\/03\/2330a377-7746-43a1-d21d-4021644cdfe1-laura-avila.jpg\" alt=\"\" width=\"1280\" height=\"854\" srcset=\"https:\/\/opinionpublica.com.ar\/index\/wp-content\/uploads\/2025\/03\/2330a377-7746-43a1-d21d-4021644cdfe1-laura-avila.jpg 1280w, https:\/\/opinionpublica.com.ar\/index\/wp-content\/uploads\/2025\/03\/2330a377-7746-43a1-d21d-4021644cdfe1-laura-avila-300x200.jpg 300w, https:\/\/opinionpublica.com.ar\/index\/wp-content\/uploads\/2025\/03\/2330a377-7746-43a1-d21d-4021644cdfe1-laura-avila-1024x683.jpg 1024w, https:\/\/opinionpublica.com.ar\/index\/wp-content\/uploads\/2025\/03\/2330a377-7746-43a1-d21d-4021644cdfe1-laura-avila-768x512.jpg 768w\" sizes=\"(max-width: 1280px) 100vw, 1280px\" \/><\/a><\/p>\n<p>\u201cNecesitamos de todos los hombres y mujeres que quieran trabajar por la felicidad de nuestro pueblo y la grandeza de nuestra naci\u00f3n\u201d. As\u00ed lo sostuvo Laura Avila, secretaria general del Partido Justicialista y concejala de Ushuaia, al hacer referencia a la realidad pol\u00edtica que vive el pa\u00eds y Tierra del Fuego.<\/p>\n<div class=\"wp-block-image\"><\/div>\n<p>Avila sostuvo que \u201cdesde el Partido Justicialista estamos preocupados con las pol\u00edticas nacionales que lastiman directamente a nuestro pueblo, por eso es importante que generemos una alternativa a este Gobierno nacional y para generar la alternativa necesitamos de todos los hombres y mujeres que quieran trabajar por la felicidad de nuestro pueblo y la grandeza de nuestra naci\u00f3n\u201d.<\/p>\n<p>Y agreg\u00f3 \u201cdesde el momento que asumi\u00f3 Milei las familias cuentan los d\u00edas para llegar a fin de mes, hasta que llega el nuevo cobro. Ya no se piensa en vacaciones, en mejoras laborales, sino en bancar. Muchos argentinos creyeron las promesas del Presidente y esto no sucedi\u00f3\u201d.<\/p>\n<p>Laura Avila precis\u00f3 que \u201ceste Gobierno aument\u00f3 la pobreza, destruy\u00f3 la industria y el Estado, si nos lastimaron tanto como provincia en el turismo, en la industria, en el comercio, en la coparticipaci\u00f3n; sin mayor\u00eda en la C\u00e1mara de Senadores, lo que pueden hacer si tienen mayor\u00eda es muy grave, por eso es tan importante la pr\u00f3xima elecci\u00f3n\u201d.<\/p>\n<p>Para cerrar, la Secretaria General del Partido Justicialista subray\u00f3: \u201cNecesitamos de hombres y mujeres que le pongan un freno a estas medidas del Gobierno nacional que lo \u00fanico que hacen es lastimar a las familias y empezar a reconstruir otra vez todo lo que destruyeron\u201d.<\/p>\n<\/div>\n<footer class=\"entry-meta\"><\/footer>\n","protected":false},"excerpt":{"rendered":"<p>Laura Avila:\u201cNecesitamos ponerle freno a este Gobierno nacional\u201d \u201cNecesitamos de hombres y mujeres que le pongan un freno<\/p>\n","protected":false},"author":5,"featured_media":8932,"comment_status":"open","ping_status":"open","sticky":false,"template":"","format":"standard","meta":{"footnotes":""},"categories":[2],"tags":[3690,711,716,5,6],"class_list":["post-10541","post","type-post","status-publish","format-standard","has-post-thumbnail","hentry","category-tierra-del-fuego","tag-freno","tag-gobierno-nacional","tag-medidas","tag-tierra-del-fuego","tag-ushuaia"],"featured_image_urls":{"full":["https:\/\/opinionpublica.com.ar\/index\/wp-content\/uploads\/2025\/03\/2330a377-7746-43a1-d21d-4021644cdfe1-laura-avila.jpg",1280,854,false],"thumbnail":["https:\/\/opinionpublica.com.ar\/index\/wp-content\/uploads\/2025\/03\/2330a377-7746-43a1-d21d-4021644cdfe1-laura-avila-150x150.jpg",150,150,true],"medium":["https:\/\/opinionpublica.com.ar\/index\/wp-content\/uploads\/2025\/03\/2330a377-7746-43a1-d21d-4021644cdfe1-laura-avila-300x200.jpg",300,200,true],"medium_large":["https:\/\/opinionpublica.com.ar\/index\/wp-content\/uploads\/2025\/03\/2330a377-7746-43a1-d21d-4021644cdfe1-laura-avila-768x512.jpg",640,427,true],"large":["https:\/\/opinionpublica.com.ar\/index\/wp-content\/uploads\/2025\/03\/2330a377-7746-43a1-d21d-4021644cdfe1-laura-avila-1024x683.jpg",640,427,true],"1536x1536":["https:\/\/opinionpublica.com.ar\/index\/wp-content\/uploads\/2025\/03\/2330a377-7746-43a1-d21d-4021644cdfe1-laura-avila.jpg",1280,854,false],"2048x2048":["https:\/\/opinionpublica.com.ar\/index\/wp-content\/uploads\/2025\/03\/2330a377-7746-43a1-d21d-4021644cdfe1-laura-avila.jpg",1280,854,false],"morenews-large":["https:\/\/opinionpublica.com.ar\/index\/wp-content\/uploads\/2025\/03\/2330a377-7746-43a1-d21d-4021644cdfe1-laura-avila-825x575.jpg",825,575,true],"morenews-medium":["https:\/\/opinionpublica.com.ar\/index\/wp-content\/uploads\/2025\/03\/2330a377-7746-43a1-d21d-4021644cdfe1-laura-avila-590x410.jpg",590,410,true]},"author_info":{"display_name":"Hal","author_link":"https:\/\/opinionpublica.com.ar\/index\/author\/hal\/"},"category_info":"<a href=\"https:\/\/opinionpublica.com.ar\/index\/category\/tierra-del-fuego\/\" rel=\"category tag\">Tierra del Fuego<\/a>","tag_info":"Tierra del Fuego","comment_count":"0","_links":{"self":[{"href":"https:\/\/opinionpublica.com.ar\/index\/wp-json\/wp\/v2\/posts\/10541","targetHints":{"allow":["GET"]}}],"collection":[{"href":"https:\/\/opinionpublica.com.ar\/index\/wp-json\/wp\/v2\/posts"}],"about":[{"href":"https:\/\/opinionpublica.com.ar\/index\/wp-json\/wp\/v2\/types\/post"}],"author":[{"embeddable":true,"href":"https:\/\/opinionpublica.com.ar\/index\/wp-json\/wp\/v2\/users\/5"}],"replies":[{"embeddable":true,"href":"https:\/\/opinionpublica.com.ar\/index\/wp-json\/wp\/v2\/comments?post=10541"}],"version-history":[{"count":2,"href":"https:\/\/opinionpublica.com.ar\/index\/wp-json\/wp\/v2\/posts\/10541\/revisions"}],"predecessor-version":[{"id":10543,"href":"https:\/\/opinionpublica.com.ar\/index\/wp-json\/wp\/v2\/posts\/10541\/revisions\/10543"}],"wp:featuredmedia":[{"embeddable":true,"href":"https:\/\/opinionpublica.com.ar\/index\/wp-json\/wp\/v2\/media\/8932"}],"wp:attachment":[{"href":"https:\/\/opinionpublica.com.ar\/index\/wp-json\/wp\/v2\/media?parent=10541"}],"wp:term":[{"taxonomy":"category","embeddable":true,"href":"https:\/\/opinionpublica.com.ar\/index\/wp-json\/wp\/v2\/categories?post=10541"},{"taxonomy":"post_tag","embeddable":true,"href":"https:\/\/opinionpublica.com.ar\/index\/wp-json\/wp\/v2\/tags?post=10541"}],"curies":[{"name":"wp","href":"https:\/\/api.w.org\/{rel}","templated":true}]}}