{"id":10544,"date":"2025-07-31T09:48:07","date_gmt":"2025-07-31T12:48:07","guid":{"rendered":"https:\/\/opinionpublica.com.ar\/index\/?p=10544"},"modified":"2025-07-31T09:48:07","modified_gmt":"2025-07-31T12:48:07","slug":"lopez-propone-unir-ushuaia-rio-grande-y-la-antartida-con-vuelos-comerciales","status":"publish","type":"post","link":"https:\/\/opinionpublica.com.ar\/index\/lopez-propone-unir-ushuaia-rio-grande-y-la-antartida-con-vuelos-comerciales\/","title":{"rendered":"L\u00f3pez propone unir Ushuaia, R\u00edo Grande y la Ant\u00e1rtida con vuelos comerciales"},"content":{"rendered":"<p><strong>L\u00f3pez propone unir Ushuaia, R\u00edo Grande y la Ant\u00e1rtida con vuelos comerciales<\/strong><\/p>\n<section class=\"elementor-section elementor-top-section elementor-element elementor-element-e6fa191 elementor-section-boxed elementor-section-height-default elementor-section-height-default\" data-id=\"e6fa191\" data-element_type=\"section\">\n<div class=\"elementor-container elementor-column-gap-default\">\n<div class=\"elementor-row\">\n<div class=\"elementor-column elementor-col-100 elementor-top-column elementor-element elementor-element-cdfcb02\" data-id=\"cdfcb02\" data-element_type=\"column\">\n<div class=\"elementor-column-wrap elementor-element-populated\">\n<div class=\"elementor-widget-wrap\">La senadora justicialista por Tierra del Fuego present\u00f3 un proyecto de ley que tiene como objetivo \u201cconsolidar la soberan\u00eda nacional en el continente blanco\u201d.<\/div>\n<\/div>\n<\/div>\n<\/div>\n<\/div>\n<\/section>\n<section class=\"elementor-section elementor-top-section elementor-element elementor-element-640466e elementor-section-boxed elementor-section-height-default elementor-section-height-default\" data-id=\"640466e\" data-element_type=\"section\">\n<div class=\"elementor-container elementor-column-gap-default\">\n<div class=\"elementor-row\">\n<div class=\"elementor-column elementor-col-100 elementor-top-column elementor-element elementor-element-2d4a842\" data-id=\"2d4a842\" data-element_type=\"column\">\n<div class=\"elementor-column-wrap elementor-element-populated\">\n<div class=\"elementor-widget-wrap\">\n<div class=\"elementor-element elementor-element-ff1c4ba elementor-widget elementor-widget-theme-post-content\" data-id=\"ff1c4ba\" data-element_type=\"widget\" data-widget_type=\"theme-post-content.default\">\n<div class=\"elementor-widget-container\">\n<p><em>La parlamentaria impulsa una ley para fortalecer la conexi\u00f3n a\u00e9rea entre las dos principales ciudades fueguinas y las bases ant\u00e1rticas Marambio y Petrel.<\/em><span id=\"more-114629\"><\/span><\/p>\n<p><a href=\"https:\/\/opinionpublica.com.ar\/index\/wp-content\/uploads\/2024\/06\/senadora-cristina-lopez.jpg\"><img fetchpriority=\"high\" decoding=\"async\" class=\"alignnone size-full wp-image-3856\" src=\"https:\/\/opinionpublica.com.ar\/index\/wp-content\/uploads\/2024\/06\/senadora-cristina-lopez.jpg\" alt=\"\" width=\"900\" height=\"505\" srcset=\"https:\/\/opinionpublica.com.ar\/index\/wp-content\/uploads\/2024\/06\/senadora-cristina-lopez.jpg 900w, https:\/\/opinionpublica.com.ar\/index\/wp-content\/uploads\/2024\/06\/senadora-cristina-lopez-300x168.jpg 300w, https:\/\/opinionpublica.com.ar\/index\/wp-content\/uploads\/2024\/06\/senadora-cristina-lopez-768x431.jpg 768w\" sizes=\"(max-width: 900px) 100vw, 900px\" \/><\/a><\/p>\n<p><em>Senadora del bloque del PJ en la C\u00e1mara Alta, por Tierra del Fuego, Cristina L\u00f3pez.<\/em><\/p>\n<p>La senadora nacional Cristina L\u00f3pez present\u00f3 un proyecto de ley para declarar de Inter\u00e9s Estrat\u00e9gico Nacional la conexi\u00f3n a\u00e9rea comercial entre Tierra del Fuego y la Ant\u00e1rtida Argentina. La iniciativa apunta a consolidar la soberan\u00eda nacional en el continente blanco, potenciar la integraci\u00f3n territorial y promover un desarrollo sustentable basado en log\u00edstica, turismo y cuidado ambiental.<\/p>\n<p>\u201cLa Ant\u00e1rtida es una parte fundamental de nuestra provincia. Fortalecer los lazos a\u00e9reos entre Tierra del Fuego y nuestras bases en Marambio y Petrel es ejercer soberan\u00eda, defender el territorio y proyectar el futuro\u201d, se\u00f1al\u00f3 la senadora al fundamentar la propuesta.<\/p>\n<p>El proyecto establece una temporada oficial de transporte a\u00e9reo ant\u00e1rtico \u2014de septiembre a abril\u2014 y prev\u00e9 que el Poder Ejecutivo Nacional implemente pol\u00edticas p\u00fablicas espec\u00edficas para impulsar esa conexi\u00f3n, articulando con sectores p\u00fablicos y privados, y garantizando est\u00e1ndares t\u00e9cnicos, log\u00edsticos y ambientales.<\/p>\n<p>La iniciativa nacional se apoya en la Ley Provincial 1552, sancionada por unanimidad en junio de 2024, que declar\u00f3 de inter\u00e9s estrat\u00e9gico para Tierra del Fuego la conexi\u00f3n a\u00e9rea con la Ant\u00e1rtida. \u201cQuiero reconocer a los legisladores por poner este tema en la agenda fueguina. Ahora podemos dar un paso m\u00e1s para instalarlo a nivel nacional\u201d, destac\u00f3 L\u00f3pez.<\/p>\n<p>La propuesta contempla la habilitaci\u00f3n de rutas a\u00e9reas regulares de pasajeros, carga y correo entre Ushuaia y R\u00edo Grande con las bases ant\u00e1rticas argentinas. Podr\u00e1n ser operadas por concesiones p\u00fablicas, privadas o mixtas, pero con el requisito de que las empresas tengan sede en Tierra del Fuego, para fortalecer el desarrollo local.<\/p>\n<p>Adem\u00e1s, el proyecto promueve servicios complementarios para los pasajeros, impulsa el turismo ant\u00e1rtico en articulaci\u00f3n con el INFUETUR y fomenta la capacitaci\u00f3n obligatoria sobre el ecosistema ant\u00e1rtico. Se establece tambi\u00e9n el uso obligatorio de la \u201cGu\u00eda de los visitantes a la Ant\u00e1rtida\u201d y la articulaci\u00f3n con municipios y organismos provinciales para campa\u00f1as de promoci\u00f3n.<\/p>\n<p>\u201cLa presencia argentina en la Ant\u00e1rtida debe dejar de ser simb\u00f3lica y transformarse en una pol\u00edtica planificada, con mirada geopol\u00edtica y ambiental\u201d, afirm\u00f3 L\u00f3pez. \u201cLa Ant\u00e1rtida representa una oportunidad de desarrollo, pero debe hacerse con responsabilidad\u201d, agreg\u00f3, al se\u00f1alar que la ley contempla mecanismos concretos para asegurar el cumplimiento de los principios del Tratado Ant\u00e1rtico.<\/p>\n<p>La senadora remarc\u00f3 que la iniciativa se enmarca en la Constituci\u00f3n Nacional y en los principios del derecho aeron\u00e1utico internacional, que facultan al Congreso a regular la navegaci\u00f3n a\u00e9rea como herramienta de soberan\u00eda. \u201cEste proyecto es una respuesta concreta a un mandato hist\u00f3rico: ejercer presencia y control log\u00edstico en el extremo sur del continente americano\u201d, sostuvo.<\/p>\n<p>\u201cLa Argentina que so\u00f1amos no puede construirse d\u00e1ndole la espalda a la Ant\u00e1rtida. Necesitamos una mirada estrat\u00e9gica, con vocaci\u00f3n de soberan\u00eda y planificaci\u00f3n responsable. Eso es lo que propone esta ley\u201d, concluy\u00f3 L\u00f3pez.<\/p>\n<\/div>\n<\/div>\n<\/div>\n<\/div>\n<\/div>\n<\/div>\n<\/div>\n<\/section>\n<section class=\"elementor-section elementor-top-section elementor-element elementor-element-7e0c26d elementor-section-boxed elementor-section-height-default elementor-section-height-default\" data-id=\"7e0c26d\" data-element_type=\"section\">\n<div class=\"elementor-container elementor-column-gap-default\">\n<div class=\"elementor-row\">\n<div class=\"elementor-column elementor-col-100 elementor-top-column elementor-element elementor-element-7b20f03\" data-id=\"7b20f03\" data-element_type=\"column\">\n<div class=\"elementor-column-wrap elementor-element-populated\">\n<div class=\"elementor-widget-wrap\">\n<div class=\"elementor-element elementor-element-e9f2e84 elementor-widget elementor-widget-wp-widget-text\" data-id=\"e9f2e84\" data-element_type=\"widget\" data-widget_type=\"wp-widget-text.default\">\n<div class=\"elementor-widget-container\">\n<div class=\"textwidget\">\n<div class=\"contenido \">\n<div class=\"adserver-zonas-noticias\" data-index=\"5\"><em>Edici\u00f3n:<\/em><strong><em>Diario Prensa<\/em><\/strong><\/div>\n<\/div>\n<\/div>\n<\/div>\n<\/div>\n<\/div>\n<\/div>\n<\/div>\n<\/div>\n<\/div>\n<\/section>\n","protected":false},"excerpt":{"rendered":"<p>L\u00f3pez propone unir Ushuaia, R\u00edo Grande y la Ant\u00e1rtida con vuelos comerciales La senadora justicialista por Tierra del<\/p>\n","protected":false},"author":5,"featured_media":3856,"comment_status":"open","ping_status":"open","sticky":false,"template":"","format":"standard","meta":{"footnotes":""},"categories":[2],"tags":[2851,174,72],"class_list":["post-10544","post","type-post","status-publish","format-standard","has-post-thumbnail","hentry","category-tierra-del-fuego","tag-conectividad-aerea","tag-cristina-lopez","tag-vuelos"],"featured_image_urls":{"full":["https:\/\/opinionpublica.com.ar\/index\/wp-content\/uploads\/2024\/06\/senadora-cristina-lopez.jpg",900,505,false],"thumbnail":["https:\/\/opinionpublica.com.ar\/index\/wp-content\/uploads\/2024\/06\/senadora-cristina-lopez-150x150.jpg",150,150,true],"medium":["https:\/\/opinionpublica.com.ar\/index\/wp-content\/uploads\/2024\/06\/senadora-cristina-lopez-300x168.jpg",300,168,true],"medium_large":["https:\/\/opinionpublica.com.ar\/index\/wp-content\/uploads\/2024\/06\/senadora-cristina-lopez-768x431.jpg",640,359,true],"large":["https:\/\/opinionpublica.com.ar\/index\/wp-content\/uploads\/2024\/06\/senadora-cristina-lopez.jpg",640,359,false],"1536x1536":["https:\/\/opinionpublica.com.ar\/index\/wp-content\/uploads\/2024\/06\/senadora-cristina-lopez.jpg",900,505,false],"2048x2048":["https:\/\/opinionpublica.com.ar\/index\/wp-content\/uploads\/2024\/06\/senadora-cristina-lopez.jpg",900,505,false],"morenews-large":["https:\/\/opinionpublica.com.ar\/index\/wp-content\/uploads\/2024\/06\/senadora-cristina-lopez-825x505.jpg",825,505,true],"morenews-medium":["https:\/\/opinionpublica.com.ar\/index\/wp-content\/uploads\/2024\/06\/senadora-cristina-lopez-590x410.jpg",590,410,true]},"author_info":{"display_name":"Hal","author_link":"https:\/\/opinionpublica.com.ar\/index\/author\/hal\/"},"category_info":"<a href=\"https:\/\/opinionpublica.com.ar\/index\/category\/tierra-del-fuego\/\" rel=\"category tag\">Tierra del Fuego<\/a>","tag_info":"Tierra del Fuego","comment_count":"0","_links":{"self":[{"href":"https:\/\/opinionpublica.com.ar\/index\/wp-json\/wp\/v2\/posts\/10544","targetHints":{"allow":["GET"]}}],"collection":[{"href":"https:\/\/opinionpublica.com.ar\/index\/wp-json\/wp\/v2\/posts"}],"about":[{"href":"https:\/\/opinionpublica.com.ar\/index\/wp-json\/wp\/v2\/types\/post"}],"author":[{"embeddable":true,"href":"https:\/\/opinionpublica.com.ar\/index\/wp-json\/wp\/v2\/users\/5"}],"replies":[{"embeddable":true,"href":"https:\/\/opinionpublica.com.ar\/index\/wp-json\/wp\/v2\/comments?post=10544"}],"version-history":[{"count":1,"href":"https:\/\/opinionpublica.com.ar\/index\/wp-json\/wp\/v2\/posts\/10544\/revisions"}],"predecessor-version":[{"id":10546,"href":"https:\/\/opinionpublica.com.ar\/index\/wp-json\/wp\/v2\/posts\/10544\/revisions\/10546"}],"wp:featuredmedia":[{"embeddable":true,"href":"https:\/\/opinionpublica.com.ar\/index\/wp-json\/wp\/v2\/media\/3856"}],"wp:attachment":[{"href":"https:\/\/opinionpublica.com.ar\/index\/wp-json\/wp\/v2\/media?parent=10544"}],"wp:term":[{"taxonomy":"category","embeddable":true,"href":"https:\/\/opinionpublica.com.ar\/index\/wp-json\/wp\/v2\/categories?post=10544"},{"taxonomy":"post_tag","embeddable":true,"href":"https:\/\/opinionpublica.com.ar\/index\/wp-json\/wp\/v2\/tags?post=10544"}],"curies":[{"name":"wp","href":"https:\/\/api.w.org\/{rel}","templated":true}]}}