{"id":10547,"date":"2025-07-31T21:59:52","date_gmt":"2025-08-01T00:59:52","guid":{"rendered":"https:\/\/opinionpublica.com.ar\/index\/?p=10547"},"modified":"2025-07-31T21:59:52","modified_gmt":"2025-08-01T00:59:52","slug":"inseguridad-ingresaron-a-la-casa-del-ex-juez-doctor-daniel-cesari-hernandez","status":"publish","type":"post","link":"https:\/\/opinionpublica.com.ar\/index\/inseguridad-ingresaron-a-la-casa-del-ex-juez-doctor-daniel-cesari-hernandez\/","title":{"rendered":"Inseguridad: Ingresaron a la casa del ex juez Doctor Daniel Cesari Hernandez"},"content":{"rendered":"<p><strong>Inseguridad: Ingresaron a la casa del ex juez Doctor Daniel Cesari Hernandez<\/strong><\/p>\n<p>Se dio a conocer otro hecho de inseguridad en la ciudad de Ushuaia ocurrido el 18 de julio pasado y que esta vez tuvo como objeto dos viviendas siendo una de ellas la del ex juez de R\u00edo Grande el Doctor Daniel Cesari Hernandez, ubicada en el Barrio Pipo de la ciudad de Ushuaia.<\/p>\n<p><a href=\"https:\/\/opinionpublica.com.ar\/index\/wp-content\/uploads\/2025\/07\/a33fa4d2-5ee6-4a3e-a69a-25d82ed6b0b7-Daniel-Cesari-Hernandez.jpg\"><img fetchpriority=\"high\" decoding=\"async\" class=\"alignnone size-full wp-image-10550\" src=\"https:\/\/opinionpublica.com.ar\/index\/wp-content\/uploads\/2025\/07\/a33fa4d2-5ee6-4a3e-a69a-25d82ed6b0b7-Daniel-Cesari-Hernandez.jpg\" alt=\"\" width=\"1220\" height=\"1500\" srcset=\"https:\/\/opinionpublica.com.ar\/index\/wp-content\/uploads\/2025\/07\/a33fa4d2-5ee6-4a3e-a69a-25d82ed6b0b7-Daniel-Cesari-Hernandez.jpg 1220w, https:\/\/opinionpublica.com.ar\/index\/wp-content\/uploads\/2025\/07\/a33fa4d2-5ee6-4a3e-a69a-25d82ed6b0b7-Daniel-Cesari-Hernandez-244x300.jpg 244w, https:\/\/opinionpublica.com.ar\/index\/wp-content\/uploads\/2025\/07\/a33fa4d2-5ee6-4a3e-a69a-25d82ed6b0b7-Daniel-Cesari-Hernandez-833x1024.jpg 833w, https:\/\/opinionpublica.com.ar\/index\/wp-content\/uploads\/2025\/07\/a33fa4d2-5ee6-4a3e-a69a-25d82ed6b0b7-Daniel-Cesari-Hernandez-768x944.jpg 768w, https:\/\/opinionpublica.com.ar\/index\/wp-content\/uploads\/2025\/07\/a33fa4d2-5ee6-4a3e-a69a-25d82ed6b0b7-Daniel-Cesari-Hernandez-1024x1259.jpg 1024w\" sizes=\"(max-width: 1220px) 100vw, 1220px\" \/><\/a><br \/>\nSeg\u00fan narr\u00f3 el Doctor Cesari en comunicaci\u00f3n con este medio, ese d\u00eda llegaba a su casa proveniente de R\u00edo Grande junto a su esposa, momentos en los que observ\u00f3 un importante operativo policial en la puerta de su domicilio. Al acercarse a los efectivos fue informado que personas desconocidas hab\u00edan robado en la vivienda contigua, para lo cual en forma previa hab\u00edan ingresado a su propiedad e incluso, usado un banco que se hallaba en su jard\u00edn para trepar por la medianera y acceder a la casa del vecino de la que se llevaron objetos personales.<\/p>\n<p>Fue as\u00ed que la polic\u00eda solicit\u00f3 al Dr Cesari y a su esposa ingresar a su vivienda para buscar rastros y les pregunt\u00f3 si ten\u00edan c\u00e1maras operativas, a lo que accedieron permitieron el ingreso del personal policial y cooperaron con ellos en el an\u00e1lisis de los registros f\u00edlmicos de las c\u00e1maras que el matrimonio posee instaladas en diversos sectores de la propiedad.<br \/>\nExplic\u00f3 que luego de alg\u00fan tiempo de an\u00e1lisis, pudieron localizar que el hecho se hab\u00eda cometido ese mismo d\u00eda cerca de las 19 horas y que las c\u00e1maras hab\u00edan grabado al delincuente no solo ingresando a la propiedad del Dr Cesari sino tambi\u00e9n, transitando por el jard\u00edn y trepando en el techo del vecino. Agreg\u00f3 \u201clas c\u00e1maras captan a esa persona muy claramente, trepado en el techo y por momento incluso el rostro qued\u00f3 captado de frente\u201d<\/p>\n<p>&nbsp;<\/p>\n<p><a href=\"https:\/\/opinionpublica.com.ar\/index\/wp-content\/uploads\/2025\/07\/92237e43-7d31-4fce-b0dd-017b06f018cb.jpg\"><img decoding=\"async\" class=\"alignnone size-full wp-image-10551\" src=\"https:\/\/opinionpublica.com.ar\/index\/wp-content\/uploads\/2025\/07\/92237e43-7d31-4fce-b0dd-017b06f018cb.jpg\" alt=\"\" width=\"1354\" height=\"818\" srcset=\"https:\/\/opinionpublica.com.ar\/index\/wp-content\/uploads\/2025\/07\/92237e43-7d31-4fce-b0dd-017b06f018cb.jpg 1354w, https:\/\/opinionpublica.com.ar\/index\/wp-content\/uploads\/2025\/07\/92237e43-7d31-4fce-b0dd-017b06f018cb-300x181.jpg 300w, https:\/\/opinionpublica.com.ar\/index\/wp-content\/uploads\/2025\/07\/92237e43-7d31-4fce-b0dd-017b06f018cb-1024x619.jpg 1024w, https:\/\/opinionpublica.com.ar\/index\/wp-content\/uploads\/2025\/07\/92237e43-7d31-4fce-b0dd-017b06f018cb-768x464.jpg 768w\" sizes=\"(max-width: 1354px) 100vw, 1354px\" \/><\/a><br \/>\nDichas im\u00e1genes fueron aportadas al personal policial quien igualmente pudo recolectar rastros que encontr\u00f3 en el jard\u00edn del Dr Cesari.<br \/>\nSe\u00f1al\u00f3 que \u201cafortunadamente el hecho del que fuimos v\u00edctimas sin perjuicio de ser un delito, se limit\u00f3 a la violaci\u00f3n de nuestro domicilio y afortunadamente no estaba mi se\u00f1ora en ese momento porque l\u00f3gicamente hubiera sido una situaci\u00f3n muy fea para ella encontrarse con un extra\u00f1o transitando en la propiedad y trepando el muro\u201d. Tambi\u00e9n se\u00f1al\u00f3 que \u201cnos informaron que esta persona ingres\u00f3 a robar a la casa de nuestro vecino, usando nuestra casa como medio de acceso\u201d y agreg\u00f3 \u201cpor suerte las c\u00e1maras que tenemos grabaron el ingreso desde la calle y el camino que hizo por nuestra propiedad y se lo puede ver con claridad trepado en el techo del vecino y dirigi\u00e9ndose hacia una ventana\u201d<br \/>\nEn cuanto al delincuente se\u00f1al\u00f3 \u201cpor lo que vemos en las c\u00e1maras ser\u00eda una persona joven de sexo masculino y aparentemente actuando s\u00f3lo, pero igualmente las filmaciones son lo suficientemente claras para poder iniciar la investigaci\u00f3n e identificarlo\u201d.<br \/>\nAgreg\u00f3 que hasta el momento desde la justicia nadie se comunic\u00f3 con ellos sin perjuicio de la posibilidad de presentarse eventualmente en la causa en calidad de v\u00edctima y querellante.<\/p>\n<p><a href=\"https:\/\/opinionpublica.com.ar\/index\/wp-content\/uploads\/2025\/07\/0a453923-aabe-46cb-b08b-4a2b05043361.jpg\"><img decoding=\"async\" class=\"alignnone size-full wp-image-10549\" src=\"https:\/\/opinionpublica.com.ar\/index\/wp-content\/uploads\/2025\/07\/0a453923-aabe-46cb-b08b-4a2b05043361.jpg\" alt=\"\" width=\"1599\" height=\"899\" srcset=\"https:\/\/opinionpublica.com.ar\/index\/wp-content\/uploads\/2025\/07\/0a453923-aabe-46cb-b08b-4a2b05043361.jpg 1599w, https:\/\/opinionpublica.com.ar\/index\/wp-content\/uploads\/2025\/07\/0a453923-aabe-46cb-b08b-4a2b05043361-300x169.jpg 300w, https:\/\/opinionpublica.com.ar\/index\/wp-content\/uploads\/2025\/07\/0a453923-aabe-46cb-b08b-4a2b05043361-1024x576.jpg 1024w, https:\/\/opinionpublica.com.ar\/index\/wp-content\/uploads\/2025\/07\/0a453923-aabe-46cb-b08b-4a2b05043361-768x432.jpg 768w, https:\/\/opinionpublica.com.ar\/index\/wp-content\/uploads\/2025\/07\/0a453923-aabe-46cb-b08b-4a2b05043361-1536x864.jpg 1536w\" sizes=\"(max-width: 1599px) 100vw, 1599px\" \/><\/a><\/p>\n<p>Consultado sobre lo ocurrido manifest\u00f3 su preocupaci\u00f3n al sostener \u201cno s\u00f3lo nos preocupa el hecho en s\u00ed mismo y el que sufri\u00f3 nuestro vecino, sino tambi\u00e9n que se est\u00e1n incrementando los hechos de inseguridad tanto en Ushuaia como en la Provincia\u201d<br \/>\nEl Dr Cesari expres\u00f3 \u201cm\u00e1s all\u00e1 del hecho, quiero destacar el profesionalismo con el que actu\u00f3 tanto el personal de la Comisar\u00eda Cuarta de Ushuaia como la Polic\u00eda Cient\u00edfica de esta ciudad, quienes me coment\u00f3 mi vecino, ni bien \u00e9l dio aviso a la polic\u00eda, se constituyeron muy r\u00e1pido en el lugar\u201d y agreg\u00f3 \u201cTambi\u00e9n destaco la seriedad y el respeto con el que todo el personal estuvo trabajando en su domicilio varias horas, buscando rastros y analizando las c\u00e1maras\u201d<\/p>\n<p>Agreg\u00f3 \u201ctal vez muchas personas no conocen este esfuerzo y estas carencias. Por ejemplo quien pas\u00f3 por el lugar y vio ese d\u00eda los patrulleros y la camioneta de la Polic\u00eda Cient\u00edfica, pens\u00f3 que ten\u00edan un gran equipo, pero la verdad es que en el interior de esa camioneta no existe el equipo que dicha Divisi\u00f3n necesitar\u00eda tener ni mucho menos\u201d. Lament\u00f3 esta situaci\u00f3n y su esperanza en que ello se revierta. Por \u00faltimo expres\u00f3 guardar un gran recuerdo y agradecimiento a la Instituci\u00f3n policial y a su personal, por el trabajo realizado durante los a\u00f1os de su gesti\u00f3n judicial.<\/p>\n","protected":false},"excerpt":{"rendered":"<p>Inseguridad: Ingresaron a la casa del ex juez Doctor Daniel Cesari Hernandez Se dio a conocer otro hecho<\/p>\n","protected":false},"author":5,"featured_media":10550,"comment_status":"open","ping_status":"open","sticky":false,"template":"","format":"standard","meta":{"footnotes":""},"categories":[21],"tags":[3691,3694,3693,3692],"class_list":["post-10547","post","type-post","status-publish","format-standard","has-post-thumbnail","hentry","category-ushuaia","tag-daniel-cesari-hernandez","tag-ex-juez","tag-hecho-policial","tag-inseguridad"],"featured_image_urls":{"full":["https:\/\/opinionpublica.com.ar\/index\/wp-content\/uploads\/2025\/07\/a33fa4d2-5ee6-4a3e-a69a-25d82ed6b0b7-Daniel-Cesari-Hernandez.jpg",1220,1500,false],"thumbnail":["https:\/\/opinionpublica.com.ar\/index\/wp-content\/uploads\/2025\/07\/a33fa4d2-5ee6-4a3e-a69a-25d82ed6b0b7-Daniel-Cesari-Hernandez-150x150.jpg",150,150,true],"medium":["https:\/\/opinionpublica.com.ar\/index\/wp-content\/uploads\/2025\/07\/a33fa4d2-5ee6-4a3e-a69a-25d82ed6b0b7-Daniel-Cesari-Hernandez-244x300.jpg",244,300,true],"medium_large":["https:\/\/opinionpublica.com.ar\/index\/wp-content\/uploads\/2025\/07\/a33fa4d2-5ee6-4a3e-a69a-25d82ed6b0b7-Daniel-Cesari-Hernandez-768x944.jpg",640,787,true],"large":["https:\/\/opinionpublica.com.ar\/index\/wp-content\/uploads\/2025\/07\/a33fa4d2-5ee6-4a3e-a69a-25d82ed6b0b7-Daniel-Cesari-Hernandez-833x1024.jpg",640,787,true],"1536x1536":["https:\/\/opinionpublica.com.ar\/index\/wp-content\/uploads\/2025\/07\/a33fa4d2-5ee6-4a3e-a69a-25d82ed6b0b7-Daniel-Cesari-Hernandez.jpg",1220,1500,false],"2048x2048":["https:\/\/opinionpublica.com.ar\/index\/wp-content\/uploads\/2025\/07\/a33fa4d2-5ee6-4a3e-a69a-25d82ed6b0b7-Daniel-Cesari-Hernandez.jpg",1220,1500,false],"morenews-large":["https:\/\/opinionpublica.com.ar\/index\/wp-content\/uploads\/2025\/07\/a33fa4d2-5ee6-4a3e-a69a-25d82ed6b0b7-Daniel-Cesari-Hernandez-825x575.jpg",825,575,true],"morenews-medium":["https:\/\/opinionpublica.com.ar\/index\/wp-content\/uploads\/2025\/07\/a33fa4d2-5ee6-4a3e-a69a-25d82ed6b0b7-Daniel-Cesari-Hernandez-590x410.jpg",590,410,true]},"author_info":{"display_name":"Hal","author_link":"https:\/\/opinionpublica.com.ar\/index\/author\/hal\/"},"category_info":"<a href=\"https:\/\/opinionpublica.com.ar\/index\/category\/ushuaia\/\" rel=\"category tag\">Ushuaia<\/a>","tag_info":"Ushuaia","comment_count":"0","_links":{"self":[{"href":"https:\/\/opinionpublica.com.ar\/index\/wp-json\/wp\/v2\/posts\/10547","targetHints":{"allow":["GET"]}}],"collection":[{"href":"https:\/\/opinionpublica.com.ar\/index\/wp-json\/wp\/v2\/posts"}],"about":[{"href":"https:\/\/opinionpublica.com.ar\/index\/wp-json\/wp\/v2\/types\/post"}],"author":[{"embeddable":true,"href":"https:\/\/opinionpublica.com.ar\/index\/wp-json\/wp\/v2\/users\/5"}],"replies":[{"embeddable":true,"href":"https:\/\/opinionpublica.com.ar\/index\/wp-json\/wp\/v2\/comments?post=10547"}],"version-history":[{"count":1,"href":"https:\/\/opinionpublica.com.ar\/index\/wp-json\/wp\/v2\/posts\/10547\/revisions"}],"predecessor-version":[{"id":10552,"href":"https:\/\/opinionpublica.com.ar\/index\/wp-json\/wp\/v2\/posts\/10547\/revisions\/10552"}],"wp:featuredmedia":[{"embeddable":true,"href":"https:\/\/opinionpublica.com.ar\/index\/wp-json\/wp\/v2\/media\/10550"}],"wp:attachment":[{"href":"https:\/\/opinionpublica.com.ar\/index\/wp-json\/wp\/v2\/media?parent=10547"}],"wp:term":[{"taxonomy":"category","embeddable":true,"href":"https:\/\/opinionpublica.com.ar\/index\/wp-json\/wp\/v2\/categories?post=10547"},{"taxonomy":"post_tag","embeddable":true,"href":"https:\/\/opinionpublica.com.ar\/index\/wp-json\/wp\/v2\/tags?post=10547"}],"curies":[{"name":"wp","href":"https:\/\/api.w.org\/{rel}","templated":true}]}}