{"id":10553,"date":"2025-08-01T10:10:21","date_gmt":"2025-08-01T13:10:21","guid":{"rendered":"https:\/\/opinionpublica.com.ar\/index\/?p=10553"},"modified":"2025-08-01T10:10:21","modified_gmt":"2025-08-01T13:10:21","slug":"la-libertad-avanza-busca-mas-manos-para-el-presidente-milei-en-el-congreso","status":"publish","type":"post","link":"https:\/\/opinionpublica.com.ar\/index\/la-libertad-avanza-busca-mas-manos-para-el-presidente-milei-en-el-congreso\/","title":{"rendered":"LA LIBERTAD AVANZA BUSCA M\u00c1S MANOS PARA EL PRESIDENTE MILEI EN EL CONGRESO"},"content":{"rendered":"<header class=\"entry-header\">\n<p class=\"entry-title\"><strong>LA LIBERTAD AVANZA BUSCA M\u00c1S MANOS PARA EL PRESIDENTE MILEI EN EL CONGRESO<\/strong><\/p>\n<\/header>\n<p><a href=\"https:\/\/opinionpublica.com.ar\/index\/wp-content\/uploads\/2025\/08\/NATALIA-820x360-graciania.jpg\"><img fetchpriority=\"high\" decoding=\"async\" class=\"alignnone size-full wp-image-10554\" src=\"https:\/\/opinionpublica.com.ar\/index\/wp-content\/uploads\/2025\/08\/NATALIA-820x360-graciania.jpg\" alt=\"\" width=\"820\" height=\"360\" srcset=\"https:\/\/opinionpublica.com.ar\/index\/wp-content\/uploads\/2025\/08\/NATALIA-820x360-graciania.jpg 820w, https:\/\/opinionpublica.com.ar\/index\/wp-content\/uploads\/2025\/08\/NATALIA-820x360-graciania-300x132.jpg 300w, https:\/\/opinionpublica.com.ar\/index\/wp-content\/uploads\/2025\/08\/NATALIA-820x360-graciania-768x337.jpg 768w\" sizes=\"(max-width: 820px) 100vw, 820px\" \/><\/a><\/p>\n<div class=\"entry-content clearfix\">\n<p>La legisladora Natalia Gracian\u00eda confirm\u00f3 la conformaci\u00f3n de un frente con Republicanos y el Partido Libertario, y todav\u00eda se analiza la integraci\u00f3n de alg\u00fan otro sector. Puso como condici\u00f3n excluyente comulgar con las ideas del presidente Milei, dado que se busca aportar m\u00e1s diputados y senadores para sacar las leyes que hoy est\u00e1n trabadas en el Congreso. Puso en duda las encuestas que marcan una ca\u00edda en las preferencias del electorado, porque \u201cmuchas veces responden a intereses pol\u00edticos\u201d. No dio nombres de los candidatos, pero no descart\u00f3 acompa\u00f1ar a Agust\u00edn Coto si el espacio as\u00ed lo decide. Por otro lado, marc\u00f3 contradicciones entre el gobernador, que piensa en gastar miles de millones en las elecciones para la reforma constitucional, con el Ministro de Econom\u00eda, que est\u00e1 planteando ajustar el gasto. \u201cLos n\u00fameros no le cierran al gobierno de Gustavo Melella\u201d, dijo, y tambi\u00e9n puso en duda la transparencia del gobierno, que impide el control legislativo al no responder los pedidos de informe.<\/p>\n<p>R\u00edo Grande.- La legisladora de La Libertad Avanza Natalia Gracian\u00eda fue consultada en el programa \u2018Buscando el Equilibrio\u2019 por Radio Provincia sobre el cierre de alianzas y confirm\u00f3 la conformaci\u00f3n de un frente con los propios, con el objetivo de aportar m\u00e1s manos al gobierno de Milei. \u201cEstamos trabajando con mucha expectativa y esperanza. Es una gran oportunidad la que se abre para La Libertad Avanza porque desde Tierra del Fuego podemos aportar diputados y senadores al presidente Milei, para que trabajen por la reconstrucci\u00f3n de la Argentina. Creemos que muchas de las leyes que faltan van a poder concretarse con la nueva integraci\u00f3n\u201d, confi\u00f3.<\/p>\n<p>\u201cAlgunos sectores se han acercado y vamos a presentarnos como frente La Libertad Avanza, con Republicanos y el Partido Libertario. Veremos si hay otro sector que se suma, que tiene que ser en total alineaci\u00f3n con las ideas del presidente Milei\u201d, condicion\u00f3.<\/p>\n<p>Con respecto a Somos Fueguinos, el MPF y la UCR, dijo que \u201ctenemos diferencias bastante importantes, creo que no habr\u00eda posibilidad de conformar un frente porque para nosotros es fundamental que tengan las mismas ideas y valores que nosotros. Nosotros defendemos la vida desde la concepci\u00f3n, la libertad y la propiedad, y estamos alineados al proyecto que encabeza Javier Milei. Aquellos que quieran sumarse, tienen que alinearse con esto, que no es negociable\u201d, subray\u00f3.<\/p>\n<p>Respecto de las encuestas que marcan una ca\u00edda del espacio en la provincia, analiz\u00f3 que \u201clas encuestas van midiendo distintas fotos. Son fotos de distintos momentos y muchas veces responden a intereses pol\u00edticos, porque las hacen encuestadores que trabajan para los partidos pol\u00edticos\u201d.<\/p>\n<p>Tambi\u00e9n dio cuenta de la unidad del espacio. \u201cSi de algo estamos convencidos en el partido, es de que no nos gustan las divisiones, no tenemos departamentales y somos un mismo partido que trabaja para llevar adelante las ideas de la libertad. Nos interesa que el partido sea una sola fuerza que trabaje con la mayor cohesi\u00f3n posible. Como en cualquier espacio debatimos posturas, pero siempre lo hacemos puertas adentro y apuntamos a una construcci\u00f3n en conjunto. M\u00e1s all\u00e1 de que los n\u00fameros pueden o no fluctuar, lo m\u00e1s importante es que estamos trabajando con un proyecto que vino a alborotar, porque estamos discutiendo temas que parec\u00edan cerrados en Tierra del Fuego, como la acuicultura\u201d, cit\u00f3 como ejemplo.<\/p>\n<p>Se diferenci\u00f3 de los partidos hist\u00f3ricos al se\u00f1alar que \u201cno somos una fuerza tradicional, somos una fuerza que va creciendo y estamos seguros de que, con quienes cerremos filas, van a ser fuerzas con las mismas ideas que nosotros. Si no, no hay posibilidad de que vayamos en un frente\u201d, reiter\u00f3.<\/p>\n<p>\u201cQueremos un mayor fortalecimiento del bloque La Libertad Avanza. Nosotros hemos hecho muy buenas elecciones y estamos en un proceso de crecimiento. Estamos trabajando para que nos vaya muy bien y a nivel Argentina queremos sumar al proceso de transformaci\u00f3n hombres y mujeres de Tierra del Fuego para posibilitar leyes que hasta ahora no han podido ser discutidas. Queremos que la transformaci\u00f3n siga avanzando\u201d, prioriz\u00f3.<\/p>\n<p>Tambi\u00e9n se le pregunt\u00f3 si va a ser candidata, dado que los nombres se agotar\u00edan en los dos legisladores libertarios: \u201cNo vamos a dar la lista de los candidatos hasta el 17 de agosto. Hemos escuchado un mont\u00f3n de versiones, sabemos que hay nombres dando vueltas, pero en el partido tenemos hombres y mujeres muy buenos y comprometidos con las ideas de la libertad. Tenemos nombres suficientes m\u00e1s all\u00e1 de los que pueden estar danzando. No es una cuesti\u00f3n que nos quite el sue\u00f1o todav\u00eda. Lo voy a acompa\u00f1ar a Coto si lo tengo que acompa\u00f1ar y estamos hablando puertas adentro del partido\u201d, dijo.<\/p>\n<p>&nbsp;<\/p>\n<p><strong>Reforma versus ajuste<\/strong><\/p>\n<p>Por otra parte se la consult\u00f3 sobre la reforma constitucional y el gasto que implicar\u00eda, contra el ajuste que est\u00e1 propiciando el Ministro de Econom\u00eda. \u201cNosotros estuvimos en contra por el gran gasto que significa. El momento en que se plante\u00f3 no era muy diferente al que estamos hoy y los n\u00fameros no le cierran al gobierno de Gustavo Melella. Creo que en las finanzas el momento es peor que cuando se empez\u00f3 a hablar de la reforma\u201d, observ\u00f3.<\/p>\n<p>Suponiendo que la Justicia decida que es constitucional la ley, \u201chabr\u00e1 que ver c\u00f3mo se va a afrontar el gasto y si realmente ese dinero est\u00e1 disponible en las arcas provinciales. Por las \u00faltimas declaraciones del Ministro de Econom\u00eda, se est\u00e1 tratando de realizar ajustes y esto es lo que tiene que pasar. Hay que ajustar los gastos que se puedan evitar, porque hay muchos innecesarios\u201d, afirm\u00f3.<\/p>\n<p>Dado que se habla de un costo de 2.500 millones para la elecci\u00f3n, plante\u00f3 que \u201cactualmente se est\u00e1n emitiendo Letras de Tesorer\u00eda para atender gastos corrientes. Nosotros vemos con preocupaci\u00f3n las prioridades del gobernador y no entendemos determinados gastos que se realizan. El Ministro de Econom\u00eda ha planteado ajustes y ese es el camino. La provincia est\u00e1 viviendo una situaci\u00f3n compleja y, cuando discutamos el presupuesto 2026, hay que ver con qu\u00e9 d\u00e9ficit nos encontramos. El presupuesto que se vot\u00f3, que nosotros no acompa\u00f1amos, ten\u00eda un d\u00e9ficit del 5% y vamos a ver qu\u00e9 pasa este a\u00f1o\u201d, expres\u00f3.<\/p>\n<p>\u201cVemos determinados manejos que realiza el gobierno y uno se preocupa. Es potestad del gobierno c\u00f3mo prioriza el gasto y en qu\u00e9 se endeuda, porque no todo pasa por la Legislatura, si bien hay cosas que el gobierno le tira a la Legislatura por la cabeza para que resuelva en sus mesas de comisi\u00f3n\u201d, cuestion\u00f3.<\/p>\n<p>&nbsp;<\/p>\n<p><strong>Financiamiento de OSEF<\/strong><\/p>\n<p>En otro orden de cosas, se refiri\u00f3 a la aprobaci\u00f3n del financiamiento de OSEF y reconoci\u00f3 que se vot\u00f3 por la presi\u00f3n de la Cl\u00ednica San Jorge con el corte de las prestaciones a los afiliados. \u201cEsta ley fue la que logr\u00f3 mayores consensos pero no es la soluci\u00f3n definitiva. Fue la ley posible que se logr\u00f3, en el marco de una coyuntura de corte de prestaciones inminente de uno de los m\u00e1s grandes prestadores privados de salud\u201d, se\u00f1al\u00f3.<\/p>\n<p>&nbsp;<\/p>\n<p><strong>Impuestos para salarios docentes<\/strong><\/p>\n<p>En cuanto al proyecto de financiamiento de salarios docentes mediante un aumento de la presi\u00f3n fiscal, dijo que es otro tema que le tira el gobierno por la cabeza a la Legislatura, cuando deber\u00eda resolverlo en paritarias. \u201cEste es uno de los temas que debiera resolver el gobierno de Gustavo Melella, porque tiene que ver con el salario docente. El proyecto que present\u00f3 el SUTEF en uno de sus puntos plantea duplicar el actual salario docente. No me interesa discutir si est\u00e1 bien duplicarlo o no, o si es poco o mucho lo que pide el gremio, pero esta es una discusi\u00f3n paritaria que excede a la Legislatura y debe darse entre el gremio y el gobierno\u201d, enfatiz\u00f3.<\/p>\n<p>\u201cEl proyecto plantea aumentar la presi\u00f3n fiscal y desde La Libertad Avanza no estamos de acuerdo. Se estar\u00eda subiendo la presi\u00f3n fiscal a los contribuyentes para financiar un problema de caja de la provincia. No estamos de acuerdo con crear impuestos ni con subir impuestos existentes para financiar problemas de caja del gobierno\u201d, defini\u00f3.<\/p>\n<p>\u201cLo mismo pas\u00f3 con OSEF, porque se propon\u00eda la creaci\u00f3n de un impuesto y nosotros estuvimos en desacuerdo. Este es un tema que no est\u00e1 pudiendo resolver el gobierno y no le est\u00e1 garantizando los d\u00edas de clase que deben tener los estudiantes. Est\u00e1 fallando en esto el Ministerio de Educaci\u00f3n y el gobierno de la provincia, porque no garantiza la educaci\u00f3n por un problema que tiene con el gremio\u201d, remarc\u00f3.<\/p>\n<p>\u201cNosotros reconocemos el derecho a reclamar del gremio y a realizar medidas de fuerza, pero las familias est\u00e1n de rehenes en esta situaci\u00f3n. Entre paros, desobligaciones y problemas de infraestructura, siempre hay algo que impide el normal dictado de clases. El gobierno deber\u00eda resolver el problema y no tir\u00e1rselo por la cabeza a la Legislatura\u201d, reclam\u00f3.<\/p>\n<p>&nbsp;<\/p>\n<p><strong>Sin transparencia<\/strong><\/p>\n<p>Finalmente cuestion\u00f3 la falta de transparencia de la gesti\u00f3n Melella, porque no responden a los pedidos de informe en base a los cuales puede ejercer el control la Legislatura. Uno de los puntos fue la ejecuci\u00f3n de los fondos aprobados para infraestructura edilicia. \u201cHay un mont\u00f3n de pedidos de informe realizados que el gobierno no responde. El Ministerio de Educaci\u00f3n present\u00f3 un informe que estamos analizando, pero la mayor\u00eda de las veces presentamos pedidos de informe que quedan en la nada. No es tan sencillo generar el control desde la Legislatura sobre leyes aprobadas, porque el gobierno no colabora en absoluto para que esto se pueda dar\u201d, lament\u00f3.<\/p>\n<p>\u201cEn la comisi\u00f3n de seguridad me cans\u00e9 de solicitar informaciones, citamos al Jefe de Gabinete para pedirle explicaciones y a\u00fan nos falta informaci\u00f3n que no han acercado\u201d, asever\u00f3.<\/p>\n<p>Se le pregunt\u00f3 por qu\u00e9 no recurren a la justicia, estando vigente la ley de acceso a la informaci\u00f3n p\u00fablica, y concedi\u00f3 que \u201ctenemos esa posibilidad de ir a la justicia si vemos que los reiteratorios que se presentan no van a dar resultado. Nosotros somos estrictos con el control que estamos realizando, en la medida de las posibilidades que se puede hacer. Los canales institucionales deber\u00edan funcionar y el gobierno tiene que actuar con transparencia y demostrarlo en los hechos. Si no hay nada que esconder, los canales institucionales que tenemos deber\u00edan funcionar de la manera correcta. No deber\u00edamos estar reiterando pedidos. Se trata de dinero p\u00fablico, no de los funcionarios, que est\u00e1n para administrarlos con responsabilidad y deben dar cuenta de esa administraci\u00f3n. Si los canales institucionales no alcanzan, tomaremos otros\u201d, concluy\u00f3.<\/p>\n<\/div>\n","protected":false},"excerpt":{"rendered":"<p>LA LIBERTAD AVANZA BUSCA M\u00c1S MANOS PARA EL PRESIDENTE MILEI EN EL CONGRESO La legisladora Natalia Gracian\u00eda confirm\u00f3<\/p>\n","protected":false},"author":5,"featured_media":2847,"comment_status":"open","ping_status":"open","sticky":false,"template":"","format":"standard","meta":{"footnotes":""},"categories":[2],"tags":[692,1081,3695,3696],"class_list":["post-10553","post","type-post","status-publish","format-standard","has-post-thumbnail","hentry","category-tierra-del-fuego","tag-javier-milei","tag-natalia-graciania","tag-partido-libertario","tag-republicanos"],"featured_image_urls":{"full":["https:\/\/opinionpublica.com.ar\/index\/wp-content\/uploads\/2024\/05\/natalia-Graciania.jpg",1500,1001,false],"thumbnail":["https:\/\/opinionpublica.com.ar\/index\/wp-content\/uploads\/2024\/05\/natalia-Graciania-150x150.jpg",150,150,true],"medium":["https:\/\/opinionpublica.com.ar\/index\/wp-content\/uploads\/2024\/05\/natalia-Graciania-300x200.jpg",300,200,true],"medium_large":["https:\/\/opinionpublica.com.ar\/index\/wp-content\/uploads\/2024\/05\/natalia-Graciania-768x513.jpg",640,428,true],"large":["https:\/\/opinionpublica.com.ar\/index\/wp-content\/uploads\/2024\/05\/natalia-Graciania-1024x683.jpg",640,427,true],"1536x1536":["https:\/\/opinionpublica.com.ar\/index\/wp-content\/uploads\/2024\/05\/natalia-Graciania.jpg",1500,1001,false],"2048x2048":["https:\/\/opinionpublica.com.ar\/index\/wp-content\/uploads\/2024\/05\/natalia-Graciania.jpg",1500,1001,false],"morenews-large":["https:\/\/opinionpublica.com.ar\/index\/wp-content\/uploads\/2024\/05\/natalia-Graciania-825x575.jpg",825,575,true],"morenews-medium":["https:\/\/opinionpublica.com.ar\/index\/wp-content\/uploads\/2024\/05\/natalia-Graciania-590x410.jpg",590,410,true]},"author_info":{"display_name":"Hal","author_link":"https:\/\/opinionpublica.com.ar\/index\/author\/hal\/"},"category_info":"<a href=\"https:\/\/opinionpublica.com.ar\/index\/category\/tierra-del-fuego\/\" rel=\"category tag\">Tierra del Fuego<\/a>","tag_info":"Tierra del Fuego","comment_count":"0","_links":{"self":[{"href":"https:\/\/opinionpublica.com.ar\/index\/wp-json\/wp\/v2\/posts\/10553","targetHints":{"allow":["GET"]}}],"collection":[{"href":"https:\/\/opinionpublica.com.ar\/index\/wp-json\/wp\/v2\/posts"}],"about":[{"href":"https:\/\/opinionpublica.com.ar\/index\/wp-json\/wp\/v2\/types\/post"}],"author":[{"embeddable":true,"href":"https:\/\/opinionpublica.com.ar\/index\/wp-json\/wp\/v2\/users\/5"}],"replies":[{"embeddable":true,"href":"https:\/\/opinionpublica.com.ar\/index\/wp-json\/wp\/v2\/comments?post=10553"}],"version-history":[{"count":1,"href":"https:\/\/opinionpublica.com.ar\/index\/wp-json\/wp\/v2\/posts\/10553\/revisions"}],"predecessor-version":[{"id":10555,"href":"https:\/\/opinionpublica.com.ar\/index\/wp-json\/wp\/v2\/posts\/10553\/revisions\/10555"}],"wp:featuredmedia":[{"embeddable":true,"href":"https:\/\/opinionpublica.com.ar\/index\/wp-json\/wp\/v2\/media\/2847"}],"wp:attachment":[{"href":"https:\/\/opinionpublica.com.ar\/index\/wp-json\/wp\/v2\/media?parent=10553"}],"wp:term":[{"taxonomy":"category","embeddable":true,"href":"https:\/\/opinionpublica.com.ar\/index\/wp-json\/wp\/v2\/categories?post=10553"},{"taxonomy":"post_tag","embeddable":true,"href":"https:\/\/opinionpublica.com.ar\/index\/wp-json\/wp\/v2\/tags?post=10553"}],"curies":[{"name":"wp","href":"https:\/\/api.w.org\/{rel}","templated":true}]}}