{"id":10637,"date":"2025-08-11T10:34:08","date_gmt":"2025-08-11T13:34:08","guid":{"rendered":"https:\/\/opinionpublica.com.ar\/index\/?p=10637"},"modified":"2025-08-11T10:34:08","modified_gmt":"2025-08-11T13:34:08","slug":"bajada-con-antorchas-del-glaciar-martial-un-evento-emocionante-y-cargado-de-magia","status":"publish","type":"post","link":"https:\/\/opinionpublica.com.ar\/index\/bajada-con-antorchas-del-glaciar-martial-un-evento-emocionante-y-cargado-de-magia\/","title":{"rendered":"Bajada con Antorchas del Glaciar Martial: Un evento emocionante y cargado de magia"},"content":{"rendered":"<h3 class=\"titulo_individual_noticia\">Bajada con Antorchas del Glaciar Martial: Un evento emocionante y cargado de magia<\/h3>\n<div class=\"copete_individual_noticia\">La Secretaria de Turismo de Ushuaia, Viviana Manfredotti, destac\u00f3 el alcance de la tradicional bajada en el Glaciar Martial. \u201cHace treinta a\u00f1os que se realiza la bajada con antorchas y cada a\u00f1o es m\u00e1s bello \u2013valor\u00f3 la funcionaria-. Y si bien siempre hay aspectos por mejorar, el evento fue un \u00e9xito gracias a la articulaci\u00f3n entre el sector p\u00fablico y el privado\u201d.<\/div>\n<div><a href=\"https:\/\/opinionpublica.com.ar\/index\/wp-content\/uploads\/2025\/08\/20250810110616c409aa4a0a4bc1db722a2830aa80f085-ushuaia.jpg\"><img fetchpriority=\"high\" decoding=\"async\" class=\"alignnone size-full wp-image-10638\" src=\"https:\/\/opinionpublica.com.ar\/index\/wp-content\/uploads\/2025\/08\/20250810110616c409aa4a0a4bc1db722a2830aa80f085-ushuaia.jpg\" alt=\"\" width=\"800\" height=\"534\" srcset=\"https:\/\/opinionpublica.com.ar\/index\/wp-content\/uploads\/2025\/08\/20250810110616c409aa4a0a4bc1db722a2830aa80f085-ushuaia.jpg 800w, https:\/\/opinionpublica.com.ar\/index\/wp-content\/uploads\/2025\/08\/20250810110616c409aa4a0a4bc1db722a2830aa80f085-ushuaia-300x200.jpg 300w, https:\/\/opinionpublica.com.ar\/index\/wp-content\/uploads\/2025\/08\/20250810110616c409aa4a0a4bc1db722a2830aa80f085-ushuaia-768x513.jpg 768w\" sizes=\"(max-width: 800px) 100vw, 800px\" \/><\/a><\/div>\n<div class=\"clear_both\"><\/div>\n<div class=\"contenido_individual_noticia\">\n<div class=\"contenedor_primera_letra_individual_noticia\">La Municipalidad de Ushuaia acompa\u00f1\u00f3 la 30\u00b0 edici\u00f3n de la Bajada con Antorchas del Glaciar Martial, que se realiz\u00f3 este s\u00e1bado,\u00a0 donde se brind\u00f3 apoyo log\u00edstico desde Tr\u00e1nsito; Defensa Civil y el apoyo del \u00e1rea de Turismo.<\/div>\n<p>Manfredotti, brind\u00f3 un balance general sobre el evento y detall\u00f3 las actividades impulsadas por el \u00e1rea a su cargo. \u201cEstamos muy contentos de poder participar en esta nueva edici\u00f3n de un evento que no solo es muy esperado por nuestra comunidad, sino tambi\u00e9n por quienes nos visitan\u201d, afirm\u00f3.<\/p>\n<p>Consultada sobre el rol del municipio en la organizaci\u00f3n, explic\u00f3 que \u201cla Municipalidad acompa\u00f1a desde la parte log\u00edstica, tr\u00e1nsito, defensa civil y el marcado de banquinas\u201d; mientras que \u201cdesde la Secretar\u00eda de Turismo organizamos un stand en el que hubo degustaciones de alfajores y sorteos de m\u00e1s de 300 premios aportados desde el sector privado, a quienes agradecemos por hacer este gran esfuerzo en un momento econ\u00f3mico particularmente dif\u00edcil\u201d, valor\u00f3.<\/p>\n<p>En cuanto a la relevancia tur\u00edstica, Manfredotti se\u00f1al\u00f3: \u201cSi bien cada uno de estos eventos tiene su importancia, el conjunto de actividades invernales de estas caracter\u00edsticas contribuye a la calidad de la temporada, enriqueciendo la experiencia de quienes visitan nuestro destino\u201d.<\/p>\n<p>Finalmente, expres\u00f3: \u201cComo fueguina enamorada de nuestro paisaje y de nuestra gente, solo puedo decir que todo fue emocionante. Hace treinta a\u00f1os que se realiza la bajada con antorchas y cada a\u00f1o es m\u00e1s bello \u2013observ\u00f3 la Secretaria de Turismo-. Y si bien siempre hay aspectos por mejorar, el evento fue un \u00e9xito gracias a la articulaci\u00f3n entre el sector p\u00fablico y el privado\u201d.<\/p>\n<p><strong>\u00a0<\/strong><\/p>\n<p><strong>Ushuaia presente en la Feria Meet Up Argentina 2025<\/strong><\/p>\n<p><strong>\u00a0<\/strong><\/p>\n<p>La Secretar\u00eda de Turismo municipal particip\u00f3 activamente en una nueva edici\u00f3n de la Feria Meet Up Argentina organizada por AOCA en el Centro Municipal de Exposiciones de la Ciudad de Buenos Aires.<\/p>\n<p>Con un stand compartido junto a El Calafate y el acompa\u00f1amiento del sector privado a trav\u00e9s del Bureau Ushuaia, la ciudad m\u00e1s austral del mundo se posicion\u00f3 como un destino clave de la Patagonia para el turismo de reuniones, ferias, congresos y eventos. La participaci\u00f3n apunt\u00f3 a fortalecer el posicionamiento de Ushuaia en el mercado nacional e internacional, con especial foco en Brasil -mercado prioritario para la ciudad-, as\u00ed como en Paraguay, Uruguay y otros pa\u00edses de la regi\u00f3n que muestran un crecimiento sostenido en este segmento.<\/p>\n<p>Durante dos jornadas, los equipos t\u00e9cnicos de la Secretar\u00eda de Turismo y del Bureau mantuvieron una intensa agenda de reuniones y encuentros profesionales con operadores tur\u00edsticos, agencias de viajes, aerol\u00edneas, medios especializados y entidades del sector.<\/p>\n<p>Meet Up Argentina es el principal evento de turismo de reuniones del pa\u00eds y un espacio estrat\u00e9gico para la articulaci\u00f3n entre el sector p\u00fablico y privado, promoviendo v\u00ednculos regionales y potenciando la proyecci\u00f3n internacional de los destinos tur\u00edsticos argentinos durante todo el a\u00f1o.<\/p>\n<\/div>\n<div class=\"contenedor_share_buttons_individual_noticia\">\n<div class=\"contenido_share_buttons_individual_noticia\">\n<div class=\"individual_share_buttons_individual_noticia transition_03 imprimir\"><\/div>\n<div class=\"individual_share_buttons_individual_noticia transition_03 imprimir\"><\/div>\n<\/div>\n<\/div>\n<div class=\"tags_individual_noticia\">\n<div class=\"titulo_tags_individual_noticias\"><\/div>\n<\/div>\n","protected":false},"excerpt":{"rendered":"<p>Bajada con Antorchas del Glaciar Martial: Un evento emocionante y cargado de magia La Secretaria de Turismo de<\/p>\n","protected":false},"author":5,"featured_media":10638,"comment_status":"open","ping_status":"open","sticky":false,"template":"","format":"standard","meta":{"footnotes":""},"categories":[23,21],"tags":[3725,19,1849],"class_list":["post-10637","post","type-post","status-publish","format-standard","has-post-thumbnail","hentry","category-turismo","category-ushuaia","tag-bajada-de-antorchas","tag-turismo","tag-viviana-manfredotti"],"featured_image_urls":{"full":["https:\/\/opinionpublica.com.ar\/index\/wp-content\/uploads\/2025\/08\/20250810110616c409aa4a0a4bc1db722a2830aa80f085-ushuaia.jpg",800,534,false],"thumbnail":["https:\/\/opinionpublica.com.ar\/index\/wp-content\/uploads\/2025\/08\/20250810110616c409aa4a0a4bc1db722a2830aa80f085-ushuaia-150x150.jpg",150,150,true],"medium":["https:\/\/opinionpublica.com.ar\/index\/wp-content\/uploads\/2025\/08\/20250810110616c409aa4a0a4bc1db722a2830aa80f085-ushuaia-300x200.jpg",300,200,true],"medium_large":["https:\/\/opinionpublica.com.ar\/index\/wp-content\/uploads\/2025\/08\/20250810110616c409aa4a0a4bc1db722a2830aa80f085-ushuaia-768x513.jpg",640,428,true],"large":["https:\/\/opinionpublica.com.ar\/index\/wp-content\/uploads\/2025\/08\/20250810110616c409aa4a0a4bc1db722a2830aa80f085-ushuaia.jpg",640,427,false],"1536x1536":["https:\/\/opinionpublica.com.ar\/index\/wp-content\/uploads\/2025\/08\/20250810110616c409aa4a0a4bc1db722a2830aa80f085-ushuaia.jpg",800,534,false],"2048x2048":["https:\/\/opinionpublica.com.ar\/index\/wp-content\/uploads\/2025\/08\/20250810110616c409aa4a0a4bc1db722a2830aa80f085-ushuaia.jpg",800,534,false],"morenews-large":["https:\/\/opinionpublica.com.ar\/index\/wp-content\/uploads\/2025\/08\/20250810110616c409aa4a0a4bc1db722a2830aa80f085-ushuaia.jpg",800,534,false],"morenews-medium":["https:\/\/opinionpublica.com.ar\/index\/wp-content\/uploads\/2025\/08\/20250810110616c409aa4a0a4bc1db722a2830aa80f085-ushuaia-590x410.jpg",590,410,true]},"author_info":{"display_name":"Hal","author_link":"https:\/\/opinionpublica.com.ar\/index\/author\/hal\/"},"category_info":"<a href=\"https:\/\/opinionpublica.com.ar\/index\/category\/turismo\/\" rel=\"category tag\">Turismo<\/a> <a href=\"https:\/\/opinionpublica.com.ar\/index\/category\/ushuaia\/\" rel=\"category tag\">Ushuaia<\/a>","tag_info":"Ushuaia","comment_count":"0","_links":{"self":[{"href":"https:\/\/opinionpublica.com.ar\/index\/wp-json\/wp\/v2\/posts\/10637","targetHints":{"allow":["GET"]}}],"collection":[{"href":"https:\/\/opinionpublica.com.ar\/index\/wp-json\/wp\/v2\/posts"}],"about":[{"href":"https:\/\/opinionpublica.com.ar\/index\/wp-json\/wp\/v2\/types\/post"}],"author":[{"embeddable":true,"href":"https:\/\/opinionpublica.com.ar\/index\/wp-json\/wp\/v2\/users\/5"}],"replies":[{"embeddable":true,"href":"https:\/\/opinionpublica.com.ar\/index\/wp-json\/wp\/v2\/comments?post=10637"}],"version-history":[{"count":1,"href":"https:\/\/opinionpublica.com.ar\/index\/wp-json\/wp\/v2\/posts\/10637\/revisions"}],"predecessor-version":[{"id":10639,"href":"https:\/\/opinionpublica.com.ar\/index\/wp-json\/wp\/v2\/posts\/10637\/revisions\/10639"}],"wp:featuredmedia":[{"embeddable":true,"href":"https:\/\/opinionpublica.com.ar\/index\/wp-json\/wp\/v2\/media\/10638"}],"wp:attachment":[{"href":"https:\/\/opinionpublica.com.ar\/index\/wp-json\/wp\/v2\/media?parent=10637"}],"wp:term":[{"taxonomy":"category","embeddable":true,"href":"https:\/\/opinionpublica.com.ar\/index\/wp-json\/wp\/v2\/categories?post=10637"},{"taxonomy":"post_tag","embeddable":true,"href":"https:\/\/opinionpublica.com.ar\/index\/wp-json\/wp\/v2\/tags?post=10637"}],"curies":[{"name":"wp","href":"https:\/\/api.w.org\/{rel}","templated":true}]}}