{"id":10640,"date":"2025-08-11T10:40:31","date_gmt":"2025-08-11T13:40:31","guid":{"rendered":"https:\/\/opinionpublica.com.ar\/index\/?p=10640"},"modified":"2025-08-11T10:40:31","modified_gmt":"2025-08-11T13:40:31","slug":"martin-perez-se-diferencio-de-melella-y-vuoto","status":"publish","type":"post","link":"https:\/\/opinionpublica.com.ar\/index\/martin-perez-se-diferencio-de-melella-y-vuoto\/","title":{"rendered":"Mart\u00edn Perez se diferenci\u00f3 de Melella y Vuoto"},"content":{"rendered":"<div class=\"pt3p pb3p g11 flr\">\n<p class=\"ffalt ctitle fz43 mb20 bold\"><strong>Perez se diferenci\u00f3 de Melella y Vuoto: \u00abTenemos una mirada distinta de las prioridades de la provincia\u00bb<\/strong><\/p>\n<p class=\"arial ctext fz18 lh25\">El intendente Mart\u00edn Perez hizo responsable al Gobierno provincial de la crisis que se atraviesa en Tierra del Fuego, considerando que \u00abno todo\u00bb es responsabilidad de la gesti\u00f3n de Javier Milei.<\/p>\n<p><a href=\"https:\/\/opinionpublica.com.ar\/index\/wp-content\/uploads\/2024\/09\/20191220181150_martin_perez_argentina_online.jpg\"><img fetchpriority=\"high\" decoding=\"async\" class=\"alignnone size-full wp-image-5826\" src=\"https:\/\/opinionpublica.com.ar\/index\/wp-content\/uploads\/2024\/09\/20191220181150_martin_perez_argentina_online.jpg\" alt=\"\" width=\"880\" height=\"493\" srcset=\"https:\/\/opinionpublica.com.ar\/index\/wp-content\/uploads\/2024\/09\/20191220181150_martin_perez_argentina_online.jpg 880w, https:\/\/opinionpublica.com.ar\/index\/wp-content\/uploads\/2024\/09\/20191220181150_martin_perez_argentina_online-300x168.jpg 300w, https:\/\/opinionpublica.com.ar\/index\/wp-content\/uploads\/2024\/09\/20191220181150_martin_perez_argentina_online-768x430.jpg 768w\" sizes=\"(max-width: 880px) 100vw, 880px\" \/><\/a><\/p>\n<p class=\"arial ctext fz18 lh25\">\u201c<b>Si la provincia est\u00e1 en la situaci\u00f3n en que est\u00e1, hay una parte de responsabilidad de Naci\u00f3n pero hay mucho por mejorar en otros aspectos<\/b>\u201d, dijo Perez por\u00a0<b>FM Aire Libre de R\u00edo Grande<\/b>\u00a0y argument\u00f3 que \u201cconformamos Defendamos Tierra del Fuego con Daniel Harrington, con quien venimos trabajando hace varios a\u00f1os, y hemos confluido con otras fuerzas pol\u00edticas que tienen la misma mirada de conformar un frente 100% fueguino\u201d.<\/p>\n<\/div>\n<div class=\"flr g10 arial ctext fz16 lh26 mb20\">\n<div class=\"wysiwyg mb15\">\n<p>En ese sentido, destac\u00f3 adem\u00e1s la inclusi\u00f3n del\u00a0<b>Movimiento Popular Fueguino<\/b>\u00a0\u201c<b>con el que venimos teniendo un trabajo conjunto en la ciudad, que se plasma en el Concejo Deliberante, desde hace ya un a\u00f1o y medio<\/b>\u201d.<\/p>\n<p>\u201c<b>No aceptamos la agenda negativa de vaciamiento que est\u00e1 proponiendo el Gobierno nacional con las pol\u00edticas que lleva adelante, y tambi\u00e9n tenemos una mirada distinta de las prioridades de nuestra provincia<\/b>\u201d, plante\u00f3 el Intendente y remarc\u00f3 que \u201c<b>tanto en R\u00edo Grande como en Tolhuin venimos llevando adelante una tarea que va a contramano de lo que pasa a nivel nacional. Cuando se vac\u00eda la salud, nosotros propiciamos la creaci\u00f3n de nuevos espacios y mejor atenci\u00f3n a nuestra gente<\/b>\u201d.<\/p>\n<p>Perez aclar\u00f3 que Defendamos Tierra del Fuego \u201c<b>no es una alianza forzada, sino un conjunto de coincidencias donde no se prioriza un acuerdo de dirigentes sino una confluencia de prioridades en la gesti\u00f3n ciudadana<\/b>\u201d.<\/p>\n<\/div>\n<\/div>\n","protected":false},"excerpt":{"rendered":"<p>Perez se diferenci\u00f3 de Melella y Vuoto: \u00abTenemos una mirada distinta de las prioridades de la provincia\u00bb El<\/p>\n","protected":false},"author":5,"featured_media":5826,"comment_status":"open","ping_status":"open","sticky":false,"template":"","format":"standard","meta":{"footnotes":""},"categories":[25,2],"tags":[3726,711,3727,260,5],"class_list":["post-10640","post","type-post","status-publish","format-standard","has-post-thumbnail","hentry","category-rio-grande","category-tierra-del-fuego","tag-defendamos-tierra-del-fuego","tag-gobierno-nacional","tag-legislativas-2025","tag-martin-perez","tag-tierra-del-fuego"],"featured_image_urls":{"full":["https:\/\/opinionpublica.com.ar\/index\/wp-content\/uploads\/2024\/09\/20191220181150_martin_perez_argentina_online.jpg",880,493,false],"thumbnail":["https:\/\/opinionpublica.com.ar\/index\/wp-content\/uploads\/2024\/09\/20191220181150_martin_perez_argentina_online-150x150.jpg",150,150,true],"medium":["https:\/\/opinionpublica.com.ar\/index\/wp-content\/uploads\/2024\/09\/20191220181150_martin_perez_argentina_online-300x168.jpg",300,168,true],"medium_large":["https:\/\/opinionpublica.com.ar\/index\/wp-content\/uploads\/2024\/09\/20191220181150_martin_perez_argentina_online-768x430.jpg",640,358,true],"large":["https:\/\/opinionpublica.com.ar\/index\/wp-content\/uploads\/2024\/09\/20191220181150_martin_perez_argentina_online.jpg",640,359,false],"1536x1536":["https:\/\/opinionpublica.com.ar\/index\/wp-content\/uploads\/2024\/09\/20191220181150_martin_perez_argentina_online.jpg",880,493,false],"2048x2048":["https:\/\/opinionpublica.com.ar\/index\/wp-content\/uploads\/2024\/09\/20191220181150_martin_perez_argentina_online.jpg",880,493,false],"morenews-large":["https:\/\/opinionpublica.com.ar\/index\/wp-content\/uploads\/2024\/09\/20191220181150_martin_perez_argentina_online-825x493.jpg",825,493,true],"morenews-medium":["https:\/\/opinionpublica.com.ar\/index\/wp-content\/uploads\/2024\/09\/20191220181150_martin_perez_argentina_online-590x410.jpg",590,410,true]},"author_info":{"display_name":"Hal","author_link":"https:\/\/opinionpublica.com.ar\/index\/author\/hal\/"},"category_info":"<a href=\"https:\/\/opinionpublica.com.ar\/index\/category\/rio-grande\/\" rel=\"category tag\">Rio Grande<\/a> <a href=\"https:\/\/opinionpublica.com.ar\/index\/category\/tierra-del-fuego\/\" rel=\"category tag\">Tierra del Fuego<\/a>","tag_info":"Tierra del Fuego","comment_count":"0","_links":{"self":[{"href":"https:\/\/opinionpublica.com.ar\/index\/wp-json\/wp\/v2\/posts\/10640","targetHints":{"allow":["GET"]}}],"collection":[{"href":"https:\/\/opinionpublica.com.ar\/index\/wp-json\/wp\/v2\/posts"}],"about":[{"href":"https:\/\/opinionpublica.com.ar\/index\/wp-json\/wp\/v2\/types\/post"}],"author":[{"embeddable":true,"href":"https:\/\/opinionpublica.com.ar\/index\/wp-json\/wp\/v2\/users\/5"}],"replies":[{"embeddable":true,"href":"https:\/\/opinionpublica.com.ar\/index\/wp-json\/wp\/v2\/comments?post=10640"}],"version-history":[{"count":1,"href":"https:\/\/opinionpublica.com.ar\/index\/wp-json\/wp\/v2\/posts\/10640\/revisions"}],"predecessor-version":[{"id":10641,"href":"https:\/\/opinionpublica.com.ar\/index\/wp-json\/wp\/v2\/posts\/10640\/revisions\/10641"}],"wp:featuredmedia":[{"embeddable":true,"href":"https:\/\/opinionpublica.com.ar\/index\/wp-json\/wp\/v2\/media\/5826"}],"wp:attachment":[{"href":"https:\/\/opinionpublica.com.ar\/index\/wp-json\/wp\/v2\/media?parent=10640"}],"wp:term":[{"taxonomy":"category","embeddable":true,"href":"https:\/\/opinionpublica.com.ar\/index\/wp-json\/wp\/v2\/categories?post=10640"},{"taxonomy":"post_tag","embeddable":true,"href":"https:\/\/opinionpublica.com.ar\/index\/wp-json\/wp\/v2\/tags?post=10640"}],"curies":[{"name":"wp","href":"https:\/\/api.w.org\/{rel}","templated":true}]}}