{"id":10642,"date":"2025-08-11T10:48:26","date_gmt":"2025-08-11T13:48:26","guid":{"rendered":"https:\/\/opinionpublica.com.ar\/index\/?p=10642"},"modified":"2025-08-11T10:48:26","modified_gmt":"2025-08-11T13:48:26","slug":"avanza-en-la-legislatura-el-proyecto-de-desarrollo-sostenible-de-la-acuicultura","status":"publish","type":"post","link":"https:\/\/opinionpublica.com.ar\/index\/avanza-en-la-legislatura-el-proyecto-de-desarrollo-sostenible-de-la-acuicultura\/","title":{"rendered":"Avanza en la Legislatura el proyecto de desarrollo sostenible de la acuicultura"},"content":{"rendered":"<header class=\"entry-header\">\n<p class=\"entry-title\"><strong>Avanza en la Legislatura el proyecto de desarrollo sostenible de la acuicultura<\/strong><\/p>\n<\/header>\n<div class=\"entry-content\">\n<p class=\"wp-block-heading\">El dictamen busca promover el desarrollo sostenible de la acuicultura continental y mar\u00edtima. Los ambientalistas encendieron luces de alertas y convocaron a movilizar, este lunes, a la Legislatura.<\/p>\n<p><a href=\"https:\/\/opinionpublica.com.ar\/index\/wp-content\/uploads\/2024\/04\/legislatura-provincial-tdf.jpg\"><img fetchpriority=\"high\" decoding=\"async\" class=\"alignnone size-full wp-image-2478\" src=\"https:\/\/opinionpublica.com.ar\/index\/wp-content\/uploads\/2024\/04\/legislatura-provincial-tdf.jpg\" alt=\"\" width=\"750\" height=\"500\" srcset=\"https:\/\/opinionpublica.com.ar\/index\/wp-content\/uploads\/2024\/04\/legislatura-provincial-tdf.jpg 750w, https:\/\/opinionpublica.com.ar\/index\/wp-content\/uploads\/2024\/04\/legislatura-provincial-tdf-300x200.jpg 300w\" sizes=\"(max-width: 750px) 100vw, 750px\" \/><\/a><\/p>\n<p>Tras un plenario de las Comisiones de Legislaci\u00f3n y la de Recursos Naturales, legisladores avanzaron en un dictamen para la reforma de la Ley Provincial 1355, con el objetivo de permitir el desarrollo sostenible de la acuicultura y, de esa manera, dar lugar a potenciales inversores que mostraron su inter\u00e9s en esa industria.<\/p>\n<p>La decisi\u00f3n de los legisladores surgi\u00f3 luego de un cuarto intermedio, en un encuentro que se hizo en la delegaci\u00f3n que la Legislatura tiene en esta ciudad. All\u00ed hubo un debate con una amplia participaci\u00f3n de interesados en el asunto y de representantes del Gobierno que impulsan la reforma.<\/p>\n<p>El dictamen que avanza en la Legislatura busca promover el desarrollo sostenible de la acuicultura continental y mar\u00edtima., bajo la premisa principal e irrenunciable del cuidado del ambiente y, con ello, la generaci\u00f3n de una alta cantidad de puestos de trabajo calificados.<\/p>\n<figure class=\"wp-block-image size-full\"><figcaption class=\"wp-element-caption\"><\/figcaption><\/figure>\n<p>Buscando la diversificaci\u00f3n y el alto valor agregado (no la masividad a toda costa), la cantidad total de fuentes de trabajo (directos, indirectos e inducidos) podr\u00eda ir desde unos pocos cientos en una etapa inicial a un rango de 2.500 a 5.300 puestos de trabajo en un horizonte de 2 a 5 a\u00f1os.<\/p>\n<p>El proyecto que avanza en la Legislatura sostiene que la acuicultura se presenta como una alternativa s\u00f3lida y prometedora para la ampliaci\u00f3n de la matriz productiva de Tierra del Fuego. M\u00e1s all\u00e1 de generar divisas y empleo, esta actividad puede cimentar un nuevo paradigma de desarrollo basado en la innovaci\u00f3n, la sostenibilidad y el aprovechamiento inteligente de los recursos naturales.<\/p>\n<p>Cabe se\u00f1alar que la demanda global de productos acu\u00edcolas saludables y sostenibles est\u00e1 en constante crecimiento. Tierra del Fuego, con sus aguas pr\u00edstinas y un compromiso con la sustentabilidad, puede posicionarse como un proveedor de productos de alta calidad, como peces, moluscos, erizos, crust\u00e1ceos y algas.<\/p>\n<p>Esta diversificaci\u00f3n de la oferta exportable reducir\u00eda la dependencia de bienes manufacturados de la industria electr\u00f3nica, abriendo nuevas v\u00edas de ingreso de divisas y fortaleciendo la balanza comercial de la provincia.<\/p>\n<p><strong>Pol\u00e9mica en la Legislatura<\/strong><\/p>\n<p>Pero el dictamen tuvo sus coletazos: La legisladora del Partido Verde, Laura Colazo, rechaz\u00f3 la aprobaci\u00f3n del dictamen alegando que se hizo sin su presencia como presidenta de la Comisi\u00f3n de Recursos Naturales. Frente a esta situaci\u00f3n, la parlamentaria resolvi\u00f3 presentar su renuncia indeclinable a seguir presidiendo ese espacio.<\/p>\n<p>Colazo denunci\u00f3 que luego de un cuarto intermedio y sin su presencia ni consentimiento, se levant\u00f3 la pausa y se emiti\u00f3 dictamen favorable para modificar la normativa. La Legisladora advirti\u00f3 que este procedimiento vulnera principios b\u00e1sicos de transparencia y funcionamiento institucional, y representa \u201cun grave retroceso en la pol\u00edtica ambiental fueguina, poniendo en riesgo la protecci\u00f3n de los ecosistemas locales\u201d.<\/p>\n<p><strong>Ambientalistas en alerta<\/strong><\/p>\n<p>La Asociaci\u00f3n Manekenk y diversas organizaciones ambientales y sociales expresaron su preocupaci\u00f3n ante el avance acelerado en la Legislatura de un nuevo proyecto de ley de acuicultura impulsado por el Poder Ejecutivo provincial, que consideran \u201cd\u00e9bil en lo normativo, peligroso para el ambiente y carente de debate democr\u00e1tico\u201d.<\/p>\n<p>Nancy Fern\u00e1ndez, vocera de la Asociaci\u00f3n, se\u00f1al\u00f3 que el texto otorga prioridad al uso del agua para la acuicultura por encima del consumo humano, contradice lo establecido en la Ley 1126, que define con claridad la autoridad competente en materia de control y regulaci\u00f3n; al trasladar esa potestad a la Secretar\u00eda de Pesca, no establece sanciones ante episodios de contaminaci\u00f3n, carece de medidas de fiscalizaci\u00f3n y omite regular las tasas por uso de recursos como agua, tierras y energ\u00eda el\u00e9ctrica.<\/p>\n<p>La vocera record\u00f3 que la Ley 1355, aprobada en 2021, contin\u00faa sin reglamentarse, y cuestion\u00f3 que ahora se intente reemplazarla en apenas diez d\u00edas. \u201cEn cuatro a\u00f1os no se reglament\u00f3 una ley de seis art\u00edculos que hubiera permitido desarrollar una acuicultura regulada y sostenible, y de repente se quiere aprobar una nueva norma sin consultar a todos los sectores\u201d, se\u00f1al\u00f3.<\/p>\n<p>Maneken convoc\u00f3 para este lunes, a las 15:00, a unirse a la marcha que realizar\u00e1n las personas con discapacidad, con concentraci\u00f3n frente a la Legislatura, en calle San Mart\u00edn 1431.<\/p>\n<p>La convocatoria es bajo la premisa que \u201cla salud, la educaci\u00f3n, la soberan\u00eda alimentaria, los derechos humanos y de la naturaleza est\u00e1n siendo atacados sin descanso\u201d.<\/p>\n<\/div>\n<footer class=\"entry-meta\"><\/footer>\n","protected":false},"excerpt":{"rendered":"<p>Avanza en la Legislatura el proyecto de desarrollo sostenible de la acuicultura El dictamen busca promover el desarrollo<\/p>\n","protected":false},"author":5,"featured_media":1100,"comment_status":"open","ping_status":"open","sticky":false,"template":"","format":"standard","meta":{"footnotes":""},"categories":[2],"tags":[3386,3728,84,7,5],"class_list":["post-10642","post","type-post","status-publish","format-standard","has-post-thumbnail","hentry","category-tierra-del-fuego","tag-acuicultura","tag-desarrollo-sostenible","tag-legislatura","tag-rio-grande","tag-tierra-del-fuego"],"featured_image_urls":{"full":["https:\/\/opinionpublica.com.ar\/index\/wp-content\/uploads\/2024\/03\/legislatura-provincial-2.jpg",1200,588,false],"thumbnail":["https:\/\/opinionpublica.com.ar\/index\/wp-content\/uploads\/2024\/03\/legislatura-provincial-2-150x150.jpg",150,150,true],"medium":["https:\/\/opinionpublica.com.ar\/index\/wp-content\/uploads\/2024\/03\/legislatura-provincial-2-300x147.jpg",300,147,true],"medium_large":["https:\/\/opinionpublica.com.ar\/index\/wp-content\/uploads\/2024\/03\/legislatura-provincial-2-768x376.jpg",640,313,true],"large":["https:\/\/opinionpublica.com.ar\/index\/wp-content\/uploads\/2024\/03\/legislatura-provincial-2-1024x502.jpg",640,314,true],"1536x1536":["https:\/\/opinionpublica.com.ar\/index\/wp-content\/uploads\/2024\/03\/legislatura-provincial-2.jpg",1200,588,false],"2048x2048":["https:\/\/opinionpublica.com.ar\/index\/wp-content\/uploads\/2024\/03\/legislatura-provincial-2.jpg",1200,588,false],"morenews-large":["https:\/\/opinionpublica.com.ar\/index\/wp-content\/uploads\/2024\/03\/legislatura-provincial-2-825x575.jpg",825,575,true],"morenews-medium":["https:\/\/opinionpublica.com.ar\/index\/wp-content\/uploads\/2024\/03\/legislatura-provincial-2-590x410.jpg",590,410,true]},"author_info":{"display_name":"Hal","author_link":"https:\/\/opinionpublica.com.ar\/index\/author\/hal\/"},"category_info":"<a href=\"https:\/\/opinionpublica.com.ar\/index\/category\/tierra-del-fuego\/\" rel=\"category tag\">Tierra del Fuego<\/a>","tag_info":"Tierra del Fuego","comment_count":"0","_links":{"self":[{"href":"https:\/\/opinionpublica.com.ar\/index\/wp-json\/wp\/v2\/posts\/10642","targetHints":{"allow":["GET"]}}],"collection":[{"href":"https:\/\/opinionpublica.com.ar\/index\/wp-json\/wp\/v2\/posts"}],"about":[{"href":"https:\/\/opinionpublica.com.ar\/index\/wp-json\/wp\/v2\/types\/post"}],"author":[{"embeddable":true,"href":"https:\/\/opinionpublica.com.ar\/index\/wp-json\/wp\/v2\/users\/5"}],"replies":[{"embeddable":true,"href":"https:\/\/opinionpublica.com.ar\/index\/wp-json\/wp\/v2\/comments?post=10642"}],"version-history":[{"count":1,"href":"https:\/\/opinionpublica.com.ar\/index\/wp-json\/wp\/v2\/posts\/10642\/revisions"}],"predecessor-version":[{"id":10643,"href":"https:\/\/opinionpublica.com.ar\/index\/wp-json\/wp\/v2\/posts\/10642\/revisions\/10643"}],"wp:featuredmedia":[{"embeddable":true,"href":"https:\/\/opinionpublica.com.ar\/index\/wp-json\/wp\/v2\/media\/1100"}],"wp:attachment":[{"href":"https:\/\/opinionpublica.com.ar\/index\/wp-json\/wp\/v2\/media?parent=10642"}],"wp:term":[{"taxonomy":"category","embeddable":true,"href":"https:\/\/opinionpublica.com.ar\/index\/wp-json\/wp\/v2\/categories?post=10642"},{"taxonomy":"post_tag","embeddable":true,"href":"https:\/\/opinionpublica.com.ar\/index\/wp-json\/wp\/v2\/tags?post=10642"}],"curies":[{"name":"wp","href":"https:\/\/api.w.org\/{rel}","templated":true}]}}