{"id":10718,"date":"2025-08-19T09:46:40","date_gmt":"2025-08-19T12:46:40","guid":{"rendered":"https:\/\/opinionpublica.com.ar\/index\/?p=10718"},"modified":"2025-08-19T09:46:40","modified_gmt":"2025-08-19T12:46:40","slug":"dure-volvio-a-estallar-contra-vuoto-y-lo-trato-de-machirulo-traidor-y-cagon","status":"publish","type":"post","link":"https:\/\/opinionpublica.com.ar\/index\/dure-volvio-a-estallar-contra-vuoto-y-lo-trato-de-machirulo-traidor-y-cagon\/","title":{"rendered":"Dur\u00e9 volvi\u00f3 a estallar contra Vuoto y lo trat\u00f3 de &#8216;machirulo, traidor y cag\u00f3n&#8217;"},"content":{"rendered":"<p style=\"text-align: left;\"><strong>Dur\u00e9 volvi\u00f3 a estallar contra Vuoto y lo trat\u00f3 de &#8216;machirulo, traidor y cag\u00f3n&#8217;<\/strong><\/p>\n<p><a href=\"https:\/\/opinionpublica.com.ar\/index\/wp-content\/uploads\/2024\/07\/maria-eugenia-dure-1.jpeg\"><img fetchpriority=\"high\" decoding=\"async\" class=\"alignnone size-full wp-image-4579\" src=\"https:\/\/opinionpublica.com.ar\/index\/wp-content\/uploads\/2024\/07\/maria-eugenia-dure-1.jpeg\" alt=\"\" width=\"800\" height=\"600\" srcset=\"https:\/\/opinionpublica.com.ar\/index\/wp-content\/uploads\/2024\/07\/maria-eugenia-dure-1.jpeg 800w, https:\/\/opinionpublica.com.ar\/index\/wp-content\/uploads\/2024\/07\/maria-eugenia-dure-1-300x225.jpeg 300w, https:\/\/opinionpublica.com.ar\/index\/wp-content\/uploads\/2024\/07\/maria-eugenia-dure-1-768x576.jpeg 768w\" sizes=\"(max-width: 800px) 100vw, 800px\" \/><\/a><\/p>\n<p>La senadora kirchnerista critic\u00f3, una vez m\u00e1s, el armado de Fuerza Patria que le impidi\u00f3 buscar la revalida de su banca en el Congreso. &#8216;Calladitas no nos vemos m\u00e1s lindas nunca m\u00e1s&#8217;, enfatiz\u00f3.<\/p>\n<p>&nbsp;<\/p>\n<p>La disputa entre la senadora Mar\u00eda Eugenia Dur\u00e9 y el presidente del Partido Justicialista (PJ) e intendente de Ushuaia, Walter Vuoto, sum\u00f3 un nuevo cap\u00edtulo a partir de una publicaci\u00f3n en redes sociales donde cataloga a Vuoto de &#8216;machirulo, traidor y cag\u00f3n&#8217;.<\/p>\n<p>&nbsp;<\/p>\n<p>En ese sentido, Dur\u00e9 expresa que &#8216;las mujeres no debemos callarnos m\u00e1s ante la manipulaci\u00f3n, el machismo y la falta de respeto en la pol\u00edtica&#8217;, critica actitudes de deslealtad y reafirma que su compromiso es &#8216;con la militancia, las convicciones y el pueblo, no con intereses personales ni slogans de campa\u00f1a&#8217;.<\/p>\n<p>&nbsp;<\/p>\n<p>&#8216;Calladitas no nos vemos m\u00e1s lindas, eso lo dicen los que les tienen miedo a las palabras de las mujeres sin miedo. Nunca m\u00e1s las mujeres nos quedaremos calladas ante quien pretenda humillarnos y entregarnos. Nunca m\u00e1s una compa\u00f1era se quedar\u00e1 callada ante quien mediante la manipulaci\u00f3n pretende culpabilizar a la mujer por sus actos para que solo acate \u00f3rdenes anteponiendo sus propios intereses personales&#8217;, reproch\u00f3 en una publicaci\u00f3n de su cuenta en Instagram.<\/p>\n<p>&nbsp;<\/p>\n<p>Y le apunt\u00f3 directamente al mandam\u00e1s del PJ fueguino al aseverar que &#8216;esto es t\u00edpico de machirulo, traidor y cag\u00f3n. Todo tiene un l\u00edmite. A las compa\u00f1eras y sobre todo a las mujeres se las respeta Vuoto, y de eso te falta aprender, as\u00ed en la pol\u00edtica como en la vida&#8217;.<\/p>\n<p>&nbsp;<\/p>\n<p>&#8216;Calladitas no nos vemos m\u00e1s lindas nunca m\u00e1s. Porque si hay algo que aprend\u00ed en la militancia y en la pol\u00edtica es que, ante cualquier cierre electoralista, siempre primero la &#8216;lealtad\u00bb, enfatiz\u00f3.<\/p>\n<p>&nbsp;<\/p>\n<p>Ante la decisi\u00f3n de Fuerza Patria de impedirle buscar la reelecci\u00f3n, Dur\u00e9 escribi\u00f3: &#8216;Gracias a todos y todas por los mensajes, por el cari\u00f1o y el acompa\u00f1amiento. Esto no se termina ac\u00e1, una es ante todo una militante pol\u00edtica y territorial, que entiende que los cargos son circunstanciales&#8217;.<\/p>\n<p>&nbsp;<\/p>\n<p>&#8216;Una es ante todo una militante leal siempre a Cristina Fern\u00e1ndez de Kirchner, de la que aprendi\u00f3 que callarse, nunca m\u00e1s. Una es ante todo leal y respetuosa de cada uno de los compa\u00f1eros y compa\u00f1eras, de los vecinos y vecinas con quienes sin dudas seguiremos construyendo, nunca desde lo personal, siempre desde lo colectivo&#8217;, sum\u00f3.<\/p>\n<p>&nbsp;<\/p>\n<p>Para finalizar, la senadora kirchnerista remarc\u00f3 en su mensaje en redes sociales que &#8216;una es leal a sus convicciones, al pueblo y a quienes comprenden la lealtad como rec\u00edproca y no como un slogan de campa\u00f1a&#8217;.<\/p>\n","protected":false},"excerpt":{"rendered":"<p>Dur\u00e9 volvi\u00f3 a estallar contra Vuoto y lo trat\u00f3 de &#8216;machirulo, traidor y cag\u00f3n&#8217; La senadora kirchnerista critic\u00f3,<\/p>\n","protected":false},"author":5,"featured_media":4578,"comment_status":"open","ping_status":"open","sticky":false,"template":"","format":"standard","meta":{"footnotes":""},"categories":[2],"tags":[799,172,538],"class_list":["post-10718","post","type-post","status-publish","format-standard","has-post-thumbnail","hentry","category-tierra-del-fuego","tag-eugenia-dure","tag-partido-justicialista","tag-walter-vuoto"],"featured_image_urls":{"full":["https:\/\/opinionpublica.com.ar\/index\/wp-content\/uploads\/2024\/07\/maria-eugenia-dure.jpg",1920,1080,false],"thumbnail":["https:\/\/opinionpublica.com.ar\/index\/wp-content\/uploads\/2024\/07\/maria-eugenia-dure-150x150.jpg",150,150,true],"medium":["https:\/\/opinionpublica.com.ar\/index\/wp-content\/uploads\/2024\/07\/maria-eugenia-dure-300x169.jpg",300,169,true],"medium_large":["https:\/\/opinionpublica.com.ar\/index\/wp-content\/uploads\/2024\/07\/maria-eugenia-dure-768x432.jpg",640,360,true],"large":["https:\/\/opinionpublica.com.ar\/index\/wp-content\/uploads\/2024\/07\/maria-eugenia-dure-1024x576.jpg",640,360,true],"1536x1536":["https:\/\/opinionpublica.com.ar\/index\/wp-content\/uploads\/2024\/07\/maria-eugenia-dure-1536x864.jpg",1536,864,true],"2048x2048":["https:\/\/opinionpublica.com.ar\/index\/wp-content\/uploads\/2024\/07\/maria-eugenia-dure.jpg",1920,1080,false],"morenews-large":["https:\/\/opinionpublica.com.ar\/index\/wp-content\/uploads\/2024\/07\/maria-eugenia-dure-825x575.jpg",825,575,true],"morenews-medium":["https:\/\/opinionpublica.com.ar\/index\/wp-content\/uploads\/2024\/07\/maria-eugenia-dure-590x410.jpg",590,410,true]},"author_info":{"display_name":"Hal","author_link":"https:\/\/opinionpublica.com.ar\/index\/author\/hal\/"},"category_info":"<a href=\"https:\/\/opinionpublica.com.ar\/index\/category\/tierra-del-fuego\/\" rel=\"category tag\">Tierra del Fuego<\/a>","tag_info":"Tierra del Fuego","comment_count":"0","_links":{"self":[{"href":"https:\/\/opinionpublica.com.ar\/index\/wp-json\/wp\/v2\/posts\/10718","targetHints":{"allow":["GET"]}}],"collection":[{"href":"https:\/\/opinionpublica.com.ar\/index\/wp-json\/wp\/v2\/posts"}],"about":[{"href":"https:\/\/opinionpublica.com.ar\/index\/wp-json\/wp\/v2\/types\/post"}],"author":[{"embeddable":true,"href":"https:\/\/opinionpublica.com.ar\/index\/wp-json\/wp\/v2\/users\/5"}],"replies":[{"embeddable":true,"href":"https:\/\/opinionpublica.com.ar\/index\/wp-json\/wp\/v2\/comments?post=10718"}],"version-history":[{"count":1,"href":"https:\/\/opinionpublica.com.ar\/index\/wp-json\/wp\/v2\/posts\/10718\/revisions"}],"predecessor-version":[{"id":10719,"href":"https:\/\/opinionpublica.com.ar\/index\/wp-json\/wp\/v2\/posts\/10718\/revisions\/10719"}],"wp:featuredmedia":[{"embeddable":true,"href":"https:\/\/opinionpublica.com.ar\/index\/wp-json\/wp\/v2\/media\/4578"}],"wp:attachment":[{"href":"https:\/\/opinionpublica.com.ar\/index\/wp-json\/wp\/v2\/media?parent=10718"}],"wp:term":[{"taxonomy":"category","embeddable":true,"href":"https:\/\/opinionpublica.com.ar\/index\/wp-json\/wp\/v2\/categories?post=10718"},{"taxonomy":"post_tag","embeddable":true,"href":"https:\/\/opinionpublica.com.ar\/index\/wp-json\/wp\/v2\/tags?post=10718"}],"curies":[{"name":"wp","href":"https:\/\/api.w.org\/{rel}","templated":true}]}}