{"id":10765,"date":"2025-08-21T08:59:42","date_gmt":"2025-08-21T11:59:42","guid":{"rendered":"https:\/\/opinionpublica.com.ar\/index\/?p=10765"},"modified":"2025-08-21T08:59:42","modified_gmt":"2025-08-21T11:59:42","slug":"newsan-desarrollo-su-segundo-simulador-de-navegacion","status":"publish","type":"post","link":"https:\/\/opinionpublica.com.ar\/index\/newsan-desarrollo-su-segundo-simulador-de-navegacion\/","title":{"rendered":"Newsan desarroll\u00f3 su segundo simulador de navegaci\u00f3n"},"content":{"rendered":"<p><strong>Newsan desarroll\u00f3 su segundo simulador de navegaci\u00f3n<\/strong><\/p>\n<p>Ser\u00e1 instalado esta semana en la base que la Armada Argentina tiene en Puerto Belgrano.<\/p>\n<p><a href=\"https:\/\/opinionpublica.com.ar\/index\/wp-content\/uploads\/2025\/08\/20250820104624d87f207cb39022ab027f63a60fcaa51c_min.jpg\"><img fetchpriority=\"high\" decoding=\"async\" class=\"alignnone size-full wp-image-10766\" src=\"https:\/\/opinionpublica.com.ar\/index\/wp-content\/uploads\/2025\/08\/20250820104624d87f207cb39022ab027f63a60fcaa51c_min.jpg\" alt=\"\" width=\"500\" height=\"333\" srcset=\"https:\/\/opinionpublica.com.ar\/index\/wp-content\/uploads\/2025\/08\/20250820104624d87f207cb39022ab027f63a60fcaa51c_min.jpg 500w, https:\/\/opinionpublica.com.ar\/index\/wp-content\/uploads\/2025\/08\/20250820104624d87f207cb39022ab027f63a60fcaa51c_min-300x200.jpg 300w\" sizes=\"(max-width: 500px) 100vw, 500px\" \/><\/a><\/p>\n<p>El dispositivo resulta un hito para el grupo empresario y para Tierra del Fuego ya que fue desarrollado \u00edntegramente en la provincia.<\/p>\n<p>El Gerente de Relaciones Laborales en Newsan, Leonardo Palmieri, confirm\u00f3 que el grupo empresario desarroll\u00f3 su segundo simulador de navegaci\u00f3n y que esta semana ser\u00e1 instalado en la base que la Armada Argentina tiene en Puerto Belgrano.<\/p>\n<p>&nbsp;<\/p>\n<p>\u201cVenimos desarrollando la placa Archi y sus placas secundarias o asociadas y derivar en esto es como un hito para nosotros. Vamos por el segundo simulador, que lo vamos a ir a instalar a Bah\u00eda Blanca. Se desarroll\u00f3 integralmente ac\u00e1 y este fue un trabajo conjunto cubriendo una necesidad de la Armada\u201d, manifest\u00f3 en comunicaci\u00f3n con el programa radial Zoom a Diario, que se emite por FM Ushuaia.<\/p>\n<p>&nbsp;<\/p>\n<p>\u201cDesarrollamos un simulador para recrear escenarios mar\u00edtimos, trabajando en conjunto con ellos e investigando la regi\u00f3n austral. Lo que se puede hacer con este simulador es entrenar, adiestrar y brindar una especie de formaci\u00f3n m\u00e1s segura para la tripulaci\u00f3n. Con eso se ganan horas de experiencia o de navegaci\u00f3n y permite formar gente que sigue estando dentro de nuestro plan de formaci\u00f3n general\u201d, explic\u00f3 Palmierl.<\/p>\n<p>&nbsp;<\/p>\n<p>Cabe recordar que el Grupo Newsan ya hab\u00eda dise\u00f1ado un primer simulador que fue instalado en la Base Naval Ushuaia. \u201cEst\u00e1n muy entusiasmados y le viene sirviendo bastante al \u00e1rea naval argentina este simulador\u201d, expres\u00f3 el entrevistado al respecto. \u201cPara nosotros es un hallazgo y estamos muy contentos y orgullosos de esto. Adem\u00e1s de generar tecnolog\u00eda buscamos que tenga la capacidad de mejor adaptaci\u00f3n a nuestros entornos, nuestra cultura, nuestras propias necesidades m\u00e1s regionales. Estamos apostando mucho al desarrollo y a la innovaci\u00f3n desde Tierra del Fuego\u201d, subray\u00f3.<\/p>\n<p>&nbsp;<\/p>\n<p>El Gerente fue consultado sobre la posibilidad de avanzar en el desarrollo de simuladores para otro tipo de actividades. \u201cEl punto es ir encontrando la escala de negocios que permita seguir avanzando con eso de manera sostenible. Es parte de la diversificaci\u00f3n y tambi\u00e9n es parte de un legado que nosotros siempre intentamos ir dejando y no perderlo, sin descuidar las \u00e1reas principales de negocios que son las que nos permiten que despu\u00e9s podamos dedicar recursos, tiempo y estudio a poder hacer estas cosas\u201d, respondi\u00f3.<\/p>\n<p>&nbsp;<\/p>\n<p><strong>Nuevos talleres tecnol\u00f3gicos y colonias<\/strong><\/p>\n<p>Debido al \u00e9xito que tuvieron las colonias tecnol\u00f3gicas de invierno para ni\u00f1os que llev\u00f3 adelante Newsan, Palmieri anticip\u00f3 que se implementar\u00e1n talleres extracurriculares. \u201cDe ac\u00e1 a diciembre la idea es volver a repetir algunas cosas, tal vez con otra tem\u00e1tica como m\u00fasica, donde podamos dise\u00f1ar al final del taller una bater\u00eda electr\u00f3nica\u201d, adelant\u00f3. \u201cEstamos bien parados porque va a haber demanda y la gente lo est\u00e1 esperando\u201d, a\u00f1adi\u00f3.<\/p>\n<p>&nbsp;<\/p>\n<p>Por otra parte, coment\u00f3 que hay posibilidad de llevar esta clase de propuestas a una parte de Newsan en Buenos Aires desde fueron muy bien vistas y tambi\u00e9n hay demanda. \u201cEso nos pone contentos porque nos anima a seguir porque es lo que buscamos\u201d, afirm\u00f3.<\/p>\n<p>&nbsp;<\/p>\n<p>Finalmente, dijo que en la planta que Newsan tiene en Ushuaia se han instalado aulas para realizar colonias y talleres y seguramente en verano vuelvan las colonias tecnol\u00f3gicas.<\/p>\n<p>&nbsp;<\/p>\n<p>De manera simult\u00e1nea, el grupo empresario trabaja con el Gobierno de Tierra del Fuego para seguir llevando actividades a los polos creativos.<\/p>\n<p>&nbsp;<\/p>\n","protected":false},"excerpt":{"rendered":"<p>Newsan desarroll\u00f3 su segundo simulador de navegaci\u00f3n Ser\u00e1 instalado esta semana en la base que la Armada Argentina<\/p>\n","protected":false},"author":5,"featured_media":10766,"comment_status":"open","ping_status":"open","sticky":false,"template":"","format":"standard","meta":{"footnotes":""},"categories":[29,24],"tags":[150,2870],"class_list":["post-10765","post","type-post","status-publish","format-standard","has-post-thumbnail","hentry","category-interes-general","category-tecnologia","tag-newsan","tag-simulador-de-navegacion"],"featured_image_urls":{"full":["https:\/\/opinionpublica.com.ar\/index\/wp-content\/uploads\/2025\/08\/20250820104624d87f207cb39022ab027f63a60fcaa51c_min.jpg",500,333,false],"thumbnail":["https:\/\/opinionpublica.com.ar\/index\/wp-content\/uploads\/2025\/08\/20250820104624d87f207cb39022ab027f63a60fcaa51c_min-150x150.jpg",150,150,true],"medium":["https:\/\/opinionpublica.com.ar\/index\/wp-content\/uploads\/2025\/08\/20250820104624d87f207cb39022ab027f63a60fcaa51c_min-300x200.jpg",300,200,true],"medium_large":["https:\/\/opinionpublica.com.ar\/index\/wp-content\/uploads\/2025\/08\/20250820104624d87f207cb39022ab027f63a60fcaa51c_min.jpg",500,333,false],"large":["https:\/\/opinionpublica.com.ar\/index\/wp-content\/uploads\/2025\/08\/20250820104624d87f207cb39022ab027f63a60fcaa51c_min.jpg",500,333,false],"1536x1536":["https:\/\/opinionpublica.com.ar\/index\/wp-content\/uploads\/2025\/08\/20250820104624d87f207cb39022ab027f63a60fcaa51c_min.jpg",500,333,false],"2048x2048":["https:\/\/opinionpublica.com.ar\/index\/wp-content\/uploads\/2025\/08\/20250820104624d87f207cb39022ab027f63a60fcaa51c_min.jpg",500,333,false],"morenews-large":["https:\/\/opinionpublica.com.ar\/index\/wp-content\/uploads\/2025\/08\/20250820104624d87f207cb39022ab027f63a60fcaa51c_min.jpg",500,333,false],"morenews-medium":["https:\/\/opinionpublica.com.ar\/index\/wp-content\/uploads\/2025\/08\/20250820104624d87f207cb39022ab027f63a60fcaa51c_min.jpg",500,333,false]},"author_info":{"display_name":"Hal","author_link":"https:\/\/opinionpublica.com.ar\/index\/author\/hal\/"},"category_info":"<a href=\"https:\/\/opinionpublica.com.ar\/index\/category\/interes-general\/\" rel=\"category tag\">Interes General<\/a> <a href=\"https:\/\/opinionpublica.com.ar\/index\/category\/tecnologia\/\" rel=\"category tag\">Tecnologia<\/a>","tag_info":"Tecnologia","comment_count":"0","_links":{"self":[{"href":"https:\/\/opinionpublica.com.ar\/index\/wp-json\/wp\/v2\/posts\/10765","targetHints":{"allow":["GET"]}}],"collection":[{"href":"https:\/\/opinionpublica.com.ar\/index\/wp-json\/wp\/v2\/posts"}],"about":[{"href":"https:\/\/opinionpublica.com.ar\/index\/wp-json\/wp\/v2\/types\/post"}],"author":[{"embeddable":true,"href":"https:\/\/opinionpublica.com.ar\/index\/wp-json\/wp\/v2\/users\/5"}],"replies":[{"embeddable":true,"href":"https:\/\/opinionpublica.com.ar\/index\/wp-json\/wp\/v2\/comments?post=10765"}],"version-history":[{"count":1,"href":"https:\/\/opinionpublica.com.ar\/index\/wp-json\/wp\/v2\/posts\/10765\/revisions"}],"predecessor-version":[{"id":10767,"href":"https:\/\/opinionpublica.com.ar\/index\/wp-json\/wp\/v2\/posts\/10765\/revisions\/10767"}],"wp:featuredmedia":[{"embeddable":true,"href":"https:\/\/opinionpublica.com.ar\/index\/wp-json\/wp\/v2\/media\/10766"}],"wp:attachment":[{"href":"https:\/\/opinionpublica.com.ar\/index\/wp-json\/wp\/v2\/media?parent=10765"}],"wp:term":[{"taxonomy":"category","embeddable":true,"href":"https:\/\/opinionpublica.com.ar\/index\/wp-json\/wp\/v2\/categories?post=10765"},{"taxonomy":"post_tag","embeddable":true,"href":"https:\/\/opinionpublica.com.ar\/index\/wp-json\/wp\/v2\/tags?post=10765"}],"curies":[{"name":"wp","href":"https:\/\/api.w.org\/{rel}","templated":true}]}}