{"id":10768,"date":"2025-08-21T09:17:38","date_gmt":"2025-08-21T12:17:38","guid":{"rendered":"https:\/\/opinionpublica.com.ar\/index\/?p=10768"},"modified":"2025-08-21T09:17:38","modified_gmt":"2025-08-21T12:17:38","slug":"gonzalo-mortola-se-convirtio-en-el-primer-funcionario-macrista-condenado-a-prision","status":"publish","type":"post","link":"https:\/\/opinionpublica.com.ar\/index\/gonzalo-mortola-se-convirtio-en-el-primer-funcionario-macrista-condenado-a-prision\/","title":{"rendered":"Gonzalo M\u00f3rtola se convirti\u00f3 en el primer funcionario macrista condenado a prisi\u00f3n"},"content":{"rendered":"<p><strong>Gonzalo M\u00f3rtola se convirti\u00f3 en el primer funcionario macrista condenado a prisi\u00f3n<\/strong><\/p>\n<p>El ex titular de Puertos recibi\u00f3 una pena de seis meses por la contrataci\u00f3n irregular de la empresa INDRA por un mill\u00f3n de d\u00f3lares.<\/p>\n<p><a href=\"https:\/\/opinionpublica.com.ar\/index\/wp-content\/uploads\/2025\/08\/68a61fad6a064-screen-and-max-width480px_880_880.jpg\"><img fetchpriority=\"high\" decoding=\"async\" class=\"alignnone size-full wp-image-10769\" src=\"https:\/\/opinionpublica.com.ar\/index\/wp-content\/uploads\/2025\/08\/68a61fad6a064-screen-and-max-width480px_880_880.jpg\" alt=\"\" width=\"880\" height=\"880\" srcset=\"https:\/\/opinionpublica.com.ar\/index\/wp-content\/uploads\/2025\/08\/68a61fad6a064-screen-and-max-width480px_880_880.jpg 880w, https:\/\/opinionpublica.com.ar\/index\/wp-content\/uploads\/2025\/08\/68a61fad6a064-screen-and-max-width480px_880_880-300x300.jpg 300w, https:\/\/opinionpublica.com.ar\/index\/wp-content\/uploads\/2025\/08\/68a61fad6a064-screen-and-max-width480px_880_880-150x150.jpg 150w, https:\/\/opinionpublica.com.ar\/index\/wp-content\/uploads\/2025\/08\/68a61fad6a064-screen-and-max-width480px_880_880-768x768.jpg 768w\" sizes=\"(max-width: 880px) 100vw, 880px\" \/><\/a><\/p>\n<p>Gonzalo M\u00f3rtola se convirti\u00f3 en el primer funcionario macrista condenado a prisi\u00f3n por incumplimiento de deberes de funcionario p\u00fablico. Recibi\u00f3 una pena de seis meses por la contrataci\u00f3n irregular de la empresa INDRA por un mill\u00f3n de d\u00f3lares.<\/p>\n<p>&nbsp;<\/p>\n<p>M\u00f3rtola lleg\u00f3 a la Administraci\u00f3n General de Puertos de la mano de Jos\u00e9 Torello, amigo de la escuela de Mauricio Macri. Ex rugbier de Belgrano Athletic, no ten\u00eda ninguna experiencia en cuestiones portuarias.<\/p>\n<p>&nbsp;<\/p>\n<p>Sin licitaci\u00f3n, la AGP que manejaba M\u00f3rtola le pag\u00f3 en 2016 a Indra un mill\u00f3n de d\u00f3lares para que redacte los pliegos de licitaci\u00f3n de las terminales portuarias que el macrismo buscaba concesionar.<\/p>\n<p>&nbsp;<\/p>\n<p>En lugar de llamar a una licitaci\u00f3n, como indica el reglamento de compras, M\u00f3rtola convoc\u00f3 a dos asesores, Mart\u00edn Hagelstrom y Ernesto Laborde. Los asesores recomendaron la contrataci\u00f3n directa de INDRA.<\/p>\n<p>&nbsp;<\/p>\n<p>Hagelstrom est\u00e1 procesado en la causa y sigue ligado a Guillermo Dietrich, a quien acompa\u00f1\u00f3 en distintas charlas sobre la Hidrov\u00eda. El ex ministro de Transporte fue jefe directo de M\u00f3rtola y hasta \u00faltimo momento busc\u00f3 avanzar con la licitaci\u00f3n del puerto antes de la llegada de Alberto Fern\u00e1ndez.<\/p>\n<p>&nbsp;<\/p>\n<p>Tras el fin del macrismo, M\u00f3rtola comenz\u00f3 a recorrer los tribunales. Desde 2018 hab\u00eda una denuncia por la contrataci\u00f3n irregular.<\/p>\n<p>&nbsp;<\/p>\n<p>El ex funcionario hizo todo lo posible para que, con la llegada de Milei, el Estado se retirara como querellante de la causa, pero no lo consigui\u00f3 y Marcelo Mart\u00ednez de Giorgi elev\u00f3 la causa a juicio oral.<\/p>\n<p>&nbsp;<\/p>\n<p>All\u00ed, Rafecas lo conden\u00f3 a \u00abseis meses de prisi\u00f3n en suspenso, costas e inhabilitaci\u00f3n especial por el doble de tiempo, en tanto fije residencia y se someta al cuidado de la Direcci\u00f3n de Control y Asistencia de Ejecuci\u00f3n Penal, por considerarlo autor penalmente responsable del delito de incumplimiento de los deberes de funcionario p\u00fablico\u00bb.<\/p>\n<p>&nbsp;<\/p>\n<p>El \u00fanico aliciente para M\u00f3rtola es que logr\u00f3 evitar la condena por defraudaci\u00f3n, aunque seg\u00fan adelantaron a LPO fuentes judiciales, todas las partes apelar\u00e1n el fallo.<\/p>\n","protected":false},"excerpt":{"rendered":"<p>Gonzalo M\u00f3rtola se convirti\u00f3 en el primer funcionario macrista condenado a prisi\u00f3n El ex titular de Puertos recibi\u00f3<\/p>\n","protected":false},"author":5,"featured_media":10769,"comment_status":"open","ping_status":"open","sticky":false,"template":"","format":"standard","meta":{"footnotes":""},"categories":[3],"tags":[3756,3755,3754,756],"class_list":["post-10768","post","type-post","status-publish","format-standard","has-post-thumbnail","hentry","category-nacionales","tag-ex-titular-de-puertos","tag-funcionario-macrista","tag-gonzalo-mortola","tag-pro"],"featured_image_urls":{"full":["https:\/\/opinionpublica.com.ar\/index\/wp-content\/uploads\/2025\/08\/68a61fad6a064-screen-and-max-width480px_880_880.jpg",880,880,false],"thumbnail":["https:\/\/opinionpublica.com.ar\/index\/wp-content\/uploads\/2025\/08\/68a61fad6a064-screen-and-max-width480px_880_880-150x150.jpg",150,150,true],"medium":["https:\/\/opinionpublica.com.ar\/index\/wp-content\/uploads\/2025\/08\/68a61fad6a064-screen-and-max-width480px_880_880-300x300.jpg",300,300,true],"medium_large":["https:\/\/opinionpublica.com.ar\/index\/wp-content\/uploads\/2025\/08\/68a61fad6a064-screen-and-max-width480px_880_880-768x768.jpg",640,640,true],"large":["https:\/\/opinionpublica.com.ar\/index\/wp-content\/uploads\/2025\/08\/68a61fad6a064-screen-and-max-width480px_880_880.jpg",640,640,false],"1536x1536":["https:\/\/opinionpublica.com.ar\/index\/wp-content\/uploads\/2025\/08\/68a61fad6a064-screen-and-max-width480px_880_880.jpg",880,880,false],"2048x2048":["https:\/\/opinionpublica.com.ar\/index\/wp-content\/uploads\/2025\/08\/68a61fad6a064-screen-and-max-width480px_880_880.jpg",880,880,false],"morenews-large":["https:\/\/opinionpublica.com.ar\/index\/wp-content\/uploads\/2025\/08\/68a61fad6a064-screen-and-max-width480px_880_880-825x575.jpg",825,575,true],"morenews-medium":["https:\/\/opinionpublica.com.ar\/index\/wp-content\/uploads\/2025\/08\/68a61fad6a064-screen-and-max-width480px_880_880-590x410.jpg",590,410,true]},"author_info":{"display_name":"Hal","author_link":"https:\/\/opinionpublica.com.ar\/index\/author\/hal\/"},"category_info":"<a href=\"https:\/\/opinionpublica.com.ar\/index\/category\/nacionales\/\" rel=\"category tag\">Nacionales<\/a>","tag_info":"Nacionales","comment_count":"0","_links":{"self":[{"href":"https:\/\/opinionpublica.com.ar\/index\/wp-json\/wp\/v2\/posts\/10768","targetHints":{"allow":["GET"]}}],"collection":[{"href":"https:\/\/opinionpublica.com.ar\/index\/wp-json\/wp\/v2\/posts"}],"about":[{"href":"https:\/\/opinionpublica.com.ar\/index\/wp-json\/wp\/v2\/types\/post"}],"author":[{"embeddable":true,"href":"https:\/\/opinionpublica.com.ar\/index\/wp-json\/wp\/v2\/users\/5"}],"replies":[{"embeddable":true,"href":"https:\/\/opinionpublica.com.ar\/index\/wp-json\/wp\/v2\/comments?post=10768"}],"version-history":[{"count":1,"href":"https:\/\/opinionpublica.com.ar\/index\/wp-json\/wp\/v2\/posts\/10768\/revisions"}],"predecessor-version":[{"id":10770,"href":"https:\/\/opinionpublica.com.ar\/index\/wp-json\/wp\/v2\/posts\/10768\/revisions\/10770"}],"wp:featuredmedia":[{"embeddable":true,"href":"https:\/\/opinionpublica.com.ar\/index\/wp-json\/wp\/v2\/media\/10769"}],"wp:attachment":[{"href":"https:\/\/opinionpublica.com.ar\/index\/wp-json\/wp\/v2\/media?parent=10768"}],"wp:term":[{"taxonomy":"category","embeddable":true,"href":"https:\/\/opinionpublica.com.ar\/index\/wp-json\/wp\/v2\/categories?post=10768"},{"taxonomy":"post_tag","embeddable":true,"href":"https:\/\/opinionpublica.com.ar\/index\/wp-json\/wp\/v2\/tags?post=10768"}],"curies":[{"name":"wp","href":"https:\/\/api.w.org\/{rel}","templated":true}]}}