{"id":10844,"date":"2025-08-27T09:57:56","date_gmt":"2025-08-27T12:57:56","guid":{"rendered":"https:\/\/opinionpublica.com.ar\/index\/?p=10844"},"modified":"2025-08-27T09:57:56","modified_gmt":"2025-08-27T12:57:56","slug":"los-controladores-aereos-suspendieron-el-paro-del-jueves-pero-mantienen-el-del-sabado-30","status":"publish","type":"post","link":"https:\/\/opinionpublica.com.ar\/index\/los-controladores-aereos-suspendieron-el-paro-del-jueves-pero-mantienen-el-del-sabado-30\/","title":{"rendered":"Los controladores a\u00e9reos suspendieron el paro del jueves, pero mantienen el del s\u00e1bado 30"},"content":{"rendered":"<p style=\"text-align: left;\"><strong>Los controladores a\u00e9reos suspendieron el paro del jueves, pero mantienen el del s\u00e1bado 30<\/strong><\/p>\n<p><a href=\"https:\/\/opinionpublica.com.ar\/index\/wp-content\/uploads\/2025\/08\/oEp-WxGMn_360x240__1.jpg\"><img fetchpriority=\"high\" decoding=\"async\" class=\"size-full wp-image-10845\" src=\"https:\/\/opinionpublica.com.ar\/index\/wp-content\/uploads\/2025\/08\/oEp-WxGMn_360x240__1.jpg\" alt=\"\" width=\"360\" height=\"240\" srcset=\"https:\/\/opinionpublica.com.ar\/index\/wp-content\/uploads\/2025\/08\/oEp-WxGMn_360x240__1.jpg 360w, https:\/\/opinionpublica.com.ar\/index\/wp-content\/uploads\/2025\/08\/oEp-WxGMn_360x240__1-300x200.jpg 300w\" sizes=\"(max-width: 360px) 100vw, 360px\" \/><\/a><\/p>\n<p>El cambio en el cronograma de huelgas es por la covocatoria a una audiencia en Trabajo.<\/p>\n<p>Adem\u00e1s, anticiparon que las medidas podr\u00edan seguir en septiembre. Este martes hubo 15 mil pasajeros afectados.<\/p>\n<p>El sindicato de controladores a\u00e9reos suspendi\u00f3 el paro del jueves pero mantiene la medida de fuerza del s\u00e1bado, despu\u00e9s de ser convocados a una audiencia en Trabajo con los empleadores. As\u00ed lo confirm\u00f3 este martes la Asociaci\u00f3n T\u00e9cnicos y Empleados de Protecci\u00f3n y Seguridad a la Aeronavegaci\u00f3n (ATEPSA), que este martes llev\u00f3 adelante el tercer d\u00eda de huelga y afect\u00f3 a 15 mil pasajeros.<\/p>\n<p>&nbsp;<\/p>\n<p>\u00abEn el d\u00eda de la fecha fuimos convocados urgentemente por la Direcci\u00f3n Nacional de Relaciones y Regulaciones del Trabajo a una audiencia en conjunto con el empleador, para el mi\u00e9rcoles 27 de agosto, en las oficinas de la Secretar\u00eda de Trabajo\u00bb, indic\u00f3 ATEPSA en un comunicado. Adem\u00e1s, anticiparon que las medidas podr\u00edan seguir en septiembre.<\/p>\n<p>&nbsp;<\/p>\n<p>El cronograma original de paros -\u00abmedidas leg\u00edtimas de acci\u00f3n sindical\u00bb, seg\u00fan las defini\u00f3 el gremio- preve\u00eda huelgas en dos turnos diarios para el viernes 22, el domingo 24 y el martes 26, adem\u00e1s de las del jueves 28, ahora suspendida. En cambio, se mantiene en pie el paro del s\u00e1bado 30 de agosto, en la franja de las 13 a las 16 y la de las 19 a las 22.<\/p>\n<p>&nbsp;<\/p>\n<p>Desde el sindicato explicaron que la audiencia en Trabajo requiere que las negociaciones se hagan \u00aben un marco de paz social, a fin de poder acercar posiciones\u00bb. Por eso, el Plenario de Delegados decidi\u00f3 suspender el paro del jueves, aunque abrieron la puerta a prolongar las medidas \u00abdurante el mes de septiembre en caso de que la negociaci\u00f3n sea meramente dilatoria\u00bb.<\/p>\n<p>&nbsp;<\/p>\n<p>\u00abNuevamente, realizaremos todas las acciones que est\u00e9n a nuestro alcance para lograr arribar a una soluci\u00f3n al conflicto que perjudica directamente a nuestros salarios, a nuestras profesiones y a la aviaci\u00f3n en general. Instamos a las autoridades a que tengan la responsabilidad necesaria para negociar de buena fe y sin condicionamientos\u00bb, a\u00f1adieron desde ATEPSA, que valor\u00f3 positivamente las primeras tres jornadas de protestas.<\/p>\n<p>&nbsp;<\/p>\n<p>&nbsp;<\/p>\n<p>Este martes los paros fueron de 7 a 10 y de 14 a 17. Hubo casi 180 vuelos y 15 mil pasajeros afectados. Las compa\u00f1\u00edas preve\u00edan p\u00e9rdidas estimadas de entre 1,5 y 2 millones de d\u00f3lares.<\/p>\n<p>&nbsp;<\/p>\n<p>En las \u00faltimas horas, el Gobierno hab\u00eda amenazado con multas y sanciones por las medidas de fuerza.<\/p>\n<p>&nbsp;<\/p>\n<p>\u00abEn funci\u00f3n a la proximidad del desarrollo de la tercera jornada de paro de los controladores a\u00e9reos, a realizarse durante el martes 26 de agosto de 7:00 a 10:00 y de 14:00 a 17:00, se recuerda que los servicios de navegaci\u00f3n a\u00e9rea son un servicio esencial establecido por ley y que se debe prestar un servicio m\u00ednimo del 45% de la operaci\u00f3n a\u00e9rea contemplada\u00bb, indic\u00f3 la Secretar\u00eda de Transporte de la Naci\u00f3n.<\/p>\n<p>&nbsp;<\/p>\n<p>El domingo, el segundo d\u00eda de protestas, Aerol\u00edneas Argentinas tuvo que suspender m\u00e1s de 40 vuelos y reprogramar 122. El viernes, primer d\u00eda de paros se registraron 50 vuelos cancelados, filas eternas y casi 20 mil pasajeros afectados.<\/p>\n","protected":false},"excerpt":{"rendered":"<p>Los controladores a\u00e9reos suspendieron el paro del jueves, pero mantienen el del s\u00e1bado 30 El cambio en el<\/p>\n","protected":false},"author":5,"featured_media":3344,"comment_status":"open","ping_status":"open","sticky":false,"template":"","format":"standard","meta":{"footnotes":""},"categories":[3],"tags":[3778,90],"class_list":["post-10844","post","type-post","status-publish","format-standard","has-post-thumbnail","hentry","category-nacionales","tag-controladores-aereos","tag-paro"],"featured_image_urls":{"full":["https:\/\/opinionpublica.com.ar\/index\/wp-content\/uploads\/2024\/05\/aerolineas-argentinas-3.jpg",960,640,false],"thumbnail":["https:\/\/opinionpublica.com.ar\/index\/wp-content\/uploads\/2024\/05\/aerolineas-argentinas-3-150x150.jpg",150,150,true],"medium":["https:\/\/opinionpublica.com.ar\/index\/wp-content\/uploads\/2024\/05\/aerolineas-argentinas-3-300x200.jpg",300,200,true],"medium_large":["https:\/\/opinionpublica.com.ar\/index\/wp-content\/uploads\/2024\/05\/aerolineas-argentinas-3-768x512.jpg",640,427,true],"large":["https:\/\/opinionpublica.com.ar\/index\/wp-content\/uploads\/2024\/05\/aerolineas-argentinas-3.jpg",640,427,false],"1536x1536":["https:\/\/opinionpublica.com.ar\/index\/wp-content\/uploads\/2024\/05\/aerolineas-argentinas-3.jpg",960,640,false],"2048x2048":["https:\/\/opinionpublica.com.ar\/index\/wp-content\/uploads\/2024\/05\/aerolineas-argentinas-3.jpg",960,640,false],"morenews-large":["https:\/\/opinionpublica.com.ar\/index\/wp-content\/uploads\/2024\/05\/aerolineas-argentinas-3-825x575.jpg",825,575,true],"morenews-medium":["https:\/\/opinionpublica.com.ar\/index\/wp-content\/uploads\/2024\/05\/aerolineas-argentinas-3-590x410.jpg",590,410,true]},"author_info":{"display_name":"Hal","author_link":"https:\/\/opinionpublica.com.ar\/index\/author\/hal\/"},"category_info":"<a href=\"https:\/\/opinionpublica.com.ar\/index\/category\/nacionales\/\" rel=\"category tag\">Nacionales<\/a>","tag_info":"Nacionales","comment_count":"0","_links":{"self":[{"href":"https:\/\/opinionpublica.com.ar\/index\/wp-json\/wp\/v2\/posts\/10844","targetHints":{"allow":["GET"]}}],"collection":[{"href":"https:\/\/opinionpublica.com.ar\/index\/wp-json\/wp\/v2\/posts"}],"about":[{"href":"https:\/\/opinionpublica.com.ar\/index\/wp-json\/wp\/v2\/types\/post"}],"author":[{"embeddable":true,"href":"https:\/\/opinionpublica.com.ar\/index\/wp-json\/wp\/v2\/users\/5"}],"replies":[{"embeddable":true,"href":"https:\/\/opinionpublica.com.ar\/index\/wp-json\/wp\/v2\/comments?post=10844"}],"version-history":[{"count":1,"href":"https:\/\/opinionpublica.com.ar\/index\/wp-json\/wp\/v2\/posts\/10844\/revisions"}],"predecessor-version":[{"id":10846,"href":"https:\/\/opinionpublica.com.ar\/index\/wp-json\/wp\/v2\/posts\/10844\/revisions\/10846"}],"wp:featuredmedia":[{"embeddable":true,"href":"https:\/\/opinionpublica.com.ar\/index\/wp-json\/wp\/v2\/media\/3344"}],"wp:attachment":[{"href":"https:\/\/opinionpublica.com.ar\/index\/wp-json\/wp\/v2\/media?parent=10844"}],"wp:term":[{"taxonomy":"category","embeddable":true,"href":"https:\/\/opinionpublica.com.ar\/index\/wp-json\/wp\/v2\/categories?post=10844"},{"taxonomy":"post_tag","embeddable":true,"href":"https:\/\/opinionpublica.com.ar\/index\/wp-json\/wp\/v2\/tags?post=10844"}],"curies":[{"name":"wp","href":"https:\/\/api.w.org\/{rel}","templated":true}]}}