{"id":10847,"date":"2025-08-27T10:04:57","date_gmt":"2025-08-27T13:04:57","guid":{"rendered":"https:\/\/opinionpublica.com.ar\/index\/?p=10847"},"modified":"2025-08-27T10:04:57","modified_gmt":"2025-08-27T13:04:57","slug":"rebelion-de-los-trabajadores-de-la-dpe","status":"publish","type":"post","link":"https:\/\/opinionpublica.com.ar\/index\/rebelion-de-los-trabajadores-de-la-dpe\/","title":{"rendered":"Rebeli\u00f3n de los trabajadores de la DPE"},"content":{"rendered":"<p><strong>Rebeli\u00f3n de los trabajadores de la DPE<\/strong><\/p>\n<p>Despu\u00e9s de nueve a\u00f1os de reclamos sin respuesta, el Sindicato de Luz y Fuerza de Ushuaia decidi\u00f3 una medida de fuerza inesperada.<\/p>\n<p><a href=\"https:\/\/opinionpublica.com.ar\/index\/wp-content\/uploads\/2024\/05\/energia-y-electricidad.jpg\"><img fetchpriority=\"high\" decoding=\"async\" class=\"alignnone size-full wp-image-2800\" src=\"https:\/\/opinionpublica.com.ar\/index\/wp-content\/uploads\/2024\/05\/energia-y-electricidad.jpg\" alt=\"\" width=\"840\" height=\"556\" srcset=\"https:\/\/opinionpublica.com.ar\/index\/wp-content\/uploads\/2024\/05\/energia-y-electricidad.jpg 840w, https:\/\/opinionpublica.com.ar\/index\/wp-content\/uploads\/2024\/05\/energia-y-electricidad-300x199.jpg 300w, https:\/\/opinionpublica.com.ar\/index\/wp-content\/uploads\/2024\/05\/energia-y-electricidad-768x508.jpg 768w\" sizes=\"(max-width: 840px) 100vw, 840px\" \/><\/a><\/p>\n<p>Los operarios de la Direcci\u00f3n Provincial de Energ\u00eda dejar\u00e1n de realizar tareas con riesgo el\u00e9ctrico. El detonante fue la respuesta formal de la Caja de Previsi\u00f3n que, por escrito, desconoci\u00f3 la peligrosidad de sus tareas, a pesar de contar con una resoluci\u00f3n ministerial que las avala.<\/p>\n<p>El conflicto que se ven\u00eda gestando hace casi una d\u00e9cada en la Direcci\u00f3n Provincial de Energ\u00eda (DPE) de Ushuaia finalmente estall\u00f3. Los trabajadores, representados por el Sindicato de Luz y Fuerza, han dicho basta a lo que consideran un \u201cc\u00edrculo vicioso\u201d de burocracia y desidia. El reclamo es claro: el reconocimiento de un plus salarial por las tareas de alto riesgo que realizan a diario con cables energizados, un derecho que, seg\u00fan el gremio, es reconocido en el resto del pa\u00eds y en la propia Tolhuin.<\/p>\n<p>&nbsp;<\/p>\n<p>En una entrevista que el secretario General, Leonardo Brangeri le brind\u00f3 a Radio Provincia, explic\u00f3 la profunda frustraci\u00f3n que sienten los trabajadores. \u201cSomos el \u00fanico lugar en el pa\u00eds, la DPE, donde no est\u00e1n reconocidas las tareas peligrosas\u201d, sentenci\u00f3. La gota que colm\u00f3 el vaso fue la respuesta de la Caja de Previsi\u00f3n, que calific\u00f3 las labores como \u201cnormales\u201d en un documento oficial, un acto que el sindicato calific\u00f3 como una \u201ctomada de pelo\u201d.<\/p>\n<p>&nbsp;<\/p>\n<p>La reacci\u00f3n no se hizo esperar: los trabajadores decidieron suspender todo trabajo en la calle que implique riesgo el\u00e9ctrico, afectando directamente el servicio de energ\u00eda de la capital fueguina. Brangeri lament\u00f3 el impacto en la sociedad, pero asegur\u00f3 que \u201cno tenemos otra herramienta hoy que hacernos escuchar\u201d. El sindicato acusa a las autoridades de \u201cdejadez pol\u00edtica\u201d y de pasarse la responsabilidad entre la Caja y el Ministerio de Trabajo, mientras una resoluci\u00f3n que respalda sus reclamos queda archivada.<\/p>\n<p>&nbsp;<\/p>\n<p>La situaci\u00f3n se vuelve a\u00fan m\u00e1s tensa con los rumores sobre una posible privatizaci\u00f3n de la DPE en favor de la empresa Terra Ignis, una opci\u00f3n que, seg\u00fan el sindicato, solo agravar\u00eda la falta de controles y la precarizaci\u00f3n laboral. En un contexto de cortes de luz recurrentes en la provincia, la medida de fuerza de los operarios solo visibiliza a\u00fan m\u00e1s un problema de fondo que exige una soluci\u00f3n urgente.<\/p>\n<p>&nbsp;<\/p>\n","protected":false},"excerpt":{"rendered":"<p>Rebeli\u00f3n de los trabajadores de la DPE Despu\u00e9s de nueve a\u00f1os de reclamos sin respuesta, el Sindicato de<\/p>\n","protected":false},"author":5,"featured_media":2800,"comment_status":"open","ping_status":"open","sticky":false,"template":"","format":"standard","meta":{"footnotes":""},"categories":[21],"tags":[998,90],"class_list":["post-10847","post","type-post","status-publish","format-standard","has-post-thumbnail","hentry","category-ushuaia","tag-dpe","tag-paro"],"featured_image_urls":{"full":["https:\/\/opinionpublica.com.ar\/index\/wp-content\/uploads\/2024\/05\/energia-y-electricidad.jpg",840,556,false],"thumbnail":["https:\/\/opinionpublica.com.ar\/index\/wp-content\/uploads\/2024\/05\/energia-y-electricidad-150x150.jpg",150,150,true],"medium":["https:\/\/opinionpublica.com.ar\/index\/wp-content\/uploads\/2024\/05\/energia-y-electricidad-300x199.jpg",300,199,true],"medium_large":["https:\/\/opinionpublica.com.ar\/index\/wp-content\/uploads\/2024\/05\/energia-y-electricidad-768x508.jpg",640,423,true],"large":["https:\/\/opinionpublica.com.ar\/index\/wp-content\/uploads\/2024\/05\/energia-y-electricidad.jpg",640,424,false],"1536x1536":["https:\/\/opinionpublica.com.ar\/index\/wp-content\/uploads\/2024\/05\/energia-y-electricidad.jpg",840,556,false],"2048x2048":["https:\/\/opinionpublica.com.ar\/index\/wp-content\/uploads\/2024\/05\/energia-y-electricidad.jpg",840,556,false],"morenews-large":["https:\/\/opinionpublica.com.ar\/index\/wp-content\/uploads\/2024\/05\/energia-y-electricidad-825x556.jpg",825,556,true],"morenews-medium":["https:\/\/opinionpublica.com.ar\/index\/wp-content\/uploads\/2024\/05\/energia-y-electricidad-590x410.jpg",590,410,true]},"author_info":{"display_name":"Hal","author_link":"https:\/\/opinionpublica.com.ar\/index\/author\/hal\/"},"category_info":"<a href=\"https:\/\/opinionpublica.com.ar\/index\/category\/ushuaia\/\" rel=\"category tag\">Ushuaia<\/a>","tag_info":"Ushuaia","comment_count":"0","_links":{"self":[{"href":"https:\/\/opinionpublica.com.ar\/index\/wp-json\/wp\/v2\/posts\/10847","targetHints":{"allow":["GET"]}}],"collection":[{"href":"https:\/\/opinionpublica.com.ar\/index\/wp-json\/wp\/v2\/posts"}],"about":[{"href":"https:\/\/opinionpublica.com.ar\/index\/wp-json\/wp\/v2\/types\/post"}],"author":[{"embeddable":true,"href":"https:\/\/opinionpublica.com.ar\/index\/wp-json\/wp\/v2\/users\/5"}],"replies":[{"embeddable":true,"href":"https:\/\/opinionpublica.com.ar\/index\/wp-json\/wp\/v2\/comments?post=10847"}],"version-history":[{"count":1,"href":"https:\/\/opinionpublica.com.ar\/index\/wp-json\/wp\/v2\/posts\/10847\/revisions"}],"predecessor-version":[{"id":10848,"href":"https:\/\/opinionpublica.com.ar\/index\/wp-json\/wp\/v2\/posts\/10847\/revisions\/10848"}],"wp:featuredmedia":[{"embeddable":true,"href":"https:\/\/opinionpublica.com.ar\/index\/wp-json\/wp\/v2\/media\/2800"}],"wp:attachment":[{"href":"https:\/\/opinionpublica.com.ar\/index\/wp-json\/wp\/v2\/media?parent=10847"}],"wp:term":[{"taxonomy":"category","embeddable":true,"href":"https:\/\/opinionpublica.com.ar\/index\/wp-json\/wp\/v2\/categories?post=10847"},{"taxonomy":"post_tag","embeddable":true,"href":"https:\/\/opinionpublica.com.ar\/index\/wp-json\/wp\/v2\/tags?post=10847"}],"curies":[{"name":"wp","href":"https:\/\/api.w.org\/{rel}","templated":true}]}}