{"id":10851,"date":"2025-08-27T10:22:00","date_gmt":"2025-08-27T13:22:00","guid":{"rendered":"https:\/\/opinionpublica.com.ar\/index\/?p=10851"},"modified":"2025-08-27T10:22:00","modified_gmt":"2025-08-27T13:22:00","slug":"terra-ignis-en-el-centro-de-una-nueva-polemica","status":"publish","type":"post","link":"https:\/\/opinionpublica.com.ar\/index\/terra-ignis-en-el-centro-de-una-nueva-polemica\/","title":{"rendered":"Terra Ignis, en el centro de una nueva pol\u00e9mica"},"content":{"rendered":"<p><strong>Terra Ignis, en el centro de una nueva pol\u00e9mica<\/strong><\/p>\n<p>Una reciente publicaci\u00f3n oficial revela que la Dra. Constanza Carro es la s\u00edndica titular de la empresa estatal lo que contradice las afirmaciones del presidente de Terra Ignis, Maximiliano D\u2019Alessio, quien le niega el acceso a la fiscalizaci\u00f3n.<\/p>\n<p><a href=\"https:\/\/opinionpublica.com.ar\/index\/wp-content\/uploads\/2025\/08\/igj-dealessio.jpg\"><img fetchpriority=\"high\" decoding=\"async\" class=\"alignnone size-full wp-image-10852\" src=\"https:\/\/opinionpublica.com.ar\/index\/wp-content\/uploads\/2025\/08\/igj-dealessio.jpg\" alt=\"\" width=\"1440\" height=\"1000\" srcset=\"https:\/\/opinionpublica.com.ar\/index\/wp-content\/uploads\/2025\/08\/igj-dealessio.jpg 1440w, https:\/\/opinionpublica.com.ar\/index\/wp-content\/uploads\/2025\/08\/igj-dealessio-300x208.jpg 300w, https:\/\/opinionpublica.com.ar\/index\/wp-content\/uploads\/2025\/08\/igj-dealessio-1024x711.jpg 1024w, https:\/\/opinionpublica.com.ar\/index\/wp-content\/uploads\/2025\/08\/igj-dealessio-768x533.jpg 768w, https:\/\/opinionpublica.com.ar\/index\/wp-content\/uploads\/2025\/08\/igj-dealessio-590x410.jpg 590w\" sizes=\"(max-width: 1440px) 100vw, 1440px\" \/><\/a><\/p>\n<p>En los \u00faltimos meses, el presidente de la sociedad, Maximiliano D\u2019Alessio, afirm\u00f3 en reiteradas oportunidades que la Dra. Ana Constanza Carro hab\u00eda sido removida de su cargo como S\u00edndica Titular en una supuesta asamblea extraordinaria y por ese motivo no se le permite fiscalizar, asegurando incluso contar con un acta de accionistas que respaldaba esa decisi\u00f3n.<\/p>\n<p>&nbsp;<\/p>\n<p>Sin embargo y de manera sorprendente, Maximiliano D\u2019Alessio declar\u00f3 recientemente lo contrario cuando debi\u00f3 informar al \u00f3rgano regulatorio, la Inspecci\u00f3n General de Justicia (IGJ) que en efecto, la Dra. Carro era y es la s\u00edndica titular designada por la Legislatura. As\u00ed consta en los edictos ordenados por IGJ y publicados en el Bolet\u00edn Oficial N\u00ba 5897 del 18 de agosto de 2025, de donde se acredita oficialmente que Carro es S\u00edndica Titular de Terra Ignis S.A.<\/p>\n<p>&nbsp;<\/p>\n<p>Esta situaci\u00f3n revela una conducta contradictoria inexplicable de Maximiliano D\u2019Alessio ya que, ante la Legislatura, declar\u00f3 exactamente lo contrario.<\/p>\n<p>&nbsp;<\/p>\n<p>El episodio desnuda una nueva irregularidad en el seno de la empresa de capitales estatales, mientras la m\u00e1xima autoridad societaria niega la continuidad de la s\u00edndica y le impide fiscalizar el organismo de control administrativo le reconoce la vigencia en sus funciones.<\/p>\n<p>&nbsp;<\/p>\n<p>Pero lo m\u00e1s grave es que, pese a esta ratificaci\u00f3n oficial, la Sindicatura sigue sin poder ejercer sus tareas de fiscalizaci\u00f3n y la empresa a\u00fan se encuentra en estado \u201cirregular\u201d ante la IGJ. Carro denunci\u00f3 que no se le ha permitido acceder a la documentaci\u00f3n societaria y contable correspondiente al ejercicio 2024, incumpliendo los deberes de informaci\u00f3n y transparencia que establece la Ley General de Sociedades.<\/p>\n<p>&nbsp;<\/p>\n<p>En una comunicaci\u00f3n dirigida a la Presidencia, la s\u00edndica advirti\u00f3 que la obstaculizaci\u00f3n deliberada de su labor constituye una conducta antijur\u00eddica que genera perjuicios directos a la sociedad y podr\u00eda configurar el delito de incumplimiento de deberes de funcionario p\u00fablico (art. 248 del C\u00f3digo Penal).<\/p>\n<p>&nbsp;<\/p>\n<p>De este modo, Terra Ignis no solo queda nuevamente envuelta en un episodio de confusi\u00f3n institucional, sino que adem\u00e1s enfrenta cuestionamientos sobre la falta de transparencia en la gesti\u00f3n de los fondos p\u00fablicos y la resistencia a los controles legales que debe garantizar.<\/p>\n<p>&nbsp;<\/p>\n","protected":false},"excerpt":{"rendered":"<p>Terra Ignis, en el centro de una nueva pol\u00e9mica Una reciente publicaci\u00f3n oficial revela que la Dra. Constanza<\/p>\n","protected":false},"author":5,"featured_media":10852,"comment_status":"open","ping_status":"open","sticky":false,"template":"","format":"standard","meta":{"footnotes":""},"categories":[2],"tags":[748,747],"class_list":["post-10851","post","type-post","status-publish","format-standard","has-post-thumbnail","hentry","category-tierra-del-fuego","tag-maximiliano-dalessio","tag-terra-ignis"],"featured_image_urls":{"full":["https:\/\/opinionpublica.com.ar\/index\/wp-content\/uploads\/2025\/08\/igj-dealessio.jpg",1440,1000,false],"thumbnail":["https:\/\/opinionpublica.com.ar\/index\/wp-content\/uploads\/2025\/08\/igj-dealessio-150x150.jpg",150,150,true],"medium":["https:\/\/opinionpublica.com.ar\/index\/wp-content\/uploads\/2025\/08\/igj-dealessio-300x208.jpg",300,208,true],"medium_large":["https:\/\/opinionpublica.com.ar\/index\/wp-content\/uploads\/2025\/08\/igj-dealessio-768x533.jpg",640,444,true],"large":["https:\/\/opinionpublica.com.ar\/index\/wp-content\/uploads\/2025\/08\/igj-dealessio-1024x711.jpg",640,444,true],"1536x1536":["https:\/\/opinionpublica.com.ar\/index\/wp-content\/uploads\/2025\/08\/igj-dealessio.jpg",1440,1000,false],"2048x2048":["https:\/\/opinionpublica.com.ar\/index\/wp-content\/uploads\/2025\/08\/igj-dealessio.jpg",1440,1000,false],"morenews-large":["https:\/\/opinionpublica.com.ar\/index\/wp-content\/uploads\/2025\/08\/igj-dealessio-825x575.jpg",825,575,true],"morenews-medium":["https:\/\/opinionpublica.com.ar\/index\/wp-content\/uploads\/2025\/08\/igj-dealessio-590x410.jpg",590,410,true]},"author_info":{"display_name":"Hal","author_link":"https:\/\/opinionpublica.com.ar\/index\/author\/hal\/"},"category_info":"<a href=\"https:\/\/opinionpublica.com.ar\/index\/category\/tierra-del-fuego\/\" rel=\"category tag\">Tierra del Fuego<\/a>","tag_info":"Tierra del Fuego","comment_count":"0","_links":{"self":[{"href":"https:\/\/opinionpublica.com.ar\/index\/wp-json\/wp\/v2\/posts\/10851","targetHints":{"allow":["GET"]}}],"collection":[{"href":"https:\/\/opinionpublica.com.ar\/index\/wp-json\/wp\/v2\/posts"}],"about":[{"href":"https:\/\/opinionpublica.com.ar\/index\/wp-json\/wp\/v2\/types\/post"}],"author":[{"embeddable":true,"href":"https:\/\/opinionpublica.com.ar\/index\/wp-json\/wp\/v2\/users\/5"}],"replies":[{"embeddable":true,"href":"https:\/\/opinionpublica.com.ar\/index\/wp-json\/wp\/v2\/comments?post=10851"}],"version-history":[{"count":1,"href":"https:\/\/opinionpublica.com.ar\/index\/wp-json\/wp\/v2\/posts\/10851\/revisions"}],"predecessor-version":[{"id":10853,"href":"https:\/\/opinionpublica.com.ar\/index\/wp-json\/wp\/v2\/posts\/10851\/revisions\/10853"}],"wp:featuredmedia":[{"embeddable":true,"href":"https:\/\/opinionpublica.com.ar\/index\/wp-json\/wp\/v2\/media\/10852"}],"wp:attachment":[{"href":"https:\/\/opinionpublica.com.ar\/index\/wp-json\/wp\/v2\/media?parent=10851"}],"wp:term":[{"taxonomy":"category","embeddable":true,"href":"https:\/\/opinionpublica.com.ar\/index\/wp-json\/wp\/v2\/categories?post=10851"},{"taxonomy":"post_tag","embeddable":true,"href":"https:\/\/opinionpublica.com.ar\/index\/wp-json\/wp\/v2\/tags?post=10851"}],"curies":[{"name":"wp","href":"https:\/\/api.w.org\/{rel}","templated":true}]}}