{"id":10857,"date":"2025-08-27T10:37:44","date_gmt":"2025-08-27T13:37:44","guid":{"rendered":"https:\/\/opinionpublica.com.ar\/index\/?p=10857"},"modified":"2025-08-27T10:37:44","modified_gmt":"2025-08-27T13:37:44","slug":"nancy-fernandez-denuncio-irregularidades-en-la-legislatura","status":"publish","type":"post","link":"https:\/\/opinionpublica.com.ar\/index\/nancy-fernandez-denuncio-irregularidades-en-la-legislatura\/","title":{"rendered":"Nancy Fern\u00e1ndez denunci\u00f3 irregularidades en la Legislatura"},"content":{"rendered":"<p><strong>Nancy Fern\u00e1ndez denunci\u00f3 irregularidades en la Legislatura<\/strong><\/p>\n<p><a href=\"https:\/\/opinionpublica.com.ar\/index\/wp-content\/uploads\/2025\/07\/No-a-las-salmoneras.jpg.webp\"><img fetchpriority=\"high\" decoding=\"async\" class=\"alignnone size-full wp-image-10251\" src=\"https:\/\/opinionpublica.com.ar\/index\/wp-content\/uploads\/2025\/07\/No-a-las-salmoneras.jpg.webp\" alt=\"\" width=\"987\" height=\"555\" srcset=\"https:\/\/opinionpublica.com.ar\/index\/wp-content\/uploads\/2025\/07\/No-a-las-salmoneras.jpg.webp 987w, https:\/\/opinionpublica.com.ar\/index\/wp-content\/uploads\/2025\/07\/No-a-las-salmoneras.jpg-300x169.webp 300w, https:\/\/opinionpublica.com.ar\/index\/wp-content\/uploads\/2025\/07\/No-a-las-salmoneras.jpg-768x432.webp 768w\" sizes=\"(max-width: 987px) 100vw, 987px\" \/><\/a><\/p>\n<p>La presidenta de la asociaci\u00f3n ambientalista Mane\u2019kenk, Nancy Fern\u00e1ndez, cuestion\u00f3 duramente las maniobras legislativas en torno a la Ley Provincial 1355, que protege las aguas y proh\u00edbe la salmonicultura en mares, lagos y r\u00edos de Tierra del Fuego o en tierra en gran escala. Denunci\u00f3 que, a cuatro a\u00f1os de sancionada, la norma a\u00fan no cuenta con reglamentaci\u00f3n y que se busca modificarla a trav\u00e9s de procedimientos \u201cplagados de irregularidades\u201d.<\/p>\n<p style=\"text-align: left;\">\n<p>\u201cNo hemos tenido ninguna informaci\u00f3n de nada\u201d, sostuvo en di\u00e1logo con FM Provincia, recordando que Mane\u2019kenk y otras instituciones, incluido el Foro para la Conservaci\u00f3n del Mar Patag\u00f3nico \u2014integrado por m\u00e1s de 20 organizaciones latinoamericanas\u2014, pidieron a la Legislatura desconocer el \u201cdictamen\u201d recientemente difundido.<\/p>\n<p>&nbsp;<\/p>\n<p><strong>Irregularidades en el proceso legislativo<\/strong><\/p>\n<p>Fern\u00e1ndez remarc\u00f3 que el documento no re\u00fane validez formal porque \u201cno sigui\u00f3 los procedimientos que corresponden al reglamento de la Legislatura\u201d. Precis\u00f3 que la Comisi\u00f3n interviniente est\u00e1 compuesta por diez legisladores y que s\u00f3lo firmaron cuatro.<\/p>\n<p>&nbsp;<\/p>\n<p>Adem\u00e1s, denunci\u00f3 que en la reuni\u00f3n se desaloj\u00f3 a los presentes sin votaci\u00f3n y sin causal justificada, lo cual viola el reglamento. \u201cEl acta deb\u00eda estar publicada en 24 horas y al d\u00eda de hoy no est\u00e1 firmada ni disponible\u201d, alert\u00f3.<\/p>\n<p>&nbsp;<\/p>\n<p>En este contexto, la dirigente valor\u00f3 la renuncia de la legisladora Laura Colazo a la presidencia de la Comisi\u00f3n 3, a ra\u00edz de las irregularidades. Sin embargo, advirti\u00f3 que hubo comportamientos \u201cdeshonestos y de traici\u00f3n\u201d por parte de legisladores que avalaron el proyecto del Ejecutivo en lugar de sostener sus propias iniciativas.<\/p>\n<p>&nbsp;<\/p>\n<p><strong>Contradicciones en el Ejecutivo<\/strong><\/p>\n<p>La presidenta de Mane\u2019kenk se\u00f1al\u00f3 que mientras la Secretar\u00eda de Ambiente respaldaba la vigencia de la Ley 1355, la Subsecretar\u00eda de Pesca convocaba a la presentaci\u00f3n del Plan de Acuicultura Provincial.<\/p>\n<p>&nbsp;<\/p>\n<p>\u201cEs una provocaci\u00f3n y demuestra desconocimiento de la ley y del rol del Consejo de Medio Ambiente\u201d, enfatiz\u00f3. Record\u00f3 que dicho consejo, con representaci\u00f3n de municipios, la Universidad y ONG, rechaz\u00f3 por unanimidad el dictamen y ratific\u00f3 la validez de la normativa vigente.<\/p>\n<p>&nbsp;<\/p>\n<p><strong>Rechazo social y acciones a seguir<\/strong><\/p>\n<p>Fern\u00e1ndez destac\u00f3 que el rechazo a la salmonicultura est\u00e1 respaldado por la ciudadan\u00eda. \u201cEl 61,5% de los fueguinos se opone a esta pr\u00e1ctica, seg\u00fan encuestas recientes\u201d, dijo.<\/p>\n<p>&nbsp;<\/p>\n<p>\u201cLa gente quiere empleo genuino, no precario ni golondrina. Las autoridades deben pensar modelos de producci\u00f3n sostenibles, no decidir a espaldas de la comunidad\u201d, subray\u00f3.<\/p>\n<p>&nbsp;<\/p>\n<p>Finalmente, anticip\u00f3 que la organizaci\u00f3n continuar\u00e1 con acciones legales, medi\u00e1ticas y de articulaci\u00f3n institucional hasta que haya una definici\u00f3n clara sobre el tema. \u201cEsta lucha contin\u00faa\u201d, concluy\u00f3.<\/p>\n","protected":false},"excerpt":{"rendered":"<p>Nancy Fern\u00e1ndez denunci\u00f3 irregularidades en la Legislatura La presidenta de la asociaci\u00f3n ambientalista Mane\u2019kenk, Nancy Fern\u00e1ndez, cuestion\u00f3 duramente<\/p>\n","protected":false},"author":5,"featured_media":5313,"comment_status":"open","ping_status":"open","sticky":false,"template":"","format":"standard","meta":{"footnotes":""},"categories":[2],"tags":[1758,1350,5],"class_list":["post-10857","post","type-post","status-publish","format-standard","has-post-thumbnail","hentry","category-tierra-del-fuego","tag-manekenk","tag-salmoneras","tag-tierra-del-fuego"],"featured_image_urls":{"full":["https:\/\/opinionpublica.com.ar\/index\/wp-content\/uploads\/2024\/08\/no-salmoneras.jpg",1534,793,false],"thumbnail":["https:\/\/opinionpublica.com.ar\/index\/wp-content\/uploads\/2024\/08\/no-salmoneras-150x150.jpg",150,150,true],"medium":["https:\/\/opinionpublica.com.ar\/index\/wp-content\/uploads\/2024\/08\/no-salmoneras-300x155.jpg",300,155,true],"medium_large":["https:\/\/opinionpublica.com.ar\/index\/wp-content\/uploads\/2024\/08\/no-salmoneras-768x397.jpg",640,331,true],"large":["https:\/\/opinionpublica.com.ar\/index\/wp-content\/uploads\/2024\/08\/no-salmoneras-1024x529.jpg",640,331,true],"1536x1536":["https:\/\/opinionpublica.com.ar\/index\/wp-content\/uploads\/2024\/08\/no-salmoneras.jpg",1534,793,false],"2048x2048":["https:\/\/opinionpublica.com.ar\/index\/wp-content\/uploads\/2024\/08\/no-salmoneras.jpg",1534,793,false],"morenews-large":["https:\/\/opinionpublica.com.ar\/index\/wp-content\/uploads\/2024\/08\/no-salmoneras-825x575.jpg",825,575,true],"morenews-medium":["https:\/\/opinionpublica.com.ar\/index\/wp-content\/uploads\/2024\/08\/no-salmoneras-590x410.jpg",590,410,true]},"author_info":{"display_name":"Hal","author_link":"https:\/\/opinionpublica.com.ar\/index\/author\/hal\/"},"category_info":"<a href=\"https:\/\/opinionpublica.com.ar\/index\/category\/tierra-del-fuego\/\" rel=\"category tag\">Tierra del Fuego<\/a>","tag_info":"Tierra del Fuego","comment_count":"0","_links":{"self":[{"href":"https:\/\/opinionpublica.com.ar\/index\/wp-json\/wp\/v2\/posts\/10857","targetHints":{"allow":["GET"]}}],"collection":[{"href":"https:\/\/opinionpublica.com.ar\/index\/wp-json\/wp\/v2\/posts"}],"about":[{"href":"https:\/\/opinionpublica.com.ar\/index\/wp-json\/wp\/v2\/types\/post"}],"author":[{"embeddable":true,"href":"https:\/\/opinionpublica.com.ar\/index\/wp-json\/wp\/v2\/users\/5"}],"replies":[{"embeddable":true,"href":"https:\/\/opinionpublica.com.ar\/index\/wp-json\/wp\/v2\/comments?post=10857"}],"version-history":[{"count":2,"href":"https:\/\/opinionpublica.com.ar\/index\/wp-json\/wp\/v2\/posts\/10857\/revisions"}],"predecessor-version":[{"id":10859,"href":"https:\/\/opinionpublica.com.ar\/index\/wp-json\/wp\/v2\/posts\/10857\/revisions\/10859"}],"wp:featuredmedia":[{"embeddable":true,"href":"https:\/\/opinionpublica.com.ar\/index\/wp-json\/wp\/v2\/media\/5313"}],"wp:attachment":[{"href":"https:\/\/opinionpublica.com.ar\/index\/wp-json\/wp\/v2\/media?parent=10857"}],"wp:term":[{"taxonomy":"category","embeddable":true,"href":"https:\/\/opinionpublica.com.ar\/index\/wp-json\/wp\/v2\/categories?post=10857"},{"taxonomy":"post_tag","embeddable":true,"href":"https:\/\/opinionpublica.com.ar\/index\/wp-json\/wp\/v2\/tags?post=10857"}],"curies":[{"name":"wp","href":"https:\/\/api.w.org\/{rel}","templated":true}]}}