{"id":10985,"date":"2025-09-04T10:54:12","date_gmt":"2025-09-04T13:54:12","guid":{"rendered":"https:\/\/opinionpublica.com.ar\/index\/?p=10985"},"modified":"2025-09-04T10:54:12","modified_gmt":"2025-09-04T13:54:12","slug":"gaston-diaz-un-estado-que-funciona-es-una-mejor-opcion-que-la-motosierra","status":"publish","type":"post","link":"https:\/\/opinionpublica.com.ar\/index\/gaston-diaz-un-estado-que-funciona-es-una-mejor-opcion-que-la-motosierra\/","title":{"rendered":"Gast\u00f3n D\u00edaz: Un Estado que funciona es una mejor opci\u00f3n que la motosierra"},"content":{"rendered":"<p><strong>Gast\u00f3n D\u00edaz: Un Estado que funciona es una mejor opci\u00f3n que la motosierra<\/strong><\/p>\n<p>El secretario de Gobierno y candidato a senador por el frente Defendamos Tierra del Fuego, puso el foco en la capital fueguina como desaf\u00edo de campa\u00f1a, porque fue donde gan\u00f3 La Libertad Avanza.<\/p>\n<p><a href=\"https:\/\/opinionpublica.com.ar\/index\/wp-content\/uploads\/2025\/02\/gaston-diaz.jpg\"><img fetchpriority=\"high\" decoding=\"async\" class=\"alignnone size-full wp-image-8665\" src=\"https:\/\/opinionpublica.com.ar\/index\/wp-content\/uploads\/2025\/02\/gaston-diaz.jpg\" alt=\"\" width=\"1200\" height=\"797\" srcset=\"https:\/\/opinionpublica.com.ar\/index\/wp-content\/uploads\/2025\/02\/gaston-diaz.jpg 1200w, https:\/\/opinionpublica.com.ar\/index\/wp-content\/uploads\/2025\/02\/gaston-diaz-300x199.jpg 300w, https:\/\/opinionpublica.com.ar\/index\/wp-content\/uploads\/2025\/02\/gaston-diaz-1024x680.jpg 1024w, https:\/\/opinionpublica.com.ar\/index\/wp-content\/uploads\/2025\/02\/gaston-diaz-768x510.jpg 768w\" sizes=\"(max-width: 1200px) 100vw, 1200px\" \/><\/a><\/p>\n<p>&nbsp;<\/p>\n<p>Lo atribuy\u00f3 a que los vecinos ven que el Estado no funciona, que no puede garantizar salud, ni educaci\u00f3n, ni generaci\u00f3n de empleo, y por eso optaron por el modelo de Milei. Diferenci\u00f3 a Tolhuin y R\u00edo Grande, donde Daniel Harrington y Mart\u00edn P\u00e9rez se impusieron por amplio margen, en funci\u00f3n de la gesti\u00f3n que ten\u00edan para mostrar. Si logran convencer al ushuaiense de que un Estado que funciona es mejor que la motosierra, vaticin\u00f3 que podr\u00edan ganar la elecci\u00f3n.<\/p>\n<p>&nbsp;<\/p>\n<p>El candidato a senador por Defendamos Tierra del Fuego, Dr. Gast\u00f3n D\u00edaz, plante\u00f3 como principal desaf\u00edo convencer al electorado de Ushuaia de que una buena gesti\u00f3n del Estado es mejor que la motosierra, teniendo en cuenta que fue la ciudad en la que ganaron los libertarios, a diferencia de Tolhuin y R\u00edo Grande.<\/p>\n<p>&nbsp;<\/p>\n<p>Por FM La Isla dijo que \u201cel avance de la pol\u00edtica de Javier Milei tiene que ver con que los vecinos no supieron encontrar una alternativa de un Estado que funcione y les resuelva sus problemas de salud, de seguridad, que genere empleo, que resuelva la problem\u00e1tica de la energ\u00eda, y por eso el fueguino se fue hacia La Libertad Avanza\u201d.<\/p>\n<p>&nbsp;<\/p>\n<p>\u201cEso pas\u00f3 en Ushuaia, con un contexto absolutamente diferente en Tolhuin porque la figura de Daniel Harrington sac\u00f3 57 \u00f3 58 puntos, por la gesti\u00f3n que lleva adelante en el municipio, y lo mismo pas\u00f3 en R\u00edo Grande\u201d, record\u00f3.<\/p>\n<p>&nbsp;<\/p>\n<p><strong>Sin pol\u00edticas de afuera<\/strong><\/p>\n<p>Para el candidato, \u201cla pol\u00edtica que puede enfrentar a La Libertad Avanza no puede venir de la provincia de Buenos Aires. Fuerza Patria se conform\u00f3 en la provincia de Buenos Aires, en funci\u00f3n de un contexto de esa provincia\u201d, se\u00f1al\u00f3.<\/p>\n<p>&nbsp;<\/p>\n<p>\u201cDefendamos Tierra del Fuego busca ponerle un freno a la pol\u00edtica de Javier Milei, mostrando dos gestiones que funcionan. Cuando el Estado funciona, s\u00ed es un freno a la motosierra de Milei. Si la gente no resuelve los problemas de educaci\u00f3n, salud, trabajo y energ\u00eda, va a pensar en la motosierra. Eso no se ha dado en Tolhuin y R\u00edo Grande y tiene que ver con la buena gesti\u00f3n que se ha llevado adelante. Claramente hay una gesti\u00f3n que funciona\u201d, subray\u00f3.<\/p>\n<p>&nbsp;<\/p>\n<p>\u201cLa realidad se transforma con hechos concretos, con gesti\u00f3n p\u00fablica, con una mirada que iguale oportunidades. Lo que ha hecho el gobierno nacional con Tierra del Fuego es una pol\u00edtica de vaciamiento de nuestra industria, ha puesto en riesgo nuestra soberan\u00eda, ha provocado un ahogo financiero de nuestras universidades, un ahogo a nuestros jubilados, hay insensibilidad con las personas con discapacidad, no ha contribuido a generar empleo ni inversiones para que el sector privado genere empleo\u201d, critic\u00f3.<\/p>\n<p>&nbsp;<\/p>\n<p><strong>Desindustrializaci\u00f3n fueguina<\/strong><\/p>\n<p>Record\u00f3 que \u201cMilei dijo que el modelo industrial de Tierra del Fuego iba a ser el modelo industrial de la Argentina, pero no le ha cumplido a los fueguinos, porque inici\u00f3 una pol\u00edtica de vaciamiento de la industria, que va a profundizar despu\u00e9s del 26 de octubre. Eso impacta directamente en la gente\u201d, enfatiz\u00f3.<\/p>\n<p>&nbsp;<\/p>\n<p>\u201cNosotros tenemos que salir de la polarizaci\u00f3n que plantea Javier Milei, que quiere polarizar con el kirchnerismo, seguir mirando al pasado, tirarle carpetazos al kirchnerismo, y del otro lado tambi\u00e9n le tiran carpetazos al gobierno nacional. Esa pol\u00edtica le funcion\u00f3 en Capital Federal, porque gan\u00f3 La Libertad Avanza y fue hist\u00f3rico; ahora lo llevaron a la provincia de Buenos Aires; pero nosotros planteamos una alternativa que le sirva a los fueguinos para salir de esa falsa disyuntiva. Hay que centrarse en los problemas de los fueguinos, en la generaci\u00f3n de energ\u00eda y en la generaci\u00f3n de empleo fundamentalmente\u201d, prioriz\u00f3.<\/p>\n<p>&nbsp;<\/p>\n<p><strong>Gesti\u00f3n de senadores y diputados<\/strong><\/p>\n<p>Puso de relevancia la gesti\u00f3n que realizaron senadores y diputados que pasaron por el Congreso, como los fallecidos Jos\u00e9 Mart\u00ednez, \u201cTito\u201d Stefani y Mat\u00edas Rodr\u00edguez, que lograron desde universidades a la creaci\u00f3n del FAMP, entre otros proyectos. \u201cNuestros senadores y diputados son los que van a poner a Tierra del Fuego en el centro de la discusi\u00f3n en el Congreso nacional. Son los que tienen que lograr en primer lugar un presupuesto nacional, porque el presupuesto es una herramienta que le permite a los vecinos conocer ad\u00f3nde van los recursos. El gobierno nacional no presenta un presupuesto porque no quiere contarle a los argentinos qu\u00e9 va a hacer con la salud p\u00fablica, con la educaci\u00f3n p\u00fablica, c\u00f3mo va a generar trabajo, qu\u00e9 va a hacer con el sistema financiero, con la generaci\u00f3n de viviendas. Lo primero que hay que exigir al gobierno nacional es que presente un presupuesto, donde podr\u00e1 estar el puente de la margen sur, como ya estuvo en 2021 y 2022\u201d, manifest\u00f3.<\/p>\n<p>&nbsp;<\/p>\n<p>\u201cNosotros retrocedimos en nuestra industria textil porque el lobby lo hicieron otros legisladores nacionales, que nos robaron lo que ten\u00edamos elaborado. Tierra del Fuego tiene mucho en hidrocarburos, en pesca, en madera, en turba, en turismo, y lo que necesitamos de los diputados y senadores es que todos esos recursos generen mayor riqueza\u201d, plante\u00f3.<\/p>\n<p>&nbsp;<\/p>\n<p><strong>Provincia con 94% en gastos de funcionamiento<\/strong><\/p>\n<p>El candidato cuestion\u00f3 al gobierno provincial, a partir de la presentaci\u00f3n de un presupuesto donde casi todo se va en gastos. \u201cHemos visto hace unos d\u00edas que el 94% del presupuesto de la provincia se lo llevan los gastos de funcionamiento. Eso tiene que ver con que no se ha logrado generar mayor riqueza para disminuir ese porcentaje afectado s\u00f3lo a gastos de funcionamiento. Esas herramientas se consiguen en el Congreso nacional\u201d, subray\u00f3.<\/p>\n<p>&nbsp;<\/p>\n<p>\u201cEn la gesti\u00f3n del intendente Mart\u00edn P\u00e9rez, que conduce este espacio junto a Daniel Harrington, ya hemos tenido trabajos de articulaci\u00f3n con el sector privado y se han propiciado herramientas para que el sector privado pueda generar trabajo. Un Estado debe generar las condiciones para el desarrollo del sector privado. No creemos que todo nace y muere en el Estado\u201d, remarc\u00f3.<\/p>\n<p>&nbsp;<\/p>\n<p><strong>Ejemplos de articulaci\u00f3n<\/strong><\/p>\n<p>Como modelos de articulaci\u00f3n con el sector privado mencion\u00f3 distintas obras ya ejecutadas. \u201cEn R\u00edo Grande tenemos la apertura de la calle San Mart\u00edn, la doble v\u00eda de Santa Fe, el parque de los Cien A\u00f1os, algunos edificios p\u00fablicos, la generaci\u00f3n de suelo urbano, y lo hemos hecho en articulaci\u00f3n con el sector privado. Lo que vino a contar Milei de la iniciativa privada, en R\u00edo Grande ya la ven\u00edamos aplicando hac\u00eda cinco a\u00f1os\u201d, afirm\u00f3.<\/p>\n<p>&nbsp;<\/p>\n<p><strong>Retroceso en soberan\u00eda<\/strong><\/p>\n<p>Tambi\u00e9n cuestion\u00f3 el retroceso en materia de defensa de la soberan\u00eda, a partir de la gesti\u00f3n Milei. \u201cVemos con mucha preocupaci\u00f3n las decisiones que est\u00e1 tomando el gobierno nacional. Desde el sector de La Libertad Avanza se est\u00e1 bancando esta pol\u00edtica nacional de desindustrializaci\u00f3n de Tierra del Fuego, siendo que la provincia se industrializ\u00f3 para poblarla, en t\u00e9rminos de ejercicio de la soberan\u00eda. Para nosotros industria y soberan\u00eda van en el mismo rengl\u00f3n. Hoy estamos en un proceso inverso y eso no puede ser casual, porque todos saben la importancia del Atl\u00e1ntico Sur en estos d\u00edas. Hoy claramente en las Islas Malvinas hay una base militar, porque hay m\u00e1s militares que civiles. Est\u00e1n protegiendo la explotaci\u00f3n ileg\u00edtima que hacen de nuestros recursos naturales. Despoblar la Patagonia con una pol\u00edtica de desinversi\u00f3n y desindustrializaci\u00f3n, va absolutamente a contramano del ejercicio de soberan\u00eda\u201d, expres\u00f3.<\/p>\n<p>&nbsp;<\/p>\n<p><strong>La campa\u00f1a en Ushuaia<\/strong><\/p>\n<p>Volviendo sobre uno de los ejes de campa\u00f1a, se centr\u00f3 en la capital fueguina. \u201cEn primer lugar hay que reconocer que Javier Milei gan\u00f3 en la ciudad de Ushuaia porque los vecinos estaban desencantados con el Estado. El Estado no les soluciona la educaci\u00f3n de sus hijos, no les ofrece un sistema de salud p\u00fablica acorde, no les resuelve el problema de la energ\u00eda ni la generaci\u00f3n de empleo. El vecino no ve una gesti\u00f3n p\u00fablica que funcione y se va para el otro lado. Nosotros lo que tenemos que hacer es seducir al vecino de Ushuaia, mostr\u00e1ndole que un Estado que funciona es una mejor opci\u00f3n que la motosierra. Ese es el trabajo que nos toca a quienes integramos este frente\u201d, indic\u00f3.<\/p>\n<p>&nbsp;<\/p>\n<p>\u201cNo casualmente me acompa\u00f1a la Secretaria de Gobierno de Tolhuin, Ana Paula Cejas, porque queremos ir a Ushuaia a transmitirle a los vecinos que no es necesario pasar una motosierra a un Estado que funciona. Creo que vamos a poder hacer una muy buena elecci\u00f3n si logramos llegar a todos los fueguinos con un mensaje claro, mostrando una opci\u00f3n de un Estado que funciona. Creo que vamos a ser muy competitivos y podemos ganar esta elecci\u00f3n. Si logramos que se entienda lo mal que le ha hecho La Libertad Avanza a Tierra del Fuego, creo que La Libertad Avanza se merece quedar en el tercer lugar\u201d, concluy\u00f3.<\/p>\n","protected":false},"excerpt":{"rendered":"<p>Gast\u00f3n D\u00edaz: Un Estado que funciona es una mejor opci\u00f3n que la motosierra El secretario de Gobierno y<\/p>\n","protected":false},"author":5,"featured_media":1170,"comment_status":"open","ping_status":"open","sticky":false,"template":"","format":"standard","meta":{"footnotes":""},"categories":[27,2],"tags":[3757,697,370],"class_list":["post-10985","post","type-post","status-publish","format-standard","has-post-thumbnail","hentry","category-politica","category-tierra-del-fuego","tag-candidato-senador","tag-elecciones-2025","tag-gaston-diaz"],"featured_image_urls":{"full":["https:\/\/opinionpublica.com.ar\/index\/wp-content\/uploads\/2024\/03\/gaston-diaz-2.jpg",1024,759,false],"thumbnail":["https:\/\/opinionpublica.com.ar\/index\/wp-content\/uploads\/2024\/03\/gaston-diaz-2-150x150.jpg",150,150,true],"medium":["https:\/\/opinionpublica.com.ar\/index\/wp-content\/uploads\/2024\/03\/gaston-diaz-2-300x222.jpg",300,222,true],"medium_large":["https:\/\/opinionpublica.com.ar\/index\/wp-content\/uploads\/2024\/03\/gaston-diaz-2-768x569.jpg",640,474,true],"large":["https:\/\/opinionpublica.com.ar\/index\/wp-content\/uploads\/2024\/03\/gaston-diaz-2.jpg",640,474,false],"1536x1536":["https:\/\/opinionpublica.com.ar\/index\/wp-content\/uploads\/2024\/03\/gaston-diaz-2.jpg",1024,759,false],"2048x2048":["https:\/\/opinionpublica.com.ar\/index\/wp-content\/uploads\/2024\/03\/gaston-diaz-2.jpg",1024,759,false],"morenews-large":["https:\/\/opinionpublica.com.ar\/index\/wp-content\/uploads\/2024\/03\/gaston-diaz-2-825x575.jpg",825,575,true],"morenews-medium":["https:\/\/opinionpublica.com.ar\/index\/wp-content\/uploads\/2024\/03\/gaston-diaz-2-590x410.jpg",590,410,true]},"author_info":{"display_name":"Hal","author_link":"https:\/\/opinionpublica.com.ar\/index\/author\/hal\/"},"category_info":"<a href=\"https:\/\/opinionpublica.com.ar\/index\/category\/politica\/\" rel=\"category tag\">Politica<\/a> <a href=\"https:\/\/opinionpublica.com.ar\/index\/category\/tierra-del-fuego\/\" rel=\"category tag\">Tierra del Fuego<\/a>","tag_info":"Tierra del Fuego","comment_count":"0","_links":{"self":[{"href":"https:\/\/opinionpublica.com.ar\/index\/wp-json\/wp\/v2\/posts\/10985","targetHints":{"allow":["GET"]}}],"collection":[{"href":"https:\/\/opinionpublica.com.ar\/index\/wp-json\/wp\/v2\/posts"}],"about":[{"href":"https:\/\/opinionpublica.com.ar\/index\/wp-json\/wp\/v2\/types\/post"}],"author":[{"embeddable":true,"href":"https:\/\/opinionpublica.com.ar\/index\/wp-json\/wp\/v2\/users\/5"}],"replies":[{"embeddable":true,"href":"https:\/\/opinionpublica.com.ar\/index\/wp-json\/wp\/v2\/comments?post=10985"}],"version-history":[{"count":1,"href":"https:\/\/opinionpublica.com.ar\/index\/wp-json\/wp\/v2\/posts\/10985\/revisions"}],"predecessor-version":[{"id":10986,"href":"https:\/\/opinionpublica.com.ar\/index\/wp-json\/wp\/v2\/posts\/10985\/revisions\/10986"}],"wp:featuredmedia":[{"embeddable":true,"href":"https:\/\/opinionpublica.com.ar\/index\/wp-json\/wp\/v2\/media\/1170"}],"wp:attachment":[{"href":"https:\/\/opinionpublica.com.ar\/index\/wp-json\/wp\/v2\/media?parent=10985"}],"wp:term":[{"taxonomy":"category","embeddable":true,"href":"https:\/\/opinionpublica.com.ar\/index\/wp-json\/wp\/v2\/categories?post=10985"},{"taxonomy":"post_tag","embeddable":true,"href":"https:\/\/opinionpublica.com.ar\/index\/wp-json\/wp\/v2\/tags?post=10985"}],"curies":[{"name":"wp","href":"https:\/\/api.w.org\/{rel}","templated":true}]}}