{"id":10993,"date":"2025-09-05T11:17:35","date_gmt":"2025-09-05T14:17:35","guid":{"rendered":"https:\/\/opinionpublica.com.ar\/index\/?p=10993"},"modified":"2025-09-05T11:17:35","modified_gmt":"2025-09-05T14:17:35","slug":"walter-vuoto-es-un-laberinto-de-improvisaciones","status":"publish","type":"post","link":"https:\/\/opinionpublica.com.ar\/index\/walter-vuoto-es-un-laberinto-de-improvisaciones\/","title":{"rendered":"Walter Vuoto es un laberinto de improvisaciones"},"content":{"rendered":"<p><strong>Walter Vuoto es un laberinto de improvisaciones<\/strong><\/p>\n<p>La concejal Daiana Freiberger convers\u00f3 telef\u00f3nicamente con el periodista Sergio Sarmiento donde desarroll\u00f3 las principales inquietudes que visualiza en la ciudad de Ushuaia, respecto a la \u00faltima sesi\u00f3n ordinaria del Concejo Deliberante, y critic\u00f3 la actual gesti\u00f3n que tiene a Walter Vuoto a la cabeza \u201ctenemos que poner el centro y la prioridad en la utilizaci\u00f3n y en la planificaci\u00f3n de los recursos p\u00fablicos.\u201d<\/p>\n<p><a href=\"https:\/\/opinionpublica.com.ar\/index\/wp-content\/uploads\/2024\/08\/Daiana-Freiberger.jpg\"><img fetchpriority=\"high\" decoding=\"async\" class=\"alignnone size-full wp-image-4856\" src=\"https:\/\/opinionpublica.com.ar\/index\/wp-content\/uploads\/2024\/08\/Daiana-Freiberger.jpg\" alt=\"\" width=\"800\" height=\"533\" srcset=\"https:\/\/opinionpublica.com.ar\/index\/wp-content\/uploads\/2024\/08\/Daiana-Freiberger.jpg 800w, https:\/\/opinionpublica.com.ar\/index\/wp-content\/uploads\/2024\/08\/Daiana-Freiberger-300x200.jpg 300w, https:\/\/opinionpublica.com.ar\/index\/wp-content\/uploads\/2024\/08\/Daiana-Freiberger-768x512.jpg 768w\" sizes=\"(max-width: 800px) 100vw, 800px\" \/><\/a><\/p>\n<p>Daiana Freiberger analiz\u00f3 ampliamente el panorama que pone como eje a la ciudad de Ushuaia respecto a la utilizaci\u00f3n de los recursos p\u00fablicos y detall\u00f3 cu\u00e1les son sus principales preocupaciones \u201clo que nosotros vemos realmente es que en una de las ciudades m\u00e1s internacionales del pa\u00eds, como es Ushuaia, tenemos realmente situaciones que preocupan y mucho en el mismo centro de nuestra ciudad, como es el estado total y absoluto de abandono del Polideportivo Municipal\u201d, describi\u00f3. Respecto a ello, la edil de Provincia Grande present\u00f3 un pedido de informe hacia el Ejecutivo local y al IMD e hizo hincapi\u00e9 en la falta de innovaci\u00f3n del Intendente Walter Vuoto \u201cestamos insertos en este tipo de poca planificaci\u00f3n, de poca seriedad, de capricho, de caprichos personales, de desigualdades.\u201d, sentenci\u00f3.<\/p>\n<p>&nbsp;<\/p>\n<p>Siguiendo en el plano de edificios municipales y deportivos Freiberger ejemplific\u00f3 con la informaci\u00f3n publicada en el bolet\u00edn oficial, que hace referencia a una contrataci\u00f3n por la suma de 113 millones de pesos para la adquisici\u00f3n y puesta a punto del sistema de calentamiento de agua del Polo Deportivo de Andorra, \u201ceste mismo polo deportivo que hace un a\u00f1o, porque lo tratamos en el presupuesto anterior, estaba cerrado porque se estaba readecuando. Hoy, un a\u00f1o despu\u00e9s, se est\u00e1 publicando 113 millones para unas piletas que, ya te digo, hace muy poquito se reacondicionaron\u201d. La edil cuestion\u00f3 la mirada a futuro del Departamento Ejecutivo \u201cnosotros tendr\u00edamos que ser un ejemplo de planificaci\u00f3n, de infraestructura, de calidad de vida, y mientras tanto terminamos siendo un laboratorio de improvisaciones.\u201d<\/p>\n<p>&nbsp;<\/p>\n<p><strong>SALMONERAS SI O NO.<\/strong><\/p>\n<p>Respecto a la Quinta Sesi\u00f3n Ordinaria del Concejo Deliberante, Daiana Freiberger manifest\u00f3 su intenci\u00f3n de que esta casa pol\u00edtica tome postura firme sobre el debate que comprende a Tierra del Fuego, en esa l\u00ednea se present\u00f3 una Declaraci\u00f3n de Inter\u00e9s a la Ley N\u00b0 1355 que proteje al medioambiente prohibiendo el cultivo y producci\u00f3n de salm\u00f3nidos en aguas lacustres y mar\u00edtimas de la provincia. Dicho proyecto fue rechazado y Freiberger expres\u00f3 que \u201cdej\u00f3 a las claras que el acuerdo entre la Libertad Avanza entre PJ y Forja, realmente en este sentido cobra especial trascendencia.\u201d<\/p>\n<p>&nbsp;<\/p>\n","protected":false},"excerpt":{"rendered":"<p>Walter Vuoto es un laberinto de improvisaciones La concejal Daiana Freiberger convers\u00f3 telef\u00f3nicamente con el periodista Sergio Sarmiento<\/p>\n","protected":false},"author":5,"featured_media":9482,"comment_status":"open","ping_status":"open","sticky":false,"template":"","format":"standard","meta":{"footnotes":""},"categories":[27,2],"tags":[726,538],"class_list":["post-10993","post","type-post","status-publish","format-standard","has-post-thumbnail","hentry","category-politica","category-tierra-del-fuego","tag-daiana-freiberger","tag-walter-vuoto"],"featured_image_urls":{"full":["https:\/\/opinionpublica.com.ar\/index\/wp-content\/uploads\/2025\/04\/f1280x720-126773_258448_5050-DAIANA-FREIBERGER.jpg",1280,720,false],"thumbnail":["https:\/\/opinionpublica.com.ar\/index\/wp-content\/uploads\/2025\/04\/f1280x720-126773_258448_5050-DAIANA-FREIBERGER-150x150.jpg",150,150,true],"medium":["https:\/\/opinionpublica.com.ar\/index\/wp-content\/uploads\/2025\/04\/f1280x720-126773_258448_5050-DAIANA-FREIBERGER-300x169.jpg",300,169,true],"medium_large":["https:\/\/opinionpublica.com.ar\/index\/wp-content\/uploads\/2025\/04\/f1280x720-126773_258448_5050-DAIANA-FREIBERGER-768x432.jpg",640,360,true],"large":["https:\/\/opinionpublica.com.ar\/index\/wp-content\/uploads\/2025\/04\/f1280x720-126773_258448_5050-DAIANA-FREIBERGER-1024x576.jpg",640,360,true],"1536x1536":["https:\/\/opinionpublica.com.ar\/index\/wp-content\/uploads\/2025\/04\/f1280x720-126773_258448_5050-DAIANA-FREIBERGER.jpg",1280,720,false],"2048x2048":["https:\/\/opinionpublica.com.ar\/index\/wp-content\/uploads\/2025\/04\/f1280x720-126773_258448_5050-DAIANA-FREIBERGER.jpg",1280,720,false],"morenews-large":["https:\/\/opinionpublica.com.ar\/index\/wp-content\/uploads\/2025\/04\/f1280x720-126773_258448_5050-DAIANA-FREIBERGER-825x575.jpg",825,575,true],"morenews-medium":["https:\/\/opinionpublica.com.ar\/index\/wp-content\/uploads\/2025\/04\/f1280x720-126773_258448_5050-DAIANA-FREIBERGER-590x410.jpg",590,410,true]},"author_info":{"display_name":"Hal","author_link":"https:\/\/opinionpublica.com.ar\/index\/author\/hal\/"},"category_info":"<a href=\"https:\/\/opinionpublica.com.ar\/index\/category\/politica\/\" rel=\"category tag\">Politica<\/a> <a href=\"https:\/\/opinionpublica.com.ar\/index\/category\/tierra-del-fuego\/\" rel=\"category tag\">Tierra del Fuego<\/a>","tag_info":"Tierra del Fuego","comment_count":"0","_links":{"self":[{"href":"https:\/\/opinionpublica.com.ar\/index\/wp-json\/wp\/v2\/posts\/10993","targetHints":{"allow":["GET"]}}],"collection":[{"href":"https:\/\/opinionpublica.com.ar\/index\/wp-json\/wp\/v2\/posts"}],"about":[{"href":"https:\/\/opinionpublica.com.ar\/index\/wp-json\/wp\/v2\/types\/post"}],"author":[{"embeddable":true,"href":"https:\/\/opinionpublica.com.ar\/index\/wp-json\/wp\/v2\/users\/5"}],"replies":[{"embeddable":true,"href":"https:\/\/opinionpublica.com.ar\/index\/wp-json\/wp\/v2\/comments?post=10993"}],"version-history":[{"count":1,"href":"https:\/\/opinionpublica.com.ar\/index\/wp-json\/wp\/v2\/posts\/10993\/revisions"}],"predecessor-version":[{"id":10994,"href":"https:\/\/opinionpublica.com.ar\/index\/wp-json\/wp\/v2\/posts\/10993\/revisions\/10994"}],"wp:featuredmedia":[{"embeddable":true,"href":"https:\/\/opinionpublica.com.ar\/index\/wp-json\/wp\/v2\/media\/9482"}],"wp:attachment":[{"href":"https:\/\/opinionpublica.com.ar\/index\/wp-json\/wp\/v2\/media?parent=10993"}],"wp:term":[{"taxonomy":"category","embeddable":true,"href":"https:\/\/opinionpublica.com.ar\/index\/wp-json\/wp\/v2\/categories?post=10993"},{"taxonomy":"post_tag","embeddable":true,"href":"https:\/\/opinionpublica.com.ar\/index\/wp-json\/wp\/v2\/tags?post=10993"}],"curies":[{"name":"wp","href":"https:\/\/api.w.org\/{rel}","templated":true}]}}