{"id":10995,"date":"2025-09-05T11:29:18","date_gmt":"2025-09-05T14:29:18","guid":{"rendered":"https:\/\/opinionpublica.com.ar\/index\/?p=10995"},"modified":"2025-09-05T11:29:18","modified_gmt":"2025-09-05T14:29:18","slug":"hay-dos-modelos-de-pais-en-juego-uno-que-defiende-la-industria-y-otro-que-recorta-derechos","status":"publish","type":"post","link":"https:\/\/opinionpublica.com.ar\/index\/hay-dos-modelos-de-pais-en-juego-uno-que-defiende-la-industria-y-otro-que-recorta-derechos\/","title":{"rendered":"\u201cHay dos modelos de pa\u00eds en juego: uno que defiende la industria y otro que recorta derechos\u201d"},"content":{"rendered":"<p><strong>\u201cHay dos modelos de pa\u00eds en juego: uno que defiende la industria y otro que recorta derechos\u201d<\/strong><\/p>\n<p>As\u00ed lo sostuvo el gobernador Gustavo Melella sobre el panorama econ\u00f3mico actual y su impacto en Tierra del Fuego.<\/p>\n<p><a href=\"https:\/\/opinionpublica.com.ar\/index\/wp-content\/uploads\/2025\/08\/20250822023919_gustavo_melella_entrevista_medios.jpeg\"><img fetchpriority=\"high\" decoding=\"async\" class=\"alignnone size-full wp-image-10786\" src=\"https:\/\/opinionpublica.com.ar\/index\/wp-content\/uploads\/2025\/08\/20250822023919_gustavo_melella_entrevista_medios.jpeg\" alt=\"\" width=\"880\" height=\"586\" srcset=\"https:\/\/opinionpublica.com.ar\/index\/wp-content\/uploads\/2025\/08\/20250822023919_gustavo_melella_entrevista_medios.jpeg 880w, https:\/\/opinionpublica.com.ar\/index\/wp-content\/uploads\/2025\/08\/20250822023919_gustavo_melella_entrevista_medios-300x200.jpeg 300w, https:\/\/opinionpublica.com.ar\/index\/wp-content\/uploads\/2025\/08\/20250822023919_gustavo_melella_entrevista_medios-768x511.jpeg 768w\" sizes=\"(max-width: 880px) 100vw, 880px\" \/><\/a><\/p>\n<p>Reclam\u00f3 a Naci\u00f3n por la reactivaci\u00f3n de la industria y la obra p\u00fablica. \u201cEsta crisis repercute directamente en la poblaci\u00f3n\u201d, afirm\u00f3.<\/p>\n<p>&nbsp;<\/p>\n<p>El gobernador Gustavo Melella se refiri\u00f3 al panorama econ\u00f3mico y pol\u00edtico actual a nivel nacional y su impacto en Tierra del Fuego, asegurando que la falta de obras p\u00fablicas y la incertidumbre en el sector industrial profundizan una crisis que \u201crepercute directamente en la poblaci\u00f3n\u201d.<\/p>\n<p>&nbsp;<\/p>\n<p>\u201cHay una paralizaci\u00f3n cada d\u00eda mayor de la producci\u00f3n, de la industria, con p\u00e9rdida de empleo y recursos en todas las provincias. Eso afecta much\u00edsimo y limita las acciones de Gobierno\u201d, se\u00f1al\u00f3 el mandatario en di\u00e1logo con FM Fuego de R\u00edo Grande.<\/p>\n<p>&nbsp;<\/p>\n<p>Para Melella \u201cesta crisis repercute directamente en la poblaci\u00f3n, impactando en \u00e1reas clave como salud, seguridad, educaci\u00f3n y vivienda. Asimismo, sostuvo que la falta de recursos nacionales ha frenado la obra p\u00fablica y afectado el desarrollo de Tierra del Fuego\u201d.<\/p>\n<p>&nbsp;<\/p>\n<p>Respecto a las elecciones legislativas de octubre, Melella sostuvo que \u201choy tenemos que pensar en los dos modelos de pa\u00eds que se discuten\u201d, se\u00f1alando que \u201cnosotros queremos un pa\u00eds donde haya industria, crecimiento, empleo y desarrollo, donde las provincias tengan los recursos que necesitan y ese modelo es el que representa Fuerza Patria, no el del Gobierno de Milei, que es todo lo contrario\u201d.<\/p>\n<p>&nbsp;<\/p>\n<p>Asimismo, el mandatario dijo que en Tierra del Fuego \u201cno estamos en un contexto social ni econ\u00f3mico como para hacer campa\u00f1as como en otros momentos\u201d, asegurando que se llevar\u00e1 adelante un trabajo \u201ccasa por casa llevando este modelo que defiende la producci\u00f3n, el empleo y la industria\u201d.<\/p>\n<p>&nbsp;<\/p>\n<p>\u201cSi somos gente normal, la campa\u00f1a deber\u00eda transitar por un camino normal. Pero desgraciadamente hay espacios que tienen gente que representa a la vieja pol\u00edtica. Ojal\u00e1 que no vuelvan esas estrategias\u201d, reproch\u00f3 el mandatario sobre el tenor de la campa\u00f1a hasta octubre pr\u00f3ximo.<\/p>\n<p>&nbsp;<\/p>\n","protected":false},"excerpt":{"rendered":"<p>\u201cHay dos modelos de pa\u00eds en juego: uno que defiende la industria y otro que recorta derechos\u201d As\u00ed<\/p>\n","protected":false},"author":5,"featured_media":3415,"comment_status":"open","ping_status":"open","sticky":false,"template":"","format":"standard","meta":{"footnotes":""},"categories":[27,2],"tags":[3827,3742,701,134,3727],"class_list":["post-10995","post","type-post","status-publish","format-standard","has-post-thumbnail","hentry","category-politica","category-tierra-del-fuego","tag-campana-electoral","tag-fuerza-patria","tag-gobierno-provincial","tag-gustavo-melella","tag-legislativas-2025"],"featured_image_urls":{"full":["https:\/\/opinionpublica.com.ar\/index\/wp-content\/uploads\/2024\/05\/melella-1-1.jpg",1200,1050,false],"thumbnail":["https:\/\/opinionpublica.com.ar\/index\/wp-content\/uploads\/2024\/05\/melella-1-1-150x150.jpg",150,150,true],"medium":["https:\/\/opinionpublica.com.ar\/index\/wp-content\/uploads\/2024\/05\/melella-1-1-300x263.jpg",300,263,true],"medium_large":["https:\/\/opinionpublica.com.ar\/index\/wp-content\/uploads\/2024\/05\/melella-1-1-768x672.jpg",640,560,true],"large":["https:\/\/opinionpublica.com.ar\/index\/wp-content\/uploads\/2024\/05\/melella-1-1-1024x896.jpg",640,560,true],"1536x1536":["https:\/\/opinionpublica.com.ar\/index\/wp-content\/uploads\/2024\/05\/melella-1-1.jpg",1200,1050,false],"2048x2048":["https:\/\/opinionpublica.com.ar\/index\/wp-content\/uploads\/2024\/05\/melella-1-1.jpg",1200,1050,false],"morenews-large":["https:\/\/opinionpublica.com.ar\/index\/wp-content\/uploads\/2024\/05\/melella-1-1-825x575.jpg",825,575,true],"morenews-medium":["https:\/\/opinionpublica.com.ar\/index\/wp-content\/uploads\/2024\/05\/melella-1-1-590x410.jpg",590,410,true]},"author_info":{"display_name":"Hal","author_link":"https:\/\/opinionpublica.com.ar\/index\/author\/hal\/"},"category_info":"<a href=\"https:\/\/opinionpublica.com.ar\/index\/category\/politica\/\" rel=\"category tag\">Politica<\/a> <a href=\"https:\/\/opinionpublica.com.ar\/index\/category\/tierra-del-fuego\/\" rel=\"category tag\">Tierra del Fuego<\/a>","tag_info":"Tierra del Fuego","comment_count":"0","_links":{"self":[{"href":"https:\/\/opinionpublica.com.ar\/index\/wp-json\/wp\/v2\/posts\/10995","targetHints":{"allow":["GET"]}}],"collection":[{"href":"https:\/\/opinionpublica.com.ar\/index\/wp-json\/wp\/v2\/posts"}],"about":[{"href":"https:\/\/opinionpublica.com.ar\/index\/wp-json\/wp\/v2\/types\/post"}],"author":[{"embeddable":true,"href":"https:\/\/opinionpublica.com.ar\/index\/wp-json\/wp\/v2\/users\/5"}],"replies":[{"embeddable":true,"href":"https:\/\/opinionpublica.com.ar\/index\/wp-json\/wp\/v2\/comments?post=10995"}],"version-history":[{"count":1,"href":"https:\/\/opinionpublica.com.ar\/index\/wp-json\/wp\/v2\/posts\/10995\/revisions"}],"predecessor-version":[{"id":10996,"href":"https:\/\/opinionpublica.com.ar\/index\/wp-json\/wp\/v2\/posts\/10995\/revisions\/10996"}],"wp:featuredmedia":[{"embeddable":true,"href":"https:\/\/opinionpublica.com.ar\/index\/wp-json\/wp\/v2\/media\/3415"}],"wp:attachment":[{"href":"https:\/\/opinionpublica.com.ar\/index\/wp-json\/wp\/v2\/media?parent=10995"}],"wp:term":[{"taxonomy":"category","embeddable":true,"href":"https:\/\/opinionpublica.com.ar\/index\/wp-json\/wp\/v2\/categories?post=10995"},{"taxonomy":"post_tag","embeddable":true,"href":"https:\/\/opinionpublica.com.ar\/index\/wp-json\/wp\/v2\/tags?post=10995"}],"curies":[{"name":"wp","href":"https:\/\/api.w.org\/{rel}","templated":true}]}}