{"id":10997,"date":"2025-09-05T11:32:47","date_gmt":"2025-09-05T14:32:47","guid":{"rendered":"https:\/\/opinionpublica.com.ar\/index\/?p=10997"},"modified":"2025-09-05T11:32:47","modified_gmt":"2025-09-05T14:32:47","slug":"paro-provincial-por-24-horas-este-viernes","status":"publish","type":"post","link":"https:\/\/opinionpublica.com.ar\/index\/paro-provincial-por-24-horas-este-viernes\/","title":{"rendered":"Paro provincial por 24 horas este viernes"},"content":{"rendered":"<p><strong>Paro provincial por 24 horas este viernes<\/strong><\/p>\n<p>El SUTEF convoc\u00f3 a una huelga y una marcha en Ushuaia para exigir mejoras salariales y la sanci\u00f3n de la Ley de Financiamiento Educativo. La concentraci\u00f3n ser\u00e1 a las 11:00 frente a Casa de Gobierno.<\/p>\n<p><a href=\"https:\/\/opinionpublica.com.ar\/index\/wp-content\/uploads\/2024\/10\/sutef-tdf.webp\"><img fetchpriority=\"high\" decoding=\"async\" class=\"alignnone size-full wp-image-6547\" src=\"https:\/\/opinionpublica.com.ar\/index\/wp-content\/uploads\/2024\/10\/sutef-tdf.webp\" alt=\"\" width=\"800\" height=\"533\" srcset=\"https:\/\/opinionpublica.com.ar\/index\/wp-content\/uploads\/2024\/10\/sutef-tdf.webp 800w, https:\/\/opinionpublica.com.ar\/index\/wp-content\/uploads\/2024\/10\/sutef-tdf-300x200.webp 300w, https:\/\/opinionpublica.com.ar\/index\/wp-content\/uploads\/2024\/10\/sutef-tdf-768x512.webp 768w\" sizes=\"(max-width: 800px) 100vw, 800px\" \/><\/a><\/p>\n<p>&nbsp;<\/p>\n<p>El Sindicato Unificado de Trabajadores de la Educaci\u00f3n Fueguina (SUTEF) convoc\u00f3 a un paro docente de 24 horas para este viernes en toda la provincia de Tierra del Fuego.<\/p>\n<p>&nbsp;<\/p>\n<p>La medida de fuerza, que incluir\u00e1 una marcha en la ciudad de Ushuaia, tiene como eje central la demanda por recomposici\u00f3n salarial y la urgente sanci\u00f3n de la Ley de Financiamiento Educativo.<\/p>\n<p>&nbsp;<\/p>\n<p>La decisi\u00f3n fue anunciada tras finalizar cuatro d\u00edas del resistido \u201cacampe educativo\u201d realizado de manera simult\u00e1nea en las ciudades de Ushuaia, R\u00edo Grande y Tolhuin.<\/p>\n<p>&nbsp;<\/p>\n<p>El gremio asegura que estas acciones se desarrollaron sin que recibieran una convocatoria de di\u00e1logo por parte del Gobierno provincial ni una respuesta concreta desde la Legislatura.<\/p>\n<p>&nbsp;<\/p>\n<p>En consecuencia, el SUTEF hizo un llamado a toda la docencia de todos los niveles y modalidades a adherir a la huelga y a \u201csalir a las calles\u201d para protagonizar la protesta.<\/p>\n<p>&nbsp;<\/p>\n<p>La concentraci\u00f3n est\u00e1 programada para las 11:00 frente a la Casa de Gobierno en Ushuaia. El sindicato exhort\u00f3 a los educadores a asistir con las banderas de sus instituciones y carteles, pidiendo especialmente a los afiliados de R\u00edo Grande y Tolhuin que coordinen el viaje con sus seccionales.<\/p>\n<p>&nbsp;<\/p>\n<p>La movilizaci\u00f3n busca visibilizar el reclamo del sector educativo en un contexto de falta de respuestas a sus demandas particulares.<\/p>\n","protected":false},"excerpt":{"rendered":"<p>Paro provincial por 24 horas este viernes El SUTEF convoc\u00f3 a una huelga y una marcha en Ushuaia<\/p>\n","protected":false},"author":5,"featured_media":6546,"comment_status":"open","ping_status":"open","sticky":false,"template":"","format":"standard","meta":{"footnotes":""},"categories":[29,2],"tags":[90,805],"class_list":["post-10997","post","type-post","status-publish","format-standard","has-post-thumbnail","hentry","category-interes-general","category-tierra-del-fuego","tag-paro","tag-sutef"],"featured_image_urls":{"full":["https:\/\/opinionpublica.com.ar\/index\/wp-content\/uploads\/2024\/10\/20240906173150_sutef.jpg",880,512,false],"thumbnail":["https:\/\/opinionpublica.com.ar\/index\/wp-content\/uploads\/2024\/10\/20240906173150_sutef-150x150.jpg",150,150,true],"medium":["https:\/\/opinionpublica.com.ar\/index\/wp-content\/uploads\/2024\/10\/20240906173150_sutef-300x175.jpg",300,175,true],"medium_large":["https:\/\/opinionpublica.com.ar\/index\/wp-content\/uploads\/2024\/10\/20240906173150_sutef-768x447.jpg",640,373,true],"large":["https:\/\/opinionpublica.com.ar\/index\/wp-content\/uploads\/2024\/10\/20240906173150_sutef.jpg",640,372,false],"1536x1536":["https:\/\/opinionpublica.com.ar\/index\/wp-content\/uploads\/2024\/10\/20240906173150_sutef.jpg",880,512,false],"2048x2048":["https:\/\/opinionpublica.com.ar\/index\/wp-content\/uploads\/2024\/10\/20240906173150_sutef.jpg",880,512,false],"morenews-large":["https:\/\/opinionpublica.com.ar\/index\/wp-content\/uploads\/2024\/10\/20240906173150_sutef-825x512.jpg",825,512,true],"morenews-medium":["https:\/\/opinionpublica.com.ar\/index\/wp-content\/uploads\/2024\/10\/20240906173150_sutef-590x410.jpg",590,410,true]},"author_info":{"display_name":"Hal","author_link":"https:\/\/opinionpublica.com.ar\/index\/author\/hal\/"},"category_info":"<a href=\"https:\/\/opinionpublica.com.ar\/index\/category\/interes-general\/\" rel=\"category tag\">Interes General<\/a> <a href=\"https:\/\/opinionpublica.com.ar\/index\/category\/tierra-del-fuego\/\" rel=\"category tag\">Tierra del Fuego<\/a>","tag_info":"Tierra del Fuego","comment_count":"0","_links":{"self":[{"href":"https:\/\/opinionpublica.com.ar\/index\/wp-json\/wp\/v2\/posts\/10997","targetHints":{"allow":["GET"]}}],"collection":[{"href":"https:\/\/opinionpublica.com.ar\/index\/wp-json\/wp\/v2\/posts"}],"about":[{"href":"https:\/\/opinionpublica.com.ar\/index\/wp-json\/wp\/v2\/types\/post"}],"author":[{"embeddable":true,"href":"https:\/\/opinionpublica.com.ar\/index\/wp-json\/wp\/v2\/users\/5"}],"replies":[{"embeddable":true,"href":"https:\/\/opinionpublica.com.ar\/index\/wp-json\/wp\/v2\/comments?post=10997"}],"version-history":[{"count":1,"href":"https:\/\/opinionpublica.com.ar\/index\/wp-json\/wp\/v2\/posts\/10997\/revisions"}],"predecessor-version":[{"id":10998,"href":"https:\/\/opinionpublica.com.ar\/index\/wp-json\/wp\/v2\/posts\/10997\/revisions\/10998"}],"wp:featuredmedia":[{"embeddable":true,"href":"https:\/\/opinionpublica.com.ar\/index\/wp-json\/wp\/v2\/media\/6546"}],"wp:attachment":[{"href":"https:\/\/opinionpublica.com.ar\/index\/wp-json\/wp\/v2\/media?parent=10997"}],"wp:term":[{"taxonomy":"category","embeddable":true,"href":"https:\/\/opinionpublica.com.ar\/index\/wp-json\/wp\/v2\/categories?post=10997"},{"taxonomy":"post_tag","embeddable":true,"href":"https:\/\/opinionpublica.com.ar\/index\/wp-json\/wp\/v2\/tags?post=10997"}],"curies":[{"name":"wp","href":"https:\/\/api.w.org\/{rel}","templated":true}]}}