{"id":10999,"date":"2025-09-05T11:46:41","date_gmt":"2025-09-05T14:46:41","guid":{"rendered":"https:\/\/opinionpublica.com.ar\/index\/?p=10999"},"modified":"2025-09-05T11:46:41","modified_gmt":"2025-09-05T14:46:41","slug":"proyecto-legislativo-busca-municipalizar-la-margen-sur-de-rio-grande","status":"publish","type":"post","link":"https:\/\/opinionpublica.com.ar\/index\/proyecto-legislativo-busca-municipalizar-la-margen-sur-de-rio-grande\/","title":{"rendered":"Proyecto legislativo busca municipalizar la Margen Sur de R\u00edo Grande"},"content":{"rendered":"<p><strong>Proyecto legislativo busca municipalizar la Margen Sur de R\u00edo Grande<\/strong><\/p>\n<p>Un proyecto presentado recientemente en la Legislatura de Tierra del Fuego solicita el reconocimiento de la Margen Sur de R\u00edo Grande como comuna o municipio independiente.<\/p>\n<p><a href=\"https:\/\/opinionpublica.com.ar\/index\/wp-content\/uploads\/2025\/09\/20171027142335_20170616110828_20170517124208_20170514223516_20170228132123_20160628154413_margen_sur-900x600_c.jpg\"><img fetchpriority=\"high\" decoding=\"async\" class=\"alignnone size-full wp-image-11000\" src=\"https:\/\/opinionpublica.com.ar\/index\/wp-content\/uploads\/2025\/09\/20171027142335_20170616110828_20170517124208_20170514223516_20170228132123_20160628154413_margen_sur-900x600_c.jpg\" alt=\"\" width=\"900\" height=\"600\" srcset=\"https:\/\/opinionpublica.com.ar\/index\/wp-content\/uploads\/2025\/09\/20171027142335_20170616110828_20170517124208_20170514223516_20170228132123_20160628154413_margen_sur-900x600_c.jpg 900w, https:\/\/opinionpublica.com.ar\/index\/wp-content\/uploads\/2025\/09\/20171027142335_20170616110828_20170517124208_20170514223516_20170228132123_20160628154413_margen_sur-900x600_c-300x200.jpg 300w, https:\/\/opinionpublica.com.ar\/index\/wp-content\/uploads\/2025\/09\/20171027142335_20170616110828_20170517124208_20170514223516_20170228132123_20160628154413_margen_sur-900x600_c-768x512.jpg 768w\" sizes=\"(max-width: 900px) 100vw, 900px\" \/><\/a><\/p>\n<p>La propuesta lleva la firma de Ra\u00fal M\u00e9ndez, vecino y referente social del sector, quien expone como antecedente la Ley Provincial N\u00b0 892 que en su momento transform\u00f3 a Tolhuin en municipio.<\/p>\n<p>&nbsp;<\/p>\n<p>En el escrito, M\u00e9ndez sostiene que la Margen Sur re\u00fane las condiciones legales, poblacionales y geogr\u00e1ficas previstas en la Ley Org\u00e1nica de Municipalidades para constituirse en un nuevo municipio. Seg\u00fan argumenta, la poblaci\u00f3n del sector superar\u00eda las 36.000 personas, una cifra mayor a la de Tolhuin cuando accedi\u00f3 al estatus municipal.<\/p>\n<p>&nbsp;<\/p>\n<p>El proyecto incluye un extenso detalle de demandas que, de acuerdo con el peticionante, no encuentran respuesta en la actual estructura municipal de R\u00edo Grande: hospital pedi\u00e1trico, centro de maternidad, delegaci\u00f3n judicial, comisar\u00eda, albergues, servicios b\u00e1sicos de infraestructura y mejoras en la conectividad urbana. Tambi\u00e9n se reclama autonom\u00eda en el manejo de tierras y un esquema propio de coparticipaci\u00f3n y regal\u00edas hidrocarbur\u00edferas.<\/p>\n<p>&nbsp;<\/p>\n<p>La iniciativa propone que el nuevo municipio abarque el territorio delimitado por el r\u00edo Grande, el mar Argentino y la Ruta Nacional N\u00b0 3 hasta Punta Marra. Asimismo, plantea que se designe un interventor para organizar elecciones constituyentes, redactar la carta org\u00e1nica y convocar a comicios municipales.<\/p>\n<p>&nbsp;<\/p>\n<p>El escrito fue acompa\u00f1ado por planillas de firmas de vecinos, presentadas bajo el lema \u201cPor el bien com\u00fan y social. Por nuestra autonom\u00eda municipal\u201d.<\/p>\n<p>&nbsp;<\/p>\n<p>La propuesta abre un debate pol\u00edtico e institucional de alcance provincial, ya que la eventual creaci\u00f3n de un nuevo municipio impactar\u00eda en el esquema de distribuci\u00f3n de recursos y en la representaci\u00f3n local. En este sentido, el expediente busca que los bloques legislativos traten en comisi\u00f3n el pedido y definan su viabilidad<\/p>\n","protected":false},"excerpt":{"rendered":"<p>Proyecto legislativo busca municipalizar la Margen Sur de R\u00edo Grande Un proyecto presentado recientemente en la Legislatura de<\/p>\n","protected":false},"author":5,"featured_media":11000,"comment_status":"open","ping_status":"open","sticky":false,"template":"","format":"standard","meta":{"footnotes":""},"categories":[25],"tags":[870,324],"class_list":["post-10999","post","type-post","status-publish","format-standard","has-post-thumbnail","hentry","category-rio-grande","tag-margen-sur","tag-proyecto"],"featured_image_urls":{"full":["https:\/\/opinionpublica.com.ar\/index\/wp-content\/uploads\/2025\/09\/20171027142335_20170616110828_20170517124208_20170514223516_20170228132123_20160628154413_margen_sur-900x600_c.jpg",900,600,false],"thumbnail":["https:\/\/opinionpublica.com.ar\/index\/wp-content\/uploads\/2025\/09\/20171027142335_20170616110828_20170517124208_20170514223516_20170228132123_20160628154413_margen_sur-900x600_c-150x150.jpg",150,150,true],"medium":["https:\/\/opinionpublica.com.ar\/index\/wp-content\/uploads\/2025\/09\/20171027142335_20170616110828_20170517124208_20170514223516_20170228132123_20160628154413_margen_sur-900x600_c-300x200.jpg",300,200,true],"medium_large":["https:\/\/opinionpublica.com.ar\/index\/wp-content\/uploads\/2025\/09\/20171027142335_20170616110828_20170517124208_20170514223516_20170228132123_20160628154413_margen_sur-900x600_c-768x512.jpg",640,427,true],"large":["https:\/\/opinionpublica.com.ar\/index\/wp-content\/uploads\/2025\/09\/20171027142335_20170616110828_20170517124208_20170514223516_20170228132123_20160628154413_margen_sur-900x600_c.jpg",640,427,false],"1536x1536":["https:\/\/opinionpublica.com.ar\/index\/wp-content\/uploads\/2025\/09\/20171027142335_20170616110828_20170517124208_20170514223516_20170228132123_20160628154413_margen_sur-900x600_c.jpg",900,600,false],"2048x2048":["https:\/\/opinionpublica.com.ar\/index\/wp-content\/uploads\/2025\/09\/20171027142335_20170616110828_20170517124208_20170514223516_20170228132123_20160628154413_margen_sur-900x600_c.jpg",900,600,false],"morenews-large":["https:\/\/opinionpublica.com.ar\/index\/wp-content\/uploads\/2025\/09\/20171027142335_20170616110828_20170517124208_20170514223516_20170228132123_20160628154413_margen_sur-900x600_c-825x575.jpg",825,575,true],"morenews-medium":["https:\/\/opinionpublica.com.ar\/index\/wp-content\/uploads\/2025\/09\/20171027142335_20170616110828_20170517124208_20170514223516_20170228132123_20160628154413_margen_sur-900x600_c-590x410.jpg",590,410,true]},"author_info":{"display_name":"Hal","author_link":"https:\/\/opinionpublica.com.ar\/index\/author\/hal\/"},"category_info":"<a href=\"https:\/\/opinionpublica.com.ar\/index\/category\/rio-grande\/\" rel=\"category tag\">Rio Grande<\/a>","tag_info":"Rio Grande","comment_count":"0","_links":{"self":[{"href":"https:\/\/opinionpublica.com.ar\/index\/wp-json\/wp\/v2\/posts\/10999","targetHints":{"allow":["GET"]}}],"collection":[{"href":"https:\/\/opinionpublica.com.ar\/index\/wp-json\/wp\/v2\/posts"}],"about":[{"href":"https:\/\/opinionpublica.com.ar\/index\/wp-json\/wp\/v2\/types\/post"}],"author":[{"embeddable":true,"href":"https:\/\/opinionpublica.com.ar\/index\/wp-json\/wp\/v2\/users\/5"}],"replies":[{"embeddable":true,"href":"https:\/\/opinionpublica.com.ar\/index\/wp-json\/wp\/v2\/comments?post=10999"}],"version-history":[{"count":1,"href":"https:\/\/opinionpublica.com.ar\/index\/wp-json\/wp\/v2\/posts\/10999\/revisions"}],"predecessor-version":[{"id":11001,"href":"https:\/\/opinionpublica.com.ar\/index\/wp-json\/wp\/v2\/posts\/10999\/revisions\/11001"}],"wp:featuredmedia":[{"embeddable":true,"href":"https:\/\/opinionpublica.com.ar\/index\/wp-json\/wp\/v2\/media\/11000"}],"wp:attachment":[{"href":"https:\/\/opinionpublica.com.ar\/index\/wp-json\/wp\/v2\/media?parent=10999"}],"wp:term":[{"taxonomy":"category","embeddable":true,"href":"https:\/\/opinionpublica.com.ar\/index\/wp-json\/wp\/v2\/categories?post=10999"},{"taxonomy":"post_tag","embeddable":true,"href":"https:\/\/opinionpublica.com.ar\/index\/wp-json\/wp\/v2\/tags?post=10999"}],"curies":[{"name":"wp","href":"https:\/\/api.w.org\/{rel}","templated":true}]}}