{"id":11002,"date":"2025-09-05T11:51:52","date_gmt":"2025-09-05T14:51:52","guid":{"rendered":"https:\/\/opinionpublica.com.ar\/index\/?p=11002"},"modified":"2025-09-05T11:51:52","modified_gmt":"2025-09-05T14:51:52","slug":"devita-expuso-la-complejidad-en-la-elaboracion-del-presupuesto","status":"publish","type":"post","link":"https:\/\/opinionpublica.com.ar\/index\/devita-expuso-la-complejidad-en-la-elaboracion-del-presupuesto\/","title":{"rendered":"Devita expuso la complejidad en la elaboraci\u00f3n del presupuesto"},"content":{"rendered":"<p><strong>Devita expuso la complejidad en la elaboraci\u00f3n del presupuesto<\/strong><\/p>\n<p>El Ministro de Econom\u00eda provincial detall\u00f3 los desaf\u00edos de proyectar las cuentas p\u00fablicas sin tener pautas macroecon\u00f3micas nacionales, destacando el trabajo t\u00e9cnico y los esfuerzos por eficientizar el Estado.<\/p>\n<p><a href=\"https:\/\/opinionpublica.com.ar\/index\/wp-content\/uploads\/2024\/04\/devita-francisco-e1734704272391.jpeg\"><img fetchpriority=\"high\" decoding=\"async\" class=\"alignnone size-full wp-image-2091\" src=\"https:\/\/opinionpublica.com.ar\/index\/wp-content\/uploads\/2024\/04\/devita-francisco-e1734704272391.jpeg\" alt=\"\" width=\"1190\" height=\"893\" srcset=\"https:\/\/opinionpublica.com.ar\/index\/wp-content\/uploads\/2024\/04\/devita-francisco-e1734704272391.jpeg 1190w, https:\/\/opinionpublica.com.ar\/index\/wp-content\/uploads\/2024\/04\/devita-francisco-e1734704272391-300x225.jpeg 300w, https:\/\/opinionpublica.com.ar\/index\/wp-content\/uploads\/2024\/04\/devita-francisco-e1734704272391-1024x768.jpeg 1024w, https:\/\/opinionpublica.com.ar\/index\/wp-content\/uploads\/2024\/04\/devita-francisco-e1734704272391-768x576.jpeg 768w\" sizes=\"(max-width: 1190px) 100vw, 1190px\" \/><\/a><\/p>\n<p>En una extensa entrevista por FM Master\u2019s, el ministro de Econom\u00eda de Tierra del Fuego, Francisco Devita, explic\u00f3 en profundidad los desaf\u00edos inherentes a la formulaci\u00f3n del presupuesto provincial para el pr\u00f3ximo a\u00f1o, un proceso que calific\u00f3 como \u201cuna estimaci\u00f3n\u201d sujeta a los vaivenes de la pol\u00edtica econ\u00f3mica nacional.<\/p>\n<p>&nbsp;<\/p>\n<p>Devita fundament\u00f3 la necesidad de una reforma constitucional que modifique la fecha de presentaci\u00f3n del proyecto, actualmente fijada para el 31 de agosto, ya que se realiza sin conocer las pautas macroecon\u00f3micas definitivas del gobierno nacional. \u201cTodo el equipo de presupuesto de todos los poderes trabaja en funci\u00f3n de premisas que definimos nosotros, con expectativas de mercado que luego pueden desactualizarse\u201d, argument\u00f3.<\/p>\n<p>&nbsp;<\/p>\n<p>El ministro revel\u00f3 las proyecciones manejadas por su cartera, como una inflaci\u00f3n anual del 12,68% y un tipo de cambio de $1.512 para diciembre de 2026, aunque admiti\u00f3 que nuevas expectativas del mercado ya sit\u00faan la inflaci\u00f3n en torno al 16,50%, lo que evidencia la volatilidad del escenario. \u201cEs una estimaci\u00f3n que trabajamos con mucho esfuerzo\u201d, se\u00f1al\u00f3, agradeciendo el trabajo de su equipo, en especial el de la directora general de Presupuesto. Destac\u00f3 que el presupuesto no solo traza la directriz de la gesti\u00f3n, sino que adem\u00e1s ofrece un contexto claro para el sector privado.<\/p>\n<p>&nbsp;<\/p>\n<p>Respecto a la ejecuci\u00f3n, Devita enfatiz\u00f3 la b\u00fasqueda de eficiencia en un contexto de recursos limitados. Se\u00f1al\u00f3 que el mayor gasto ejecutivo se concentra en los salarios, lo que limita las posibilidades de expansi\u00f3n. \u201cIntentamos asegurar con el presupuesto que no hay posibilidad de que ingresen m\u00e1s empleados de planta permanente; tiene que eficientizarse el recurso del personal que ten\u00e9s\u201d, explic\u00f3. En este sentido, detall\u00f3 que el proyecto incluye un art\u00edculo que restringe nuevas incorporaciones solo al Ministerio de Salud, de existir vacantes a fines de 2025.<\/p>\n<p>&nbsp;<\/p>\n<p>Uno de los subsidios m\u00e1s onerosos, el del gas envasado, fue otro punto central. Devita confirm\u00f3 que la provincia solventa el 87% de su costo, con un desembolso mensual que ronda los $4.500 millones, sumado al transporte. Anunci\u00f3 un plan para transformar este subsidio en uno monetario directo a las familias, sin intermediarios, para que decidan c\u00f3mo calefaccionarse. \u201cEse siempre fue mi norte a seguir porque creo que es lo mejor: que la familia decida con qui\u00e9n y no imponer una determinada empresa\u201d, sostuvo.<\/p>\n<p>&nbsp;<\/p>\n<p>Para el financiamiento, el proyecto de presupuesto solicita la aprobaci\u00f3n de un programa de letras por $30.000 millones para gastos corrientes y un empr\u00e9stito por el mismo monto destinado exclusivamente a obra p\u00fablica.<\/p>\n<p>&nbsp;<\/p>\n<p>Devita especific\u00f3 que los fondos del empr\u00e9stito est\u00e1n asignados a obras detalladas en el articulado, como la ampliaci\u00f3n del Hospital Regional de Ushuaia y la refuncionalizaci\u00f3n del de R\u00edo Grande, as\u00ed como a redes de agua, cloaca y gas. \u201cPor primera vez no se baja financiamiento para obra p\u00fablica; en ning\u00fan gobierno democr\u00e1tico sucedi\u00f3 esto. Necesariamente hay que buscar el financiamiento\u201d, concluy\u00f3 el Ministro.<\/p>\n<p>&nbsp;<\/p>\n","protected":false},"excerpt":{"rendered":"<p>Devita expuso la complejidad en la elaboraci\u00f3n del presupuesto El Ministro de Econom\u00eda provincial detall\u00f3 los desaf\u00edos de<\/p>\n","protected":false},"author":5,"featured_media":8423,"comment_status":"open","ping_status":"open","sticky":false,"template":"","format":"standard","meta":{"footnotes":""},"categories":[2],"tags":[2186,605,2312],"class_list":["post-11002","post","type-post","status-publish","format-standard","has-post-thumbnail","hentry","category-tierra-del-fuego","tag-francisco-de-vita","tag-ministro-de-economia","tag-presupuesto-provincial"],"featured_image_urls":{"full":["https:\/\/opinionpublica.com.ar\/index\/wp-content\/uploads\/2025\/01\/DEVITA-2024.jpg",1280,854,false],"thumbnail":["https:\/\/opinionpublica.com.ar\/index\/wp-content\/uploads\/2025\/01\/DEVITA-2024-150x150.jpg",150,150,true],"medium":["https:\/\/opinionpublica.com.ar\/index\/wp-content\/uploads\/2025\/01\/DEVITA-2024-300x200.jpg",300,200,true],"medium_large":["https:\/\/opinionpublica.com.ar\/index\/wp-content\/uploads\/2025\/01\/DEVITA-2024-768x512.jpg",640,427,true],"large":["https:\/\/opinionpublica.com.ar\/index\/wp-content\/uploads\/2025\/01\/DEVITA-2024-1024x683.jpg",640,427,true],"1536x1536":["https:\/\/opinionpublica.com.ar\/index\/wp-content\/uploads\/2025\/01\/DEVITA-2024.jpg",1280,854,false],"2048x2048":["https:\/\/opinionpublica.com.ar\/index\/wp-content\/uploads\/2025\/01\/DEVITA-2024.jpg",1280,854,false],"morenews-large":["https:\/\/opinionpublica.com.ar\/index\/wp-content\/uploads\/2025\/01\/DEVITA-2024-825x575.jpg",825,575,true],"morenews-medium":["https:\/\/opinionpublica.com.ar\/index\/wp-content\/uploads\/2025\/01\/DEVITA-2024-590x410.jpg",590,410,true]},"author_info":{"display_name":"Hal","author_link":"https:\/\/opinionpublica.com.ar\/index\/author\/hal\/"},"category_info":"<a href=\"https:\/\/opinionpublica.com.ar\/index\/category\/tierra-del-fuego\/\" rel=\"category tag\">Tierra del Fuego<\/a>","tag_info":"Tierra del Fuego","comment_count":"0","_links":{"self":[{"href":"https:\/\/opinionpublica.com.ar\/index\/wp-json\/wp\/v2\/posts\/11002","targetHints":{"allow":["GET"]}}],"collection":[{"href":"https:\/\/opinionpublica.com.ar\/index\/wp-json\/wp\/v2\/posts"}],"about":[{"href":"https:\/\/opinionpublica.com.ar\/index\/wp-json\/wp\/v2\/types\/post"}],"author":[{"embeddable":true,"href":"https:\/\/opinionpublica.com.ar\/index\/wp-json\/wp\/v2\/users\/5"}],"replies":[{"embeddable":true,"href":"https:\/\/opinionpublica.com.ar\/index\/wp-json\/wp\/v2\/comments?post=11002"}],"version-history":[{"count":1,"href":"https:\/\/opinionpublica.com.ar\/index\/wp-json\/wp\/v2\/posts\/11002\/revisions"}],"predecessor-version":[{"id":11003,"href":"https:\/\/opinionpublica.com.ar\/index\/wp-json\/wp\/v2\/posts\/11002\/revisions\/11003"}],"wp:featuredmedia":[{"embeddable":true,"href":"https:\/\/opinionpublica.com.ar\/index\/wp-json\/wp\/v2\/media\/8423"}],"wp:attachment":[{"href":"https:\/\/opinionpublica.com.ar\/index\/wp-json\/wp\/v2\/media?parent=11002"}],"wp:term":[{"taxonomy":"category","embeddable":true,"href":"https:\/\/opinionpublica.com.ar\/index\/wp-json\/wp\/v2\/categories?post=11002"},{"taxonomy":"post_tag","embeddable":true,"href":"https:\/\/opinionpublica.com.ar\/index\/wp-json\/wp\/v2\/tags?post=11002"}],"curies":[{"name":"wp","href":"https:\/\/api.w.org\/{rel}","templated":true}]}}