{"id":11004,"date":"2025-09-05T16:16:44","date_gmt":"2025-09-05T19:16:44","guid":{"rendered":"https:\/\/opinionpublica.com.ar\/index\/?p=11004"},"modified":"2025-09-05T16:16:44","modified_gmt":"2025-09-05T19:16:44","slug":"la-provincia-de-chubut-lanza-zona-cero-impuestos-y-desafia-a-tierra-del-fuego","status":"publish","type":"post","link":"https:\/\/opinionpublica.com.ar\/index\/la-provincia-de-chubut-lanza-zona-cero-impuestos-y-desafia-a-tierra-del-fuego\/","title":{"rendered":"La provincia de Chubut lanza \u00abzona cero impuestos\u00bb y desaf\u00eda a Tierra del Fuego"},"content":{"rendered":"<p><strong>La provincia de Chubut lanza \u00abzona cero impuestos\u00bb y desaf\u00eda a Tierra del Fuego<\/strong><\/p>\n<p>Sin impuestos y con tarifa plana: esta provincia quiere sacarle inversores a Tierra del Fuego con un r\u00e9gimen fiscal in\u00e9dito que promete competir para captar inversiones y generar empleo.<\/p>\n<p><a href=\"https:\/\/opinionpublica.com.ar\/index\/wp-content\/uploads\/2025\/09\/66b4c5888be96__950x512.webp\"><img fetchpriority=\"high\" decoding=\"async\" class=\"alignnone size-full wp-image-11005\" src=\"https:\/\/opinionpublica.com.ar\/index\/wp-content\/uploads\/2025\/09\/66b4c5888be96__950x512.webp\" alt=\"\" width=\"950\" height=\"512\" srcset=\"https:\/\/opinionpublica.com.ar\/index\/wp-content\/uploads\/2025\/09\/66b4c5888be96__950x512.webp 950w, https:\/\/opinionpublica.com.ar\/index\/wp-content\/uploads\/2025\/09\/66b4c5888be96__950x512-300x162.webp 300w, https:\/\/opinionpublica.com.ar\/index\/wp-content\/uploads\/2025\/09\/66b4c5888be96__950x512-768x414.webp 768w\" sizes=\"(max-width: 950px) 100vw, 950px\" \/><\/a><\/p>\n<p>El gobierno de Chubut lanz\u00f3 una fuerte apuesta para atraer inversiones al reactivar sus zonas francas en Trelew y Comodoro Rivadavia, con un paquete de beneficios fiscales in\u00e9ditos que pone a la provincia a competir directamente con el r\u00e9gimen promocional de Tierra del Fuego.<\/p>\n<p>&nbsp;<\/p>\n<p>Seg\u00fan anunci\u00f3 el gobernador Ignacio Torres, las empresas que se radiquen all\u00ed no pagar\u00e1n derechos de exportaci\u00f3n ni aranceles de importaci\u00f3n, Ingresos Brutos, impuesto a los Sellos, impuesto Inmobiliario ni tasas municipales, adem\u00e1s de contar con una tarifa plana en los servicios de agua y luz.<\/p>\n<p><a href=\"https:\/\/opinionpublica.com.ar\/index\/wp-content\/uploads\/2025\/09\/670d2a2e9437f.jpg\"><img decoding=\"async\" class=\"alignnone size-full wp-image-11006\" src=\"https:\/\/opinionpublica.com.ar\/index\/wp-content\/uploads\/2025\/09\/670d2a2e9437f.jpg\" alt=\"\" width=\"760\" height=\"507\" srcset=\"https:\/\/opinionpublica.com.ar\/index\/wp-content\/uploads\/2025\/09\/670d2a2e9437f.jpg 760w, https:\/\/opinionpublica.com.ar\/index\/wp-content\/uploads\/2025\/09\/670d2a2e9437f-300x200.jpg 300w\" sizes=\"(max-width: 760px) 100vw, 760px\" \/><\/a><\/p>\n<p>El esquema fue posible tras un acuerdo con el Gobierno nacional y con los municipios involucrados, que permiti\u00f3 ampliar los incentivos y dise\u00f1ar un sistema de corredores productivos con Comodoro Rivadavia como eje central. La estrategia contempla a Rawson, uno de los puertos m\u00e1s activos del pa\u00eds; a Trelew, para el agregado de valor; a los pueblos del Valle del Chubut, donde se concentra la producci\u00f3n frut\u00edcola y ganadera; y a Puerto Madryn, como puerto estrat\u00e9gico de escala regional.<\/p>\n<p>&nbsp;<\/p>\n<p>Con este marco, la provincia busca dar un salto cualitativo en su matriz productiva: pasar de un modelo extractivo basado en pesca y producci\u00f3n primaria, con escaso valor agregado, a otro en el que los procesos industriales que hoy se realizan fuera del pa\u00eds puedan asentarse en territorio chubutense. El objetivo, remarcan desde el Ejecutivo provincial, es ganar en competitividad, generar empleo y diversificar la econom\u00eda local con m\u00e1s industria e inversi\u00f3n privada.<\/p>\n","protected":false},"excerpt":{"rendered":"<p>La provincia de Chubut lanza \u00abzona cero impuestos\u00bb y desaf\u00eda a Tierra del Fuego Sin impuestos y con<\/p>\n","protected":false},"author":5,"featured_media":11006,"comment_status":"open","ping_status":"open","sticky":false,"template":"","format":"standard","meta":{"footnotes":""},"categories":[29,2],"tags":[477,119,3829,3828],"class_list":["post-11004","post","type-post","status-publish","format-standard","has-post-thumbnail","hentry","category-interes-general","category-tierra-del-fuego","tag-chubut","tag-ignacio-torres","tag-puerto-rawson","tag-zona-franca"],"featured_image_urls":{"full":["https:\/\/opinionpublica.com.ar\/index\/wp-content\/uploads\/2025\/09\/670d2a2e9437f.jpg",760,507,false],"thumbnail":["https:\/\/opinionpublica.com.ar\/index\/wp-content\/uploads\/2025\/09\/670d2a2e9437f-150x150.jpg",150,150,true],"medium":["https:\/\/opinionpublica.com.ar\/index\/wp-content\/uploads\/2025\/09\/670d2a2e9437f-300x200.jpg",300,200,true],"medium_large":["https:\/\/opinionpublica.com.ar\/index\/wp-content\/uploads\/2025\/09\/670d2a2e9437f.jpg",640,427,false],"large":["https:\/\/opinionpublica.com.ar\/index\/wp-content\/uploads\/2025\/09\/670d2a2e9437f.jpg",640,427,false],"1536x1536":["https:\/\/opinionpublica.com.ar\/index\/wp-content\/uploads\/2025\/09\/670d2a2e9437f.jpg",760,507,false],"2048x2048":["https:\/\/opinionpublica.com.ar\/index\/wp-content\/uploads\/2025\/09\/670d2a2e9437f.jpg",760,507,false],"morenews-large":["https:\/\/opinionpublica.com.ar\/index\/wp-content\/uploads\/2025\/09\/670d2a2e9437f.jpg",760,507,false],"morenews-medium":["https:\/\/opinionpublica.com.ar\/index\/wp-content\/uploads\/2025\/09\/670d2a2e9437f-590x410.jpg",590,410,true]},"author_info":{"display_name":"Hal","author_link":"https:\/\/opinionpublica.com.ar\/index\/author\/hal\/"},"category_info":"<a href=\"https:\/\/opinionpublica.com.ar\/index\/category\/interes-general\/\" rel=\"category tag\">Interes General<\/a> <a href=\"https:\/\/opinionpublica.com.ar\/index\/category\/tierra-del-fuego\/\" rel=\"category tag\">Tierra del Fuego<\/a>","tag_info":"Tierra del Fuego","comment_count":"0","_links":{"self":[{"href":"https:\/\/opinionpublica.com.ar\/index\/wp-json\/wp\/v2\/posts\/11004","targetHints":{"allow":["GET"]}}],"collection":[{"href":"https:\/\/opinionpublica.com.ar\/index\/wp-json\/wp\/v2\/posts"}],"about":[{"href":"https:\/\/opinionpublica.com.ar\/index\/wp-json\/wp\/v2\/types\/post"}],"author":[{"embeddable":true,"href":"https:\/\/opinionpublica.com.ar\/index\/wp-json\/wp\/v2\/users\/5"}],"replies":[{"embeddable":true,"href":"https:\/\/opinionpublica.com.ar\/index\/wp-json\/wp\/v2\/comments?post=11004"}],"version-history":[{"count":1,"href":"https:\/\/opinionpublica.com.ar\/index\/wp-json\/wp\/v2\/posts\/11004\/revisions"}],"predecessor-version":[{"id":11007,"href":"https:\/\/opinionpublica.com.ar\/index\/wp-json\/wp\/v2\/posts\/11004\/revisions\/11007"}],"wp:featuredmedia":[{"embeddable":true,"href":"https:\/\/opinionpublica.com.ar\/index\/wp-json\/wp\/v2\/media\/11006"}],"wp:attachment":[{"href":"https:\/\/opinionpublica.com.ar\/index\/wp-json\/wp\/v2\/media?parent=11004"}],"wp:term":[{"taxonomy":"category","embeddable":true,"href":"https:\/\/opinionpublica.com.ar\/index\/wp-json\/wp\/v2\/categories?post=11004"},{"taxonomy":"post_tag","embeddable":true,"href":"https:\/\/opinionpublica.com.ar\/index\/wp-json\/wp\/v2\/tags?post=11004"}],"curies":[{"name":"wp","href":"https:\/\/api.w.org\/{rel}","templated":true}]}}