{"id":11008,"date":"2025-09-05T16:26:32","date_gmt":"2025-09-05T19:26:32","guid":{"rendered":"https:\/\/opinionpublica.com.ar\/index\/?p=11008"},"modified":"2025-09-05T16:26:32","modified_gmt":"2025-09-05T19:26:32","slug":"derrota-historica-de-milei-el-senado-rechazo-el-veto-a-los-discapacitados-con-una-mayoria-aplastante","status":"publish","type":"post","link":"https:\/\/opinionpublica.com.ar\/index\/derrota-historica-de-milei-el-senado-rechazo-el-veto-a-los-discapacitados-con-una-mayoria-aplastante\/","title":{"rendered":"Derrota hist\u00f3rica de Milei: el Senado rechaz\u00f3 el veto a los discapacitados con una mayor\u00eda aplastante"},"content":{"rendered":"<p><strong>Derrota hist\u00f3rica de Milei: el Senado rechaz\u00f3 el veto a los discapacitados con una mayor\u00eda aplastante<\/strong><\/p>\n<p>Con 63 votos a 7, la C\u00e1mara Alta rechaz\u00f3 de manera definitva el primer veto presidencial en 22 a\u00f1os. Qued\u00f3 firme la emergencia en discapacidad.<\/p>\n<p><a href=\"https:\/\/opinionpublica.com.ar\/index\/wp-content\/uploads\/2024\/05\/senado-nacion.jpg\"><img fetchpriority=\"high\" decoding=\"async\" class=\"alignnone size-full wp-image-2643\" src=\"https:\/\/opinionpublica.com.ar\/index\/wp-content\/uploads\/2024\/05\/senado-nacion.jpg\" alt=\"\" width=\"600\" height=\"290\" srcset=\"https:\/\/opinionpublica.com.ar\/index\/wp-content\/uploads\/2024\/05\/senado-nacion.jpg 600w, https:\/\/opinionpublica.com.ar\/index\/wp-content\/uploads\/2024\/05\/senado-nacion-300x145.jpg 300w\" sizes=\"(max-width: 600px) 100vw, 600px\" \/><\/a><\/p>\n<p>&nbsp;<\/p>\n<p>Con una mayor\u00eda aplastante, el Senado rechaz\u00f3 el veto de Javier Milei a la ley de emergencia en discapacidad, que qued\u00f3 firme tras la insistencia en las dos c\u00e1maras.<\/p>\n<p>&nbsp;<\/p>\n<p>Como inform\u00f3 LPO, es la primera vez en 22 a\u00f1os que el Congreso rechaza un veto presidencial en las dos c\u00e1maras.<\/p>\n<p>&nbsp;<\/p>\n<p>Luego de la insistencia en Diputados de principios de agosto, el Senado se opuso al veto con 63 votos positivos contra s\u00f3lo 7 negativos. Los que cerraron filas con el gobierno fueron los libertarios Bartolom\u00e9 Abdala, Ezequiel Atauche, Ivanna Arrascaeta, Bruno Olivera Lucero, Juan Carlos Pagotto y Francisco Paoltroni, adem\u00e1s de la bullrichista Carmen \u00c1lvarez Rivero, mientras que la juje\u00f1a Vilma Facunda Bedia y el peronista Antonio Rodas estuvieron ausentes.<\/p>\n<p>&nbsp;<\/p>\n<p>Antes de la votaci\u00f3n, Mayans asegur\u00f3 que \u00abhay que destituir a este presidente mafioso\u00bb, y le dijo al oficialismo que \u00abla lucha contra la corrupci\u00f3n se fue al carajo\u00bb. Enfurecido, se quej\u00f3 de la excusa del gobierno para vetar las leyes alegando que no se especificaba de d\u00f3nde extraer los recursos: \u00abque deje de robar un poquito Karina y ya est\u00e1, que baje el arancel Karina o que bajen el arancel los hijos de puta que est\u00e1n robando en el esquema financiero\u00bb, subray\u00f3.<\/p>\n<p><a href=\"https:\/\/opinionpublica.com.ar\/index\/wp-content\/uploads\/2025\/09\/68ba0e55c3be4-screen-and-max-width480px_880_880.jpg\"><img decoding=\"async\" class=\"alignnone size-full wp-image-11009\" src=\"https:\/\/opinionpublica.com.ar\/index\/wp-content\/uploads\/2025\/09\/68ba0e55c3be4-screen-and-max-width480px_880_880.jpg\" alt=\"\" width=\"880\" height=\"880\" srcset=\"https:\/\/opinionpublica.com.ar\/index\/wp-content\/uploads\/2025\/09\/68ba0e55c3be4-screen-and-max-width480px_880_880.jpg 880w, https:\/\/opinionpublica.com.ar\/index\/wp-content\/uploads\/2025\/09\/68ba0e55c3be4-screen-and-max-width480px_880_880-300x300.jpg 300w, https:\/\/opinionpublica.com.ar\/index\/wp-content\/uploads\/2025\/09\/68ba0e55c3be4-screen-and-max-width480px_880_880-150x150.jpg 150w, https:\/\/opinionpublica.com.ar\/index\/wp-content\/uploads\/2025\/09\/68ba0e55c3be4-screen-and-max-width480px_880_880-768x768.jpg 768w\" sizes=\"(max-width: 880px) 100vw, 880px\" \/><\/a><\/p>\n<p>Por otro lado, le pidi\u00f3 \u00abal pueblo argentino que haga tronar el escarmiento, que no acompa\u00f1e a este corrupto presidente\u00bb. \u00abQue empecemos de nuevo, todos los pol\u00edticos empecemos de nuevo\u00bb, areng\u00f3, y concluy\u00f3: \u00abeste presidente est\u00e1 terminado, es peor que Richard Nixon\u00bb.<\/p>\n<p>&nbsp;<\/p>\n<p>\u00bfSaben qu\u00e9 est\u00e1 cantando la gente en la calle?: &#8216;Alta coimera, Karina es alta coimera&#8217;<\/p>\n<p>&nbsp;<\/p>\n<p>La sesi\u00f3n ofreci\u00f3 momentos pintorescos, como cuando la fueguina Cristina C\u00e1ndida L\u00f3pez record\u00f3 el cantito contra Karina Milei. \u00ab\u00bfSaben qu\u00e9 est\u00e1 cantando la gente en la calle? &#8216;Alta coimera, Karina es alta coimera'\u00bb, enton\u00f3.<\/p>\n<p>&nbsp;<\/p>\n<p>El santacruce\u00f1o Jos\u00e9 Mar\u00eda Carambia, por su parte, advirti\u00f3 a Milei que iniciar\u00e1 el tr\u00e1mite de juicio pol\u00edtico. \u00abSi usted no cumple con la ley, soy el primero en presentar un juicio pol\u00edtico\u00bb, dijo.<\/p>\n<p><a href=\"https:\/\/opinionpublica.com.ar\/index\/wp-content\/uploads\/2025\/09\/68ba0f45cf638_798_518.jpg\"><img decoding=\"async\" class=\"alignnone size-full wp-image-11010\" src=\"https:\/\/opinionpublica.com.ar\/index\/wp-content\/uploads\/2025\/09\/68ba0f45cf638_798_518.jpg\" alt=\"\" width=\"798\" height=\"518\" srcset=\"https:\/\/opinionpublica.com.ar\/index\/wp-content\/uploads\/2025\/09\/68ba0f45cf638_798_518.jpg 798w, https:\/\/opinionpublica.com.ar\/index\/wp-content\/uploads\/2025\/09\/68ba0f45cf638_798_518-300x195.jpg 300w, https:\/\/opinionpublica.com.ar\/index\/wp-content\/uploads\/2025\/09\/68ba0f45cf638_798_518-768x499.jpg 768w\" sizes=\"(max-width: 798px) 100vw, 798px\" \/><\/a><\/p>\n<p>La \u00fanica legisladora que defendi\u00f3 el veto por fuera del bloque libertario fue la cordobesa \u00c1lvarez Rivero. \u00ab\u00bfC\u00f3mo les est\u00e1 yendo a todos en el plan de desestabilizar al presidente Milei?\u00bb, lanz\u00f3 como una provocaci\u00f3n, y sostuvo que \u00aben Argentina ya existe una ley de discapacidad, que se entiende como un sistema de protecci\u00f3n integral a las personas con discapacidad, y que inclusive esa ley fue la que gest\u00f3 la Agencia Nacional de Discapacidad\u00bb.<\/p>\n<p>&nbsp;<\/p>\n<p>Por eso, consider\u00f3 que no es necesario sancionar nuevas normas \u00abni declarar emergencias\u00bb. \u00abNecesitamos gesti\u00f3n\u00bb, consign\u00f3.<\/p>\n<p>&nbsp;<\/p>\n<p>Pero luego responsabiliz\u00f3 por la falta de actualizaci\u00f3n del valor de las prestaciones para las personas con discapacidad que \u00abdistintos personajes e instituciones embarraron la discusi\u00f3n\u00bb. Adem\u00e1s, propuso \u00abdistinguir entre quienes realmente necesitan esos fondos y quienes se aprovechan del sistema cometiendo abusos y fraudes\u00bb.<\/p>\n<p>&nbsp;<\/p>\n<p>Hay que destituir a este presidente mafioso. La lucha contra la corrupci\u00f3n se fue al carajo.<\/p>\n<p>&nbsp;<\/p>\n<p>Sin embargo, reclam\u00f3 al ministro de Salud, Mario Lugones, que \u00abaumente hoy mismo, esta tarde, los aranceles para que las personas con discapacidad puedan seguir recibiendo las prestaciones que necesitan, los profesionales puedan seguir trabajando, y las instituciones no tengan que cerrar sus puertas\u00bb.<\/p>\n<p>&nbsp;<\/p>\n<p>En representaci\u00f3n de los radicales, el primero en hablar fue Pablo Blanco, que alert\u00f3 sobre el \u00abd\u00e9ficit social\u00bb. \u00abEl ajuste no puede pasar por la gente que m\u00e1s lo necesita\u00bb, indic\u00f3.<\/p>\n<p><a href=\"https:\/\/opinionpublica.com.ar\/index\/wp-content\/uploads\/2024\/04\/senado.jpg\"><img loading=\"lazy\" decoding=\"async\" class=\"alignnone size-full wp-image-2388\" src=\"https:\/\/opinionpublica.com.ar\/index\/wp-content\/uploads\/2024\/04\/senado.jpg\" alt=\"\" width=\"1263\" height=\"707\" srcset=\"https:\/\/opinionpublica.com.ar\/index\/wp-content\/uploads\/2024\/04\/senado.jpg 1263w, https:\/\/opinionpublica.com.ar\/index\/wp-content\/uploads\/2024\/04\/senado-300x168.jpg 300w, https:\/\/opinionpublica.com.ar\/index\/wp-content\/uploads\/2024\/04\/senado-1024x573.jpg 1024w, https:\/\/opinionpublica.com.ar\/index\/wp-content\/uploads\/2024\/04\/senado-768x430.jpg 768w\" sizes=\"(max-width: 1263px) 100vw, 1263px\" \/><\/a><\/p>\n<p>En un sentido similar, la senadora Guadalupe Tagliaferri se\u00f1al\u00f3 que la Convenci\u00f3n Internacional de los Derechos de las Personas con Discapacidad acredita rango constitucional. \u00ab\u00bfHay que auditar las pensiones? S\u00ed, claramente. Pero no con la motosierra, hay que hacerlo con humanidad, con gesti\u00f3n pero pareciera ser que la motosierra y el recorte en la Andis no era para hacer eficiente el gasto, era para que la coima quedara adentro\u00bb.<\/p>\n","protected":false},"excerpt":{"rendered":"<p>Derrota hist\u00f3rica de Milei: el Senado rechaz\u00f3 el veto a los discapacitados con una mayor\u00eda aplastante Con 63<\/p>\n","protected":false},"author":5,"featured_media":2388,"comment_status":"open","ping_status":"open","sticky":false,"template":"","format":"standard","meta":{"footnotes":""},"categories":[3],"tags":[692,2077,997],"class_list":["post-11008","post","type-post","status-publish","format-standard","has-post-thumbnail","hentry","category-nacionales","tag-javier-milei","tag-jose-mayans","tag-senado-nacion"],"featured_image_urls":{"full":["https:\/\/opinionpublica.com.ar\/index\/wp-content\/uploads\/2024\/04\/senado.jpg",1263,707,false],"thumbnail":["https:\/\/opinionpublica.com.ar\/index\/wp-content\/uploads\/2024\/04\/senado-150x150.jpg",150,150,true],"medium":["https:\/\/opinionpublica.com.ar\/index\/wp-content\/uploads\/2024\/04\/senado-300x168.jpg",300,168,true],"medium_large":["https:\/\/opinionpublica.com.ar\/index\/wp-content\/uploads\/2024\/04\/senado-768x430.jpg",640,358,true],"large":["https:\/\/opinionpublica.com.ar\/index\/wp-content\/uploads\/2024\/04\/senado-1024x573.jpg",640,358,true],"1536x1536":["https:\/\/opinionpublica.com.ar\/index\/wp-content\/uploads\/2024\/04\/senado.jpg",1263,707,false],"2048x2048":["https:\/\/opinionpublica.com.ar\/index\/wp-content\/uploads\/2024\/04\/senado.jpg",1263,707,false],"morenews-large":["https:\/\/opinionpublica.com.ar\/index\/wp-content\/uploads\/2024\/04\/senado-825x575.jpg",825,575,true],"morenews-medium":["https:\/\/opinionpublica.com.ar\/index\/wp-content\/uploads\/2024\/04\/senado-590x410.jpg",590,410,true]},"author_info":{"display_name":"Hal","author_link":"https:\/\/opinionpublica.com.ar\/index\/author\/hal\/"},"category_info":"<a href=\"https:\/\/opinionpublica.com.ar\/index\/category\/nacionales\/\" rel=\"category tag\">Nacionales<\/a>","tag_info":"Nacionales","comment_count":"0","_links":{"self":[{"href":"https:\/\/opinionpublica.com.ar\/index\/wp-json\/wp\/v2\/posts\/11008","targetHints":{"allow":["GET"]}}],"collection":[{"href":"https:\/\/opinionpublica.com.ar\/index\/wp-json\/wp\/v2\/posts"}],"about":[{"href":"https:\/\/opinionpublica.com.ar\/index\/wp-json\/wp\/v2\/types\/post"}],"author":[{"embeddable":true,"href":"https:\/\/opinionpublica.com.ar\/index\/wp-json\/wp\/v2\/users\/5"}],"replies":[{"embeddable":true,"href":"https:\/\/opinionpublica.com.ar\/index\/wp-json\/wp\/v2\/comments?post=11008"}],"version-history":[{"count":1,"href":"https:\/\/opinionpublica.com.ar\/index\/wp-json\/wp\/v2\/posts\/11008\/revisions"}],"predecessor-version":[{"id":11011,"href":"https:\/\/opinionpublica.com.ar\/index\/wp-json\/wp\/v2\/posts\/11008\/revisions\/11011"}],"wp:featuredmedia":[{"embeddable":true,"href":"https:\/\/opinionpublica.com.ar\/index\/wp-json\/wp\/v2\/media\/2388"}],"wp:attachment":[{"href":"https:\/\/opinionpublica.com.ar\/index\/wp-json\/wp\/v2\/media?parent=11008"}],"wp:term":[{"taxonomy":"category","embeddable":true,"href":"https:\/\/opinionpublica.com.ar\/index\/wp-json\/wp\/v2\/categories?post=11008"},{"taxonomy":"post_tag","embeddable":true,"href":"https:\/\/opinionpublica.com.ar\/index\/wp-json\/wp\/v2\/tags?post=11008"}],"curies":[{"name":"wp","href":"https:\/\/api.w.org\/{rel}","templated":true}]}}