{"id":11012,"date":"2025-09-08T11:03:27","date_gmt":"2025-09-08T14:03:27","guid":{"rendered":"https:\/\/opinionpublica.com.ar\/index\/?p=11012"},"modified":"2025-09-08T11:03:27","modified_gmt":"2025-09-08T14:03:27","slug":"javier-milei-hemos-tenido-una-clara-derrota-y-hay-que-aceptarlo","status":"publish","type":"post","link":"https:\/\/opinionpublica.com.ar\/index\/javier-milei-hemos-tenido-una-clara-derrota-y-hay-que-aceptarlo\/","title":{"rendered":"Javier Milei: \u201cHemos tenido una clara derrota y hay que aceptarlo"},"content":{"rendered":"<div class=\"td-post-header td-container\">\n<div class=\"td-post-header-holder td-image-gradient\">\n<div class=\"td-post-featured-image\"><strong>Javier Milei: \u201cHemos tenido una clara derrota y hay que aceptarlo\u201d<\/strong><\/div>\n<\/div>\n<\/div>\n<div class=\"td-container\">\n<div class=\"td-pb-row\">\n<div class=\"td-pb-span12 td-main-content\" role=\"main\">\n<div class=\"td-ss-main-content\">\n<div class=\"td-post-sharing-top\">\n<div id=\"td_social_sharing_article_top\" class=\"td-post-sharing td-ps-bg td-ps-notext td-post-sharing-style1 \">\n<div class=\"td-post-sharing-visible\">\n<div class=\"td-social-but-icon\"><\/div>\n<\/div>\n<\/div>\n<\/div>\n<div class=\"td-post-content tagdiv-type\">\n<p>El presidente Javier Milei habl\u00f3 en el b\u00fanker de La Libertad Avanza, en La Plata, luego de que se conocieran los resultados de las elecciones bonaerenses, que arrojaron el triunfo del peronismo.<\/p>\n<p style=\"text-align: left;\"><a href=\"https:\/\/opinionpublica.com.ar\/index\/wp-content\/uploads\/2025\/09\/TIRHISR3ZJCGHFWKYRT6W7QWNE.jpg\"><img fetchpriority=\"high\" decoding=\"async\" class=\"alignnone size-full wp-image-11013\" src=\"https:\/\/opinionpublica.com.ar\/index\/wp-content\/uploads\/2025\/09\/TIRHISR3ZJCGHFWKYRT6W7QWNE.jpg\" alt=\"\" width=\"345\" height=\"258\" srcset=\"https:\/\/opinionpublica.com.ar\/index\/wp-content\/uploads\/2025\/09\/TIRHISR3ZJCGHFWKYRT6W7QWNE.jpg 345w, https:\/\/opinionpublica.com.ar\/index\/wp-content\/uploads\/2025\/09\/TIRHISR3ZJCGHFWKYRT6W7QWNE-300x224.jpg 300w\" sizes=\"(max-width: 345px) 100vw, 345px\" \/><\/a><\/p>\n<p><strong>\u201cSin dudas en el plano pol\u00edtico hoy hemos tenido una clara derrota y si alguien quiere reconstruir lo que hay que hacer es aceptar los resultados, hemos tenido un rev\u00e9s electoral\u201d,<\/strong>\u00a0dijo el Presidente en un tono autocr\u00edtico el jefe de Estado.<\/p>\n<p>Luego, entreg\u00f3 una breve lectura de la derrota frente al peronismo. \u201cAl mismo tiempo, cuando uno mira estos resultados que por ahora est\u00e1n surgiendo lo que queda claro es que ellos tuvieron un desempe\u00f1o en l\u00ednea con lo que suelen tener en elecciones de l\u00ednea ejecutiva. Han puesto el aparato que tienen desde hace 40 a\u00f1os y lo ejecutan de manera eficiente\u201d, dijo Milei.<\/p>\n<p>En consecuencia consider\u00f3 que el peronismo, a pesar del triunfo, ha tocado su techo. \u201cEllos han hecho la mejor elecci\u00f3n posible que pod\u00edan hacer\u201d, afirm\u00f3 el presidente.<\/p>\n<p>&nbsp;<\/p>\n<p>\u201cEs un piso desde el cu\u00e1l empezaremos a trabajar de cara al 26 de octubre que vienen las nacionales\u201d, puntualiz\u00f3<\/p>\n<\/div>\n<\/div>\n<\/div>\n<\/div>\n<\/div>\n","protected":false},"excerpt":{"rendered":"<p>Javier Milei: \u201cHemos tenido una clara derrota y hay que aceptarlo\u201d El presidente Javier Milei habl\u00f3 en el<\/p>\n","protected":false},"author":5,"featured_media":11014,"comment_status":"open","ping_status":"open","sticky":false,"template":"","format":"standard","meta":{"footnotes":""},"categories":[3],"tags":[692],"class_list":["post-11012","post","type-post","status-publish","format-standard","has-post-thumbnail","hentry","category-nacionales","tag-javier-milei"],"featured_image_urls":{"full":["https:\/\/opinionpublica.com.ar\/index\/wp-content\/uploads\/2025\/09\/Cierre-de-campana-en-moreno-los-milei-foto-antonio-becerra-4.jpg",1200,800,false],"thumbnail":["https:\/\/opinionpublica.com.ar\/index\/wp-content\/uploads\/2025\/09\/Cierre-de-campana-en-moreno-los-milei-foto-antonio-becerra-4-150x150.jpg",150,150,true],"medium":["https:\/\/opinionpublica.com.ar\/index\/wp-content\/uploads\/2025\/09\/Cierre-de-campana-en-moreno-los-milei-foto-antonio-becerra-4-300x200.jpg",300,200,true],"medium_large":["https:\/\/opinionpublica.com.ar\/index\/wp-content\/uploads\/2025\/09\/Cierre-de-campana-en-moreno-los-milei-foto-antonio-becerra-4-768x512.jpg",640,427,true],"large":["https:\/\/opinionpublica.com.ar\/index\/wp-content\/uploads\/2025\/09\/Cierre-de-campana-en-moreno-los-milei-foto-antonio-becerra-4-1024x683.jpg",640,427,true],"1536x1536":["https:\/\/opinionpublica.com.ar\/index\/wp-content\/uploads\/2025\/09\/Cierre-de-campana-en-moreno-los-milei-foto-antonio-becerra-4.jpg",1200,800,false],"2048x2048":["https:\/\/opinionpublica.com.ar\/index\/wp-content\/uploads\/2025\/09\/Cierre-de-campana-en-moreno-los-milei-foto-antonio-becerra-4.jpg",1200,800,false],"morenews-large":["https:\/\/opinionpublica.com.ar\/index\/wp-content\/uploads\/2025\/09\/Cierre-de-campana-en-moreno-los-milei-foto-antonio-becerra-4-825x575.jpg",825,575,true],"morenews-medium":["https:\/\/opinionpublica.com.ar\/index\/wp-content\/uploads\/2025\/09\/Cierre-de-campana-en-moreno-los-milei-foto-antonio-becerra-4-590x410.jpg",590,410,true]},"author_info":{"display_name":"Hal","author_link":"https:\/\/opinionpublica.com.ar\/index\/author\/hal\/"},"category_info":"<a href=\"https:\/\/opinionpublica.com.ar\/index\/category\/nacionales\/\" rel=\"category tag\">Nacionales<\/a>","tag_info":"Nacionales","comment_count":"0","_links":{"self":[{"href":"https:\/\/opinionpublica.com.ar\/index\/wp-json\/wp\/v2\/posts\/11012","targetHints":{"allow":["GET"]}}],"collection":[{"href":"https:\/\/opinionpublica.com.ar\/index\/wp-json\/wp\/v2\/posts"}],"about":[{"href":"https:\/\/opinionpublica.com.ar\/index\/wp-json\/wp\/v2\/types\/post"}],"author":[{"embeddable":true,"href":"https:\/\/opinionpublica.com.ar\/index\/wp-json\/wp\/v2\/users\/5"}],"replies":[{"embeddable":true,"href":"https:\/\/opinionpublica.com.ar\/index\/wp-json\/wp\/v2\/comments?post=11012"}],"version-history":[{"count":1,"href":"https:\/\/opinionpublica.com.ar\/index\/wp-json\/wp\/v2\/posts\/11012\/revisions"}],"predecessor-version":[{"id":11015,"href":"https:\/\/opinionpublica.com.ar\/index\/wp-json\/wp\/v2\/posts\/11012\/revisions\/11015"}],"wp:featuredmedia":[{"embeddable":true,"href":"https:\/\/opinionpublica.com.ar\/index\/wp-json\/wp\/v2\/media\/11014"}],"wp:attachment":[{"href":"https:\/\/opinionpublica.com.ar\/index\/wp-json\/wp\/v2\/media?parent=11012"}],"wp:term":[{"taxonomy":"category","embeddable":true,"href":"https:\/\/opinionpublica.com.ar\/index\/wp-json\/wp\/v2\/categories?post=11012"},{"taxonomy":"post_tag","embeddable":true,"href":"https:\/\/opinionpublica.com.ar\/index\/wp-json\/wp\/v2\/tags?post=11012"}],"curies":[{"name":"wp","href":"https:\/\/api.w.org\/{rel}","templated":true}]}}