{"id":11016,"date":"2025-09-08T11:07:29","date_gmt":"2025-09-08T14:07:29","guid":{"rendered":"https:\/\/opinionpublica.com.ar\/index\/?p=11016"},"modified":"2025-09-08T11:07:29","modified_gmt":"2025-09-08T14:07:29","slug":"la-sociedad-le-esta-poniendo-un-freno-a-milei-sostuvo-melella","status":"publish","type":"post","link":"https:\/\/opinionpublica.com.ar\/index\/la-sociedad-le-esta-poniendo-un-freno-a-milei-sostuvo-melella\/","title":{"rendered":"\u00abLa sociedad le est\u00e1 poniendo un freno a Milei\u00bb sostuvo Melella"},"content":{"rendered":"<p><strong>\u00abLa sociedad le est\u00e1 poniendo un freno a Milei\u00bb sostuvo Melella<\/strong><\/p>\n<p>Fuerza Patria se impuso de forma arrasadora en las elecciones de la provincia de Buenos Aires, marcando un claro mensaje de la ciudadan\u00eda frente al rumbo econ\u00f3mico del gobierno nacional.<\/p>\n<p style=\"text-align: left;\"><a href=\"https:\/\/opinionpublica.com.ar\/index\/wp-content\/uploads\/2025\/09\/Melella.jpg\"><img fetchpriority=\"high\" decoding=\"async\" class=\"alignnone size-full wp-image-11017\" src=\"https:\/\/opinionpublica.com.ar\/index\/wp-content\/uploads\/2025\/09\/Melella.jpg\" alt=\"\" width=\"800\" height=\"533\" srcset=\"https:\/\/opinionpublica.com.ar\/index\/wp-content\/uploads\/2025\/09\/Melella.jpg 800w, https:\/\/opinionpublica.com.ar\/index\/wp-content\/uploads\/2025\/09\/Melella-300x200.jpg 300w, https:\/\/opinionpublica.com.ar\/index\/wp-content\/uploads\/2025\/09\/Melella-768x512.jpg 768w\" sizes=\"(max-width: 800px) 100vw, 800px\" \/><\/a><\/p>\n<p>Asi se consolida a frente como la principal fuerza de oposici\u00f3n al modelo de ajuste impulsado por el presidente Javier Milei.<\/p>\n<p>&nbsp;<\/p>\n<p>El gobernador Gustavo Melella celebr\u00f3 el resultado y asegur\u00f3 que \u201cqued\u00f3 reflejado lo que ya no quiere m\u00e1s la sociedad. Hoy se puso un freno a un modelo de pa\u00eds que solo quiere avanzar con ajuste y exclusi\u00f3n\u201d.<\/p>\n<p>&nbsp;<\/p>\n<p>A trav\u00e9s de sus redes sociales, Melella dijo que \u201cuna vez m\u00e1s demostr\u00f3 que elige una provincia de trabajo, de producci\u00f3n, igualitaria, que cuida a quienes menos tienen y a quienes todos los d\u00edas siguen adelante a pesar de las injustas medidas del gobierno nacional\u201d.<\/p>\n<p>&nbsp;<\/p>\n<p>La elecci\u00f3n no solo tuvo un impacto local, sino que reconfigura el mapa pol\u00edtico nacional. Con m\u00e1s de 13 puntos de diferencia sobre La Libertad Avanza, el peronismo no solo se fortalece en Buenos Aires, sino que tambi\u00e9n comienza a consolidar un nuevo eje de poder frente al gobierno central.<\/p>\n<p>&nbsp;<\/p>\n<p>En este sentido, Melella subray\u00f3 que la disputa electoral toma un nuevo tono en Tierra del Fuego: \u201cA partir de esta victoria se consolida un camino totalmente polarizado entre Fuerza Patria y La Libertad Avanza\u201d, se\u00f1al\u00f3 el mandatario fueguino.<\/p>\n<p>&nbsp;<\/p>\n<p>Adem\u00e1s, reafirm\u00f3 el compromiso de su administraci\u00f3n con el nuevo escenario pol\u00edtico: \u201cDesde la Provincia vamos a seguir defendiendo a Tierra del Fuego con firmeza y convicci\u00f3n. Este es el camino de la reconstrucci\u00f3n del pa\u00eds que queremos\u201d.<\/p>\n<p>&nbsp;<\/p>\n<p>Melella adem\u00e1s felicit\u00f3 a Axel Kicillof y a \u201ctodo el espacio de Fuerza Patria por este triunfo conseguido gracias a la convicci\u00f3n, el compromiso y el coraz\u00f3n militante\u201d.<\/p>\n","protected":false},"excerpt":{"rendered":"<p>\u00abLa sociedad le est\u00e1 poniendo un freno a Milei\u00bb sostuvo Melella Fuerza Patria se impuso de forma arrasadora<\/p>\n","protected":false},"author":5,"featured_media":11017,"comment_status":"open","ping_status":"open","sticky":false,"template":"","format":"standard","meta":{"footnotes":""},"categories":[2],"tags":[697,134],"class_list":["post-11016","post","type-post","status-publish","format-standard","has-post-thumbnail","hentry","category-tierra-del-fuego","tag-elecciones-2025","tag-gustavo-melella"],"featured_image_urls":{"full":["https:\/\/opinionpublica.com.ar\/index\/wp-content\/uploads\/2025\/09\/Melella.jpg",800,533,false],"thumbnail":["https:\/\/opinionpublica.com.ar\/index\/wp-content\/uploads\/2025\/09\/Melella-150x150.jpg",150,150,true],"medium":["https:\/\/opinionpublica.com.ar\/index\/wp-content\/uploads\/2025\/09\/Melella-300x200.jpg",300,200,true],"medium_large":["https:\/\/opinionpublica.com.ar\/index\/wp-content\/uploads\/2025\/09\/Melella-768x512.jpg",640,427,true],"large":["https:\/\/opinionpublica.com.ar\/index\/wp-content\/uploads\/2025\/09\/Melella.jpg",640,426,false],"1536x1536":["https:\/\/opinionpublica.com.ar\/index\/wp-content\/uploads\/2025\/09\/Melella.jpg",800,533,false],"2048x2048":["https:\/\/opinionpublica.com.ar\/index\/wp-content\/uploads\/2025\/09\/Melella.jpg",800,533,false],"morenews-large":["https:\/\/opinionpublica.com.ar\/index\/wp-content\/uploads\/2025\/09\/Melella.jpg",800,533,false],"morenews-medium":["https:\/\/opinionpublica.com.ar\/index\/wp-content\/uploads\/2025\/09\/Melella-590x410.jpg",590,410,true]},"author_info":{"display_name":"Hal","author_link":"https:\/\/opinionpublica.com.ar\/index\/author\/hal\/"},"category_info":"<a href=\"https:\/\/opinionpublica.com.ar\/index\/category\/tierra-del-fuego\/\" rel=\"category tag\">Tierra del Fuego<\/a>","tag_info":"Tierra del Fuego","comment_count":"0","_links":{"self":[{"href":"https:\/\/opinionpublica.com.ar\/index\/wp-json\/wp\/v2\/posts\/11016","targetHints":{"allow":["GET"]}}],"collection":[{"href":"https:\/\/opinionpublica.com.ar\/index\/wp-json\/wp\/v2\/posts"}],"about":[{"href":"https:\/\/opinionpublica.com.ar\/index\/wp-json\/wp\/v2\/types\/post"}],"author":[{"embeddable":true,"href":"https:\/\/opinionpublica.com.ar\/index\/wp-json\/wp\/v2\/users\/5"}],"replies":[{"embeddable":true,"href":"https:\/\/opinionpublica.com.ar\/index\/wp-json\/wp\/v2\/comments?post=11016"}],"version-history":[{"count":1,"href":"https:\/\/opinionpublica.com.ar\/index\/wp-json\/wp\/v2\/posts\/11016\/revisions"}],"predecessor-version":[{"id":11018,"href":"https:\/\/opinionpublica.com.ar\/index\/wp-json\/wp\/v2\/posts\/11016\/revisions\/11018"}],"wp:featuredmedia":[{"embeddable":true,"href":"https:\/\/opinionpublica.com.ar\/index\/wp-json\/wp\/v2\/media\/11017"}],"wp:attachment":[{"href":"https:\/\/opinionpublica.com.ar\/index\/wp-json\/wp\/v2\/media?parent=11016"}],"wp:term":[{"taxonomy":"category","embeddable":true,"href":"https:\/\/opinionpublica.com.ar\/index\/wp-json\/wp\/v2\/categories?post=11016"},{"taxonomy":"post_tag","embeddable":true,"href":"https:\/\/opinionpublica.com.ar\/index\/wp-json\/wp\/v2\/tags?post=11016"}],"curies":[{"name":"wp","href":"https:\/\/api.w.org\/{rel}","templated":true}]}}