{"id":11022,"date":"2025-09-08T11:25:36","date_gmt":"2025-09-08T14:25:36","guid":{"rendered":"https:\/\/opinionpublica.com.ar\/index\/?p=11022"},"modified":"2025-09-08T11:25:36","modified_gmt":"2025-09-08T14:25:36","slug":"escenario-nacional-en-crisis-y-su-impacto-en-tierra-del-fuego","status":"publish","type":"post","link":"https:\/\/opinionpublica.com.ar\/index\/escenario-nacional-en-crisis-y-su-impacto-en-tierra-del-fuego\/","title":{"rendered":"Escenario nacional en crisis y su impacto en Tierra del Fuego"},"content":{"rendered":"<p><strong>Escenario nacional en crisis y su impacto en Tierra del Fuego<\/strong><\/p>\n<p>El polit\u00f3logo Gustavo C\u00f3rdoba proyect\u00f3 un escenario de polarizaci\u00f3n extrema y analiz\u00f3 el impacto de la crisis nacional en el electorado fueguino, marcado por un voto entre la convicci\u00f3n ideol\u00f3gica y los intereses provinciales.<\/p>\n<p><a href=\"https:\/\/opinionpublica.com.ar\/index\/wp-content\/uploads\/2025\/09\/crisis-politica-gustavo-cordoba.jpg\"><img fetchpriority=\"high\" decoding=\"async\" class=\"alignnone size-full wp-image-11023\" src=\"https:\/\/opinionpublica.com.ar\/index\/wp-content\/uploads\/2025\/09\/crisis-politica-gustavo-cordoba.jpg\" alt=\"\" width=\"840\" height=\"523\" srcset=\"https:\/\/opinionpublica.com.ar\/index\/wp-content\/uploads\/2025\/09\/crisis-politica-gustavo-cordoba.jpg 840w, https:\/\/opinionpublica.com.ar\/index\/wp-content\/uploads\/2025\/09\/crisis-politica-gustavo-cordoba-300x187.jpg 300w, https:\/\/opinionpublica.com.ar\/index\/wp-content\/uploads\/2025\/09\/crisis-politica-gustavo-cordoba-768x478.jpg 768w\" sizes=\"(max-width: 840px) 100vw, 840px\" \/><\/a><\/p>\n<p>El reconocido consultor pol\u00edtico Gustavo C\u00f3rdoba advirti\u00f3 sobre un cambio dr\u00e1stico en el clima de opini\u00f3n que afecta las proyecciones electorales del oficialismo, con una mirada particular sobre la realidad fueguina. El analista describi\u00f3 un panorama de polarizaci\u00f3n extrema y una marca gubernamental en descenso.<\/p>\n<p>&nbsp;<\/p>\n<p>Desde su perspectiva, el encuadre de la pol\u00edtica nacional es \u201ctotalmente errado\u201d. En FM Ushuaia, afirm\u00f3 que \u201cla mayor cantidad de las veces hacen encuadres caprichosos, m\u00e1s orientados al aspiracional\u201d, y record\u00f3 que un mes y medio atr\u00e1s \u201cel gobierno sosten\u00eda que La Libertad arrasaba, que ganaban en las 24 provincias\u201d. Sin embargo, su diagn\u00f3stico actual es contundente: \u201cHoy nosotros estamos viendo que el gobierno va a poder pintar de violeta, por ahora, entre 6 a 8 provincias\u201d.<\/p>\n<p>&nbsp;<\/p>\n<p>Este retroceso lo atribuye a que \u201cla marca electoral (\u2026) vale mucho m\u00e1s de lo que vale hoy. Hoy tenemos una marca cuestionada desde lo reputacional, cuestionada desde los episodios de sospecha de corrupci\u00f3n\u201d.<\/p>\n<p>&nbsp;<\/p>\n<p>Al referirse espec\u00edficamente a Tierra del Fuego, C\u00f3rdoba aport\u00f3 datos concretos: \u201cLa Libertad Avanza ten\u00eda como espacio pol\u00edtico 35, 36 puntos 10 d\u00edas atr\u00e1s. Haciendo la misma encuesta domiciliaria, hoy tenemos que La Libertad Avanza registra 27, 28 puntos. Es decir, el impacto sensible ha tenido un descenso\u201d.<\/p>\n<p>&nbsp;<\/p>\n<p>Explic\u00f3 que Tierra del Fuego \u201cno puede sustraerse\u201d del clima nacional porque \u201cconsume mucho medio nacional. Entonces, cualquier cosa que pase a nivel pa\u00eds impacta en Tierra del Fuego\u201d. Este contexto genera una creciente polarizaci\u00f3n donde Fuerza Patria \u201cest\u00e1 hoy en una posici\u00f3n en la cual puede decir, bueno, somos competitivos y podemos dar la sorpresa\u201d.<\/p>\n<p>&nbsp;<\/p>\n<p>El consultor plante\u00f3 la contradicci\u00f3n fundamental que enfrenta el votante fueguino: \u201cEsta contradicci\u00f3n del ciudadano, vecino de Ushuaia, Rio Grande o Tolhuin, va a tener el enorme desaf\u00edo de votar o a favor de una convicci\u00f3n ideol\u00f3gica extrema o a favor de sus intereses provinciales\u201d.<\/p>\n<p>&nbsp;<\/p>\n<p>Finalmente, defini\u00f3 estas elecciones como \u201ctoda una rareza\u201d, y un \u201cplebiscito de la gesti\u00f3n econ\u00f3mica\u201d donde se est\u00e1 votando esquemas nacionales, lo que convierte al escenario fueguino en un fiel reflejo de una pulseada nacional extremadamente ajustada.<\/p>\n<p>&nbsp;<\/p>\n","protected":false},"excerpt":{"rendered":"<p>Escenario nacional en crisis y su impacto en Tierra del Fuego El polit\u00f3logo Gustavo C\u00f3rdoba proyect\u00f3 un escenario<\/p>\n","protected":false},"author":5,"featured_media":11023,"comment_status":"open","ping_status":"open","sticky":false,"template":"","format":"standard","meta":{"footnotes":""},"categories":[27,2],"tags":[3830,2248],"class_list":["post-11022","post","type-post","status-publish","format-standard","has-post-thumbnail","hentry","category-politica","category-tierra-del-fuego","tag-consultora","tag-zuban-cordoba"],"featured_image_urls":{"full":["https:\/\/opinionpublica.com.ar\/index\/wp-content\/uploads\/2025\/09\/crisis-politica-gustavo-cordoba.jpg",840,523,false],"thumbnail":["https:\/\/opinionpublica.com.ar\/index\/wp-content\/uploads\/2025\/09\/crisis-politica-gustavo-cordoba-150x150.jpg",150,150,true],"medium":["https:\/\/opinionpublica.com.ar\/index\/wp-content\/uploads\/2025\/09\/crisis-politica-gustavo-cordoba-300x187.jpg",300,187,true],"medium_large":["https:\/\/opinionpublica.com.ar\/index\/wp-content\/uploads\/2025\/09\/crisis-politica-gustavo-cordoba-768x478.jpg",640,398,true],"large":["https:\/\/opinionpublica.com.ar\/index\/wp-content\/uploads\/2025\/09\/crisis-politica-gustavo-cordoba.jpg",640,398,false],"1536x1536":["https:\/\/opinionpublica.com.ar\/index\/wp-content\/uploads\/2025\/09\/crisis-politica-gustavo-cordoba.jpg",840,523,false],"2048x2048":["https:\/\/opinionpublica.com.ar\/index\/wp-content\/uploads\/2025\/09\/crisis-politica-gustavo-cordoba.jpg",840,523,false],"morenews-large":["https:\/\/opinionpublica.com.ar\/index\/wp-content\/uploads\/2025\/09\/crisis-politica-gustavo-cordoba-825x523.jpg",825,523,true],"morenews-medium":["https:\/\/opinionpublica.com.ar\/index\/wp-content\/uploads\/2025\/09\/crisis-politica-gustavo-cordoba-590x410.jpg",590,410,true]},"author_info":{"display_name":"Hal","author_link":"https:\/\/opinionpublica.com.ar\/index\/author\/hal\/"},"category_info":"<a href=\"https:\/\/opinionpublica.com.ar\/index\/category\/politica\/\" rel=\"category tag\">Politica<\/a> <a href=\"https:\/\/opinionpublica.com.ar\/index\/category\/tierra-del-fuego\/\" rel=\"category tag\">Tierra del Fuego<\/a>","tag_info":"Tierra del Fuego","comment_count":"0","_links":{"self":[{"href":"https:\/\/opinionpublica.com.ar\/index\/wp-json\/wp\/v2\/posts\/11022","targetHints":{"allow":["GET"]}}],"collection":[{"href":"https:\/\/opinionpublica.com.ar\/index\/wp-json\/wp\/v2\/posts"}],"about":[{"href":"https:\/\/opinionpublica.com.ar\/index\/wp-json\/wp\/v2\/types\/post"}],"author":[{"embeddable":true,"href":"https:\/\/opinionpublica.com.ar\/index\/wp-json\/wp\/v2\/users\/5"}],"replies":[{"embeddable":true,"href":"https:\/\/opinionpublica.com.ar\/index\/wp-json\/wp\/v2\/comments?post=11022"}],"version-history":[{"count":1,"href":"https:\/\/opinionpublica.com.ar\/index\/wp-json\/wp\/v2\/posts\/11022\/revisions"}],"predecessor-version":[{"id":11024,"href":"https:\/\/opinionpublica.com.ar\/index\/wp-json\/wp\/v2\/posts\/11022\/revisions\/11024"}],"wp:featuredmedia":[{"embeddable":true,"href":"https:\/\/opinionpublica.com.ar\/index\/wp-json\/wp\/v2\/media\/11023"}],"wp:attachment":[{"href":"https:\/\/opinionpublica.com.ar\/index\/wp-json\/wp\/v2\/media?parent=11022"}],"wp:term":[{"taxonomy":"category","embeddable":true,"href":"https:\/\/opinionpublica.com.ar\/index\/wp-json\/wp\/v2\/categories?post=11022"},{"taxonomy":"post_tag","embeddable":true,"href":"https:\/\/opinionpublica.com.ar\/index\/wp-json\/wp\/v2\/tags?post=11022"}],"curies":[{"name":"wp","href":"https:\/\/api.w.org\/{rel}","templated":true}]}}