{"id":11025,"date":"2025-09-08T11:29:33","date_gmt":"2025-09-08T14:29:33","guid":{"rendered":"https:\/\/opinionpublica.com.ar\/index\/?p=11025"},"modified":"2025-09-08T11:29:33","modified_gmt":"2025-09-08T14:29:33","slug":"tierra-del-fuego-fue-seleccionada-para-integrar-una-red-global-de-cooperacion-en-economia-azul","status":"publish","type":"post","link":"https:\/\/opinionpublica.com.ar\/index\/tierra-del-fuego-fue-seleccionada-para-integrar-una-red-global-de-cooperacion-en-economia-azul\/","title":{"rendered":"Tierra del Fuego fue seleccionada para integrar una red global de cooperaci\u00f3n en econom\u00eda azul"},"content":{"rendered":"<p><strong>Tierra del Fuego fue seleccionada para integrar una red global de cooperaci\u00f3n en econom\u00eda azul<\/strong><\/p>\n<p><a href=\"https:\/\/opinionpublica.com.ar\/index\/wp-content\/uploads\/2025\/09\/20250908015234_photo_2025_09_08_01_40_21.jpg\"><img fetchpriority=\"high\" decoding=\"async\" class=\"alignnone size-full wp-image-11026\" src=\"https:\/\/opinionpublica.com.ar\/index\/wp-content\/uploads\/2025\/09\/20250908015234_photo_2025_09_08_01_40_21.jpg\" alt=\"\" width=\"880\" height=\"586\" srcset=\"https:\/\/opinionpublica.com.ar\/index\/wp-content\/uploads\/2025\/09\/20250908015234_photo_2025_09_08_01_40_21.jpg 880w, https:\/\/opinionpublica.com.ar\/index\/wp-content\/uploads\/2025\/09\/20250908015234_photo_2025_09_08_01_40_21-300x200.jpg 300w, https:\/\/opinionpublica.com.ar\/index\/wp-content\/uploads\/2025\/09\/20250908015234_photo_2025_09_08_01_40_21-768x511.jpg 768w\" sizes=\"(max-width: 880px) 100vw, 880px\" \/><\/a><\/p>\n<p>La provincia fue elegida para participar del International Urban and Regional Cooperation (IURC), una iniciativa de la Uni\u00f3n Europea que re\u00fane a regiones de Europa, Am\u00e9rica Latina y Asia-Pac\u00edfico para trabajar en proyectos de desarrollo sostenible e innovaci\u00f3n.<\/p>\n<p>&nbsp;<\/p>\n<p>La provincia fue elegida para participar del International Urban and Regional Cooperation (IURC), una iniciativa de la Uni\u00f3n Europea que re\u00fane a regiones de Europa, Am\u00e9rica Latina y Asia-Pac\u00edfico para trabajar en proyectos de desarrollo sostenible e innovaci\u00f3n.<\/p>\n<p>&nbsp;<\/p>\n<p>Esta selecci\u00f3n representa un reconocimiento internacional al camino que viene transitando Tierra del Fuego en materia de pol\u00edticas vinculadas al mar, la innovaci\u00f3n tecnol\u00f3gica y la sostenibilidad. A partir de esta incorporaci\u00f3n, la provincia integrar\u00e1 el Cl\u00faster Tem\u00e1tico de Econom\u00eda Azul 2025-2027, lo que permitir\u00e1 fortalecer la planificaci\u00f3n costera, vinculaci\u00f3n al mar e integrar la innovaci\u00f3n tecnol\u00f3gica a nuestras capacidades institucionales, proyectando as\u00ed un modelo de desarrollo sostenible con identidad fueguina.<\/p>\n<p>&nbsp;<\/p>\n<p>Al respecto, el secretario de Malvinas, Ant\u00e1rtida, Islas del Atl\u00e1ntico Sur y Asuntos Internacionales, Andr\u00e9s Dachary, se\u00f1al\u00f3 que \u201cformar parte nuevamente de este programa nos permite insertar a Tierra del Fuego en una red de cooperaci\u00f3n global, afianzando v\u00ednculos con regiones europeas e impulsando nuevas oportunidades para el desarrollo mar\u00edtimo fueguino en t\u00e9rminos econ\u00f3micos, ambientales y cient\u00edficos\u201d.<\/p>\n<p>&nbsp;<\/p>\n<p>La participaci\u00f3n en el IURC no solo significa reconocimiento, sino tambi\u00e9n proyecci\u00f3n. A partir de ahora, Tierra del Fuego se prepara para acceder a programas de capacitaci\u00f3n, asistencia t\u00e9cnica, seminarios internacionales y plataformas de intercambio que potenciar\u00e1n nuestras pol\u00edticas en materia de econom\u00eda azul y sostenibilidad oce\u00e1nica. Con esta selecci\u00f3n, Tierra del Fuego consolida una proyecci\u00f3n estrat\u00e9gica que trasciende sus fronteras y la posiciona como un actor activo en la agenda global de cooperaci\u00f3n.<\/p>\n","protected":false},"excerpt":{"rendered":"<p>Tierra del Fuego fue seleccionada para integrar una red global de cooperaci\u00f3n en econom\u00eda azul La provincia fue<\/p>\n","protected":false},"author":5,"featured_media":11026,"comment_status":"open","ping_status":"open","sticky":false,"template":"","format":"standard","meta":{"footnotes":""},"categories":[2],"tags":[3831,3832],"class_list":["post-11025","post","type-post","status-publish","format-standard","has-post-thumbnail","hentry","category-tierra-del-fuego","tag-international-urban-and-regional-cooperation","tag-iurc"],"featured_image_urls":{"full":["https:\/\/opinionpublica.com.ar\/index\/wp-content\/uploads\/2025\/09\/20250908015234_photo_2025_09_08_01_40_21.jpg",880,586,false],"thumbnail":["https:\/\/opinionpublica.com.ar\/index\/wp-content\/uploads\/2025\/09\/20250908015234_photo_2025_09_08_01_40_21-150x150.jpg",150,150,true],"medium":["https:\/\/opinionpublica.com.ar\/index\/wp-content\/uploads\/2025\/09\/20250908015234_photo_2025_09_08_01_40_21-300x200.jpg",300,200,true],"medium_large":["https:\/\/opinionpublica.com.ar\/index\/wp-content\/uploads\/2025\/09\/20250908015234_photo_2025_09_08_01_40_21-768x511.jpg",640,426,true],"large":["https:\/\/opinionpublica.com.ar\/index\/wp-content\/uploads\/2025\/09\/20250908015234_photo_2025_09_08_01_40_21.jpg",640,426,false],"1536x1536":["https:\/\/opinionpublica.com.ar\/index\/wp-content\/uploads\/2025\/09\/20250908015234_photo_2025_09_08_01_40_21.jpg",880,586,false],"2048x2048":["https:\/\/opinionpublica.com.ar\/index\/wp-content\/uploads\/2025\/09\/20250908015234_photo_2025_09_08_01_40_21.jpg",880,586,false],"morenews-large":["https:\/\/opinionpublica.com.ar\/index\/wp-content\/uploads\/2025\/09\/20250908015234_photo_2025_09_08_01_40_21-825x575.jpg",825,575,true],"morenews-medium":["https:\/\/opinionpublica.com.ar\/index\/wp-content\/uploads\/2025\/09\/20250908015234_photo_2025_09_08_01_40_21-590x410.jpg",590,410,true]},"author_info":{"display_name":"Hal","author_link":"https:\/\/opinionpublica.com.ar\/index\/author\/hal\/"},"category_info":"<a href=\"https:\/\/opinionpublica.com.ar\/index\/category\/tierra-del-fuego\/\" rel=\"category tag\">Tierra del Fuego<\/a>","tag_info":"Tierra del Fuego","comment_count":"0","_links":{"self":[{"href":"https:\/\/opinionpublica.com.ar\/index\/wp-json\/wp\/v2\/posts\/11025","targetHints":{"allow":["GET"]}}],"collection":[{"href":"https:\/\/opinionpublica.com.ar\/index\/wp-json\/wp\/v2\/posts"}],"about":[{"href":"https:\/\/opinionpublica.com.ar\/index\/wp-json\/wp\/v2\/types\/post"}],"author":[{"embeddable":true,"href":"https:\/\/opinionpublica.com.ar\/index\/wp-json\/wp\/v2\/users\/5"}],"replies":[{"embeddable":true,"href":"https:\/\/opinionpublica.com.ar\/index\/wp-json\/wp\/v2\/comments?post=11025"}],"version-history":[{"count":1,"href":"https:\/\/opinionpublica.com.ar\/index\/wp-json\/wp\/v2\/posts\/11025\/revisions"}],"predecessor-version":[{"id":11027,"href":"https:\/\/opinionpublica.com.ar\/index\/wp-json\/wp\/v2\/posts\/11025\/revisions\/11027"}],"wp:featuredmedia":[{"embeddable":true,"href":"https:\/\/opinionpublica.com.ar\/index\/wp-json\/wp\/v2\/media\/11026"}],"wp:attachment":[{"href":"https:\/\/opinionpublica.com.ar\/index\/wp-json\/wp\/v2\/media?parent=11025"}],"wp:term":[{"taxonomy":"category","embeddable":true,"href":"https:\/\/opinionpublica.com.ar\/index\/wp-json\/wp\/v2\/categories?post=11025"},{"taxonomy":"post_tag","embeddable":true,"href":"https:\/\/opinionpublica.com.ar\/index\/wp-json\/wp\/v2\/tags?post=11025"}],"curies":[{"name":"wp","href":"https:\/\/api.w.org\/{rel}","templated":true}]}}