{"id":11028,"date":"2025-09-09T06:17:11","date_gmt":"2025-09-09T09:17:11","guid":{"rendered":"https:\/\/opinionpublica.com.ar\/index\/?p=11028"},"modified":"2025-09-09T06:17:11","modified_gmt":"2025-09-09T09:17:11","slug":"una-reforma-millonaria-en-tiempos-de-pobreza-la-provincia-contesto-un-recurso-extraordinario-federal","status":"publish","type":"post","link":"https:\/\/opinionpublica.com.ar\/index\/una-reforma-millonaria-en-tiempos-de-pobreza-la-provincia-contesto-un-recurso-extraordinario-federal\/","title":{"rendered":"Una reforma millonaria en tiempos de pobreza: la Provincia contest\u00f3 un recurso extraordinario federal"},"content":{"rendered":"<p><strong>Una reforma millonaria en tiempos de pobreza: la Provincia contest\u00f3 un recurso extraordinario federal<\/strong><\/p>\n<p><a href=\"https:\/\/opinionpublica.com.ar\/index\/wp-content\/uploads\/2024\/09\/20240823154111_jorge-lechman.jpg\"><img fetchpriority=\"high\" decoding=\"async\" class=\"alignnone size-full wp-image-5885\" src=\"https:\/\/opinionpublica.com.ar\/index\/wp-content\/uploads\/2024\/09\/20240823154111_jorge-lechman.jpg\" alt=\"\" width=\"880\" height=\"512\" srcset=\"https:\/\/opinionpublica.com.ar\/index\/wp-content\/uploads\/2024\/09\/20240823154111_jorge-lechman.jpg 880w, https:\/\/opinionpublica.com.ar\/index\/wp-content\/uploads\/2024\/09\/20240823154111_jorge-lechman-300x175.jpg 300w, https:\/\/opinionpublica.com.ar\/index\/wp-content\/uploads\/2024\/09\/20240823154111_jorge-lechman-768x447.jpg 768w\" sizes=\"(max-width: 880px) 100vw, 880px\" \/><\/a><\/p>\n<p>&nbsp;<\/p>\n<p>En Tierra del Fuego, donde la pobreza golpea a casi la mitad de la poblaci\u00f3n y la desocupaci\u00f3n se multiplica en los barrios, el Gobierno provincial eligi\u00f3 poner el foco en defender la reforma constitucional. El proceso, que demandar\u00e1 un gasto estimado en no menos de 5 mil millones de pesos, fue objetado por el legislador de Somos Fueguinos, Jorge Lechman, y el exconcejal y abogado de R\u00edo Grande, Paulino Rossi, quienes interpusieron un recurso extraordinario federal para frenar la iniciativa.<\/p>\n<p>&nbsp;<\/p>\n<p>El camino judicial no fue lineal. Primero, una medida cautelar presentada por Lechman mantuvo paralizada la convocatoria durante casi un a\u00f1o. Luego Rossi sum\u00f3 su propio planteo. A principios de agosto, el Superior Tribunal de Justicia levant\u00f3 la cautelar con los votos de Battaini, Sagastume, Cristiano y Muchnik, apartando a L\u00f6ffler, y habilit\u00f3 la continuidad del proceso. Esa decisi\u00f3n motiv\u00f3 la apelaci\u00f3n extraordinaria de los opositores.<\/p>\n<p><a href=\"https:\/\/opinionpublica.com.ar\/index\/wp-content\/uploads\/2025\/07\/20250715171352_20250522075153-paulino-1-820x360-1.jpg\"><img decoding=\"async\" class=\"alignnone size-full wp-image-10336\" src=\"https:\/\/opinionpublica.com.ar\/index\/wp-content\/uploads\/2025\/07\/20250715171352_20250522075153-paulino-1-820x360-1.jpg\" alt=\"\" width=\"880\" height=\"512\" srcset=\"https:\/\/opinionpublica.com.ar\/index\/wp-content\/uploads\/2025\/07\/20250715171352_20250522075153-paulino-1-820x360-1.jpg 880w, https:\/\/opinionpublica.com.ar\/index\/wp-content\/uploads\/2025\/07\/20250715171352_20250522075153-paulino-1-820x360-1-300x175.jpg 300w, https:\/\/opinionpublica.com.ar\/index\/wp-content\/uploads\/2025\/07\/20250715171352_20250522075153-paulino-1-820x360-1-768x447.jpg 768w\" sizes=\"(max-width: 880px) 100vw, 880px\" \/><\/a><\/p>\n<p>La respuesta del Gobierno no tard\u00f3. En un escrito firmado por Antonio C\u00e9sar Petkos, Emiliano V\u00edctor Fossatto, Mari\u00e1ngeles Arroyo y Ezequiel Cassagne, la Provincia defendi\u00f3 la validez de la sentencia y neg\u00f3 cualquier irregularidad. Sostuvo que no hubo arbitrariedad, que el decreto de convocatoria se dict\u00f3 dentro del plazo legal \u2014d\u00eda 209 de los 210 previstos\u2014, que la demora en la publicaci\u00f3n obedeci\u00f3 a cortes de energ\u00eda y ca\u00edda de sistemas administrativos, y que el tribunal no invent\u00f3 plazos nuevos, sino que reencauz\u00f3 el proceso tras levantar una cautelar previa.<\/p>\n<p>&nbsp;<\/p>\n<p>El Gobierno busca blindar la reforma y sostener que todo se resolvi\u00f3 dentro de la provincia. Pero la definici\u00f3n est\u00e1 ahora en manos del Superior Tribunal de Justicia, que deber\u00e1 decidir si concede el recurso extraordinario federal. Si lo hace, la causa podr\u00eda llegar a la Corte Suprema; si lo rechaza, Lechman y Rossi a\u00fan tienen la posibilidad de recurrir por la v\u00eda de la queja.<\/p>\n<p>&nbsp;<\/p>\n<p>M\u00e1s all\u00e1 del aparato legal desplegado, el trasfondo resulta evidente: una reforma que costar\u00e1 miles de millones en una provincia donde la mitad de sus habitantes vive bajo la l\u00ednea de pobreza. La discusi\u00f3n ya no pasa s\u00f3lo por los tribunales, sino por la pregunta que se hacen muchos fueguinos: si la prioridad debe ser modificar la Constituci\u00f3n o atender la urgencia social que crece d\u00eda a d\u00eda en las calles.<\/p>\n","protected":false},"excerpt":{"rendered":"<p>Una reforma millonaria en tiempos de pobreza: la Provincia contest\u00f3 un recurso extraordinario federal &nbsp; En Tierra del<\/p>\n","protected":false},"author":5,"featured_media":1013,"comment_status":"open","ping_status":"open","sticky":false,"template":"","format":"standard","meta":{"footnotes":""},"categories":[2],"tags":[328,2115,1159],"class_list":["post-11028","post","type-post","status-publish","format-standard","has-post-thumbnail","hentry","category-tierra-del-fuego","tag-jorge-lechman","tag-paulino-rossi","tag-reforma-constitucional"],"featured_image_urls":{"full":["https:\/\/opinionpublica.com.ar\/index\/wp-content\/uploads\/2024\/03\/reforma.jpg",800,600,false],"thumbnail":["https:\/\/opinionpublica.com.ar\/index\/wp-content\/uploads\/2024\/03\/reforma-150x150.jpg",150,150,true],"medium":["https:\/\/opinionpublica.com.ar\/index\/wp-content\/uploads\/2024\/03\/reforma-300x225.jpg",300,225,true],"medium_large":["https:\/\/opinionpublica.com.ar\/index\/wp-content\/uploads\/2024\/03\/reforma-768x576.jpg",640,480,true],"large":["https:\/\/opinionpublica.com.ar\/index\/wp-content\/uploads\/2024\/03\/reforma.jpg",640,480,false],"1536x1536":["https:\/\/opinionpublica.com.ar\/index\/wp-content\/uploads\/2024\/03\/reforma.jpg",800,600,false],"2048x2048":["https:\/\/opinionpublica.com.ar\/index\/wp-content\/uploads\/2024\/03\/reforma.jpg",800,600,false],"morenews-large":["https:\/\/opinionpublica.com.ar\/index\/wp-content\/uploads\/2024\/03\/reforma-800x575.jpg",800,575,true],"morenews-medium":["https:\/\/opinionpublica.com.ar\/index\/wp-content\/uploads\/2024\/03\/reforma-590x410.jpg",590,410,true]},"author_info":{"display_name":"Hal","author_link":"https:\/\/opinionpublica.com.ar\/index\/author\/hal\/"},"category_info":"<a href=\"https:\/\/opinionpublica.com.ar\/index\/category\/tierra-del-fuego\/\" rel=\"category tag\">Tierra del Fuego<\/a>","tag_info":"Tierra del Fuego","comment_count":"0","_links":{"self":[{"href":"https:\/\/opinionpublica.com.ar\/index\/wp-json\/wp\/v2\/posts\/11028","targetHints":{"allow":["GET"]}}],"collection":[{"href":"https:\/\/opinionpublica.com.ar\/index\/wp-json\/wp\/v2\/posts"}],"about":[{"href":"https:\/\/opinionpublica.com.ar\/index\/wp-json\/wp\/v2\/types\/post"}],"author":[{"embeddable":true,"href":"https:\/\/opinionpublica.com.ar\/index\/wp-json\/wp\/v2\/users\/5"}],"replies":[{"embeddable":true,"href":"https:\/\/opinionpublica.com.ar\/index\/wp-json\/wp\/v2\/comments?post=11028"}],"version-history":[{"count":1,"href":"https:\/\/opinionpublica.com.ar\/index\/wp-json\/wp\/v2\/posts\/11028\/revisions"}],"predecessor-version":[{"id":11029,"href":"https:\/\/opinionpublica.com.ar\/index\/wp-json\/wp\/v2\/posts\/11028\/revisions\/11029"}],"wp:featuredmedia":[{"embeddable":true,"href":"https:\/\/opinionpublica.com.ar\/index\/wp-json\/wp\/v2\/media\/1013"}],"wp:attachment":[{"href":"https:\/\/opinionpublica.com.ar\/index\/wp-json\/wp\/v2\/media?parent=11028"}],"wp:term":[{"taxonomy":"category","embeddable":true,"href":"https:\/\/opinionpublica.com.ar\/index\/wp-json\/wp\/v2\/categories?post=11028"},{"taxonomy":"post_tag","embeddable":true,"href":"https:\/\/opinionpublica.com.ar\/index\/wp-json\/wp\/v2\/tags?post=11028"}],"curies":[{"name":"wp","href":"https:\/\/api.w.org\/{rel}","templated":true}]}}