{"id":11030,"date":"2025-09-09T06:24:22","date_gmt":"2025-09-09T09:24:22","guid":{"rendered":"https:\/\/opinionpublica.com.ar\/index\/?p=11030"},"modified":"2025-09-09T06:24:22","modified_gmt":"2025-09-09T09:24:22","slug":"cryptopatagonia-volvio-a-operar-con-un-recurso-de-apelacion-y-un-acuerdo-con-vecinos","status":"publish","type":"post","link":"https:\/\/opinionpublica.com.ar\/index\/cryptopatagonia-volvio-a-operar-con-un-recurso-de-apelacion-y-un-acuerdo-con-vecinos\/","title":{"rendered":"Cryptopatagonia volvi\u00f3 a operar con un recurso de apelaci\u00f3n y un acuerdo con vecinos"},"content":{"rendered":"<p><strong>Cryptopatagonia volvi\u00f3 a operar con un recurso de apelaci\u00f3n y un acuerdo con vecinos<\/strong><\/p>\n<p><a href=\"https:\/\/opinionpublica.com.ar\/index\/wp-content\/uploads\/2025\/09\/criptopatagonia-2-1200x661-1.jpeg\"><img fetchpriority=\"high\" decoding=\"async\" class=\"alignnone size-full wp-image-11031\" src=\"https:\/\/opinionpublica.com.ar\/index\/wp-content\/uploads\/2025\/09\/criptopatagonia-2-1200x661-1.jpeg\" alt=\"\" width=\"1200\" height=\"661\" srcset=\"https:\/\/opinionpublica.com.ar\/index\/wp-content\/uploads\/2025\/09\/criptopatagonia-2-1200x661-1.jpeg 1200w, https:\/\/opinionpublica.com.ar\/index\/wp-content\/uploads\/2025\/09\/criptopatagonia-2-1200x661-1-300x165.jpeg 300w, https:\/\/opinionpublica.com.ar\/index\/wp-content\/uploads\/2025\/09\/criptopatagonia-2-1200x661-1-1024x564.jpeg 1024w, https:\/\/opinionpublica.com.ar\/index\/wp-content\/uploads\/2025\/09\/criptopatagonia-2-1200x661-1-768x423.jpeg 768w\" sizes=\"(max-width: 1200px) 100vw, 1200px\" \/><\/a><\/p>\n<p>La empresa cripto que mantuviera un conflicto vecinal en el barrio San Mart\u00edn de R\u00edo Grande con vecinos que denunciaban \u201cruidos molestos\u201d por un nuevo predio de turbinas generadoras de energ\u00eda a cielo abierto, volvi\u00f3 a operar hoy luego de casi un mes y medio de clausura municipal.<\/p>\n<p>&nbsp;<\/p>\n<p>Esto ocurri\u00f3 a partir de un recurso de apelaci\u00f3n presentado ante el Juzgado de Faltas, con efecto suspensivo, al cual hizo lugar la jueza de faltas la Dra. Nora Galeano, por lo que el acta de infracci\u00f3n sigue tramitando mientras la clausura tiene precisamente esa \u201csuspensi\u00f3n\u201d.<\/p>\n<p>&nbsp;<\/p>\n<p>Asimismo la empresa present\u00f3 a Industria y Comercio una nota en un presunto acuerdo con los vecinos \u201cde junto\u201d los cuales firman indicando que fueron notificados de un plan de obras por parte de la firma para levantar un galp\u00f3n que encierre a las cuatro turbinas generadoras a fin de mitigar el ruido.<\/p>\n<p><a href=\"https:\/\/opinionpublica.com.ar\/index\/wp-content\/uploads\/2025\/09\/mina.jpg\"><img decoding=\"async\" class=\"alignnone size-full wp-image-11032\" src=\"https:\/\/opinionpublica.com.ar\/index\/wp-content\/uploads\/2025\/09\/mina.jpg\" alt=\"\" width=\"624\" height=\"636\" srcset=\"https:\/\/opinionpublica.com.ar\/index\/wp-content\/uploads\/2025\/09\/mina.jpg 624w, https:\/\/opinionpublica.com.ar\/index\/wp-content\/uploads\/2025\/09\/mina-294x300.jpg 294w\" sizes=\"(max-width: 624px) 100vw, 624px\" \/><\/a><\/p>\n<p>En el mientras tanto la firma se comprometi\u00f3 a retomar su actividad, con la suspensi\u00f3n de la misma en el horario nocturno, entre las 22 de la noche y 7 de la ma\u00f1ana, a fin de no perturbar en los horarios de descanso; cuesti\u00f3n a la que accedieron los vecinos firmantes<\/p>\n","protected":false},"excerpt":{"rendered":"<p>Cryptopatagonia volvi\u00f3 a operar con un recurso de apelaci\u00f3n y un acuerdo con vecinos La empresa cripto que<\/p>\n","protected":false},"author":5,"featured_media":11032,"comment_status":"open","ping_status":"open","sticky":false,"template":"","format":"standard","meta":{"footnotes":""},"categories":[25],"tags":[3833],"class_list":["post-11030","post","type-post","status-publish","format-standard","has-post-thumbnail","hentry","category-rio-grande","tag-cryptopatagonia"],"featured_image_urls":{"full":["https:\/\/opinionpublica.com.ar\/index\/wp-content\/uploads\/2025\/09\/mina.jpg",624,636,false],"thumbnail":["https:\/\/opinionpublica.com.ar\/index\/wp-content\/uploads\/2025\/09\/mina-150x150.jpg",150,150,true],"medium":["https:\/\/opinionpublica.com.ar\/index\/wp-content\/uploads\/2025\/09\/mina-294x300.jpg",294,300,true],"medium_large":["https:\/\/opinionpublica.com.ar\/index\/wp-content\/uploads\/2025\/09\/mina.jpg",624,636,false],"large":["https:\/\/opinionpublica.com.ar\/index\/wp-content\/uploads\/2025\/09\/mina.jpg",624,636,false],"1536x1536":["https:\/\/opinionpublica.com.ar\/index\/wp-content\/uploads\/2025\/09\/mina.jpg",624,636,false],"2048x2048":["https:\/\/opinionpublica.com.ar\/index\/wp-content\/uploads\/2025\/09\/mina.jpg",624,636,false],"morenews-large":["https:\/\/opinionpublica.com.ar\/index\/wp-content\/uploads\/2025\/09\/mina-624x575.jpg",624,575,true],"morenews-medium":["https:\/\/opinionpublica.com.ar\/index\/wp-content\/uploads\/2025\/09\/mina-590x410.jpg",590,410,true]},"author_info":{"display_name":"Hal","author_link":"https:\/\/opinionpublica.com.ar\/index\/author\/hal\/"},"category_info":"<a href=\"https:\/\/opinionpublica.com.ar\/index\/category\/rio-grande\/\" rel=\"category tag\">Rio Grande<\/a>","tag_info":"Rio Grande","comment_count":"0","_links":{"self":[{"href":"https:\/\/opinionpublica.com.ar\/index\/wp-json\/wp\/v2\/posts\/11030","targetHints":{"allow":["GET"]}}],"collection":[{"href":"https:\/\/opinionpublica.com.ar\/index\/wp-json\/wp\/v2\/posts"}],"about":[{"href":"https:\/\/opinionpublica.com.ar\/index\/wp-json\/wp\/v2\/types\/post"}],"author":[{"embeddable":true,"href":"https:\/\/opinionpublica.com.ar\/index\/wp-json\/wp\/v2\/users\/5"}],"replies":[{"embeddable":true,"href":"https:\/\/opinionpublica.com.ar\/index\/wp-json\/wp\/v2\/comments?post=11030"}],"version-history":[{"count":1,"href":"https:\/\/opinionpublica.com.ar\/index\/wp-json\/wp\/v2\/posts\/11030\/revisions"}],"predecessor-version":[{"id":11033,"href":"https:\/\/opinionpublica.com.ar\/index\/wp-json\/wp\/v2\/posts\/11030\/revisions\/11033"}],"wp:featuredmedia":[{"embeddable":true,"href":"https:\/\/opinionpublica.com.ar\/index\/wp-json\/wp\/v2\/media\/11032"}],"wp:attachment":[{"href":"https:\/\/opinionpublica.com.ar\/index\/wp-json\/wp\/v2\/media?parent=11030"}],"wp:term":[{"taxonomy":"category","embeddable":true,"href":"https:\/\/opinionpublica.com.ar\/index\/wp-json\/wp\/v2\/categories?post=11030"},{"taxonomy":"post_tag","embeddable":true,"href":"https:\/\/opinionpublica.com.ar\/index\/wp-json\/wp\/v2\/tags?post=11030"}],"curies":[{"name":"wp","href":"https:\/\/api.w.org\/{rel}","templated":true}]}}