{"id":11034,"date":"2025-09-09T06:29:30","date_gmt":"2025-09-09T09:29:30","guid":{"rendered":"https:\/\/opinionpublica.com.ar\/index\/?p=11034"},"modified":"2025-09-09T06:29:30","modified_gmt":"2025-09-09T09:29:30","slug":"melella-sobre-la-libertad-avanza-tenian-la-bandera-de-la-transparencia-y-la-pisotearon","status":"publish","type":"post","link":"https:\/\/opinionpublica.com.ar\/index\/melella-sobre-la-libertad-avanza-tenian-la-bandera-de-la-transparencia-y-la-pisotearon\/","title":{"rendered":"Melella sobre La Libertad Avanza: \u201cTen\u00edan la bandera de la transparencia y la pisotearon\u201d"},"content":{"rendered":"<p><strong>Melella sobre La Libertad Avanza: \u201cTen\u00edan la bandera de la transparencia y la pisotearon<\/strong><\/p>\n<p>El gobernador Gustavo Melella renov\u00f3 sus expectativas sobre un triunfo de Fuerza Patria en las elecciones de octubre pr\u00f3ximo a nivel provincial y nacional, asegurando que el Gobierno de Javier Milei desconoce \u201cla vida cotidiana de los argentinos pero adem\u00e1s ten\u00edan la bandera de la transparencia y la verdad que la han pisoteado\u201d.<\/p>\n<p><a href=\"https:\/\/opinionpublica.com.ar\/index\/wp-content\/uploads\/2024\/05\/gustavo-melella-1.jpg\"><img fetchpriority=\"high\" decoding=\"async\" class=\"alignnone size-full wp-image-3114\" src=\"https:\/\/opinionpublica.com.ar\/index\/wp-content\/uploads\/2024\/05\/gustavo-melella-1.jpg\" alt=\"\" width=\"900\" height=\"640\" srcset=\"https:\/\/opinionpublica.com.ar\/index\/wp-content\/uploads\/2024\/05\/gustavo-melella-1.jpg 900w, https:\/\/opinionpublica.com.ar\/index\/wp-content\/uploads\/2024\/05\/gustavo-melella-1-300x213.jpg 300w, https:\/\/opinionpublica.com.ar\/index\/wp-content\/uploads\/2024\/05\/gustavo-melella-1-768x546.jpg 768w\" sizes=\"(max-width: 900px) 100vw, 900px\" \/><\/a><\/p>\n<p>El gobernador Gustavo Melella renov\u00f3 sus expectativas sobre un triunfo de Fuerza Patria en las elecciones de octubre pr\u00f3ximo a nivel provincial y nacional, asegurando que el resultado electoral del domingo \u00faltimo \u201ces una bocanada de esperanza que trae Fuerza Patria a lo largo y ancho de todo el pa\u00eds\u201d.<\/p>\n<p>&nbsp;<\/p>\n<p>\u201cEs una muy buena se\u00f1al para el pa\u00eds entero por m\u00e1s que la elecci\u00f3n haya sido en la provincia de Buenos Aires, el triunfo de Axel (Kicillof) y de Fuerza Patria pone un freno a las medidas del presidente Milei y de un Gobierno que lo \u00fanico que ha hecho en este tiempo es recortar y recortar con esa famosa motosierra\u201d, dijo el mandatario fueguino en declaraciones a INFO3 Noticias de R\u00edo Grande.<\/p>\n<p>&nbsp;<\/p>\n<p>En ese sentido, para Melella tuvo impacto en el electorado \u201crecortar a nuestros abuelos, a nuestros jubilados, a las personas con discapacidad, a la educaci\u00f3n p\u00fablica, a la salud p\u00fablica as\u00ed como frenar la industria nacional y abrir las importaciones\u201d.<\/p>\n<p>&nbsp;<\/p>\n<p>\u201cLo de anoche es una bocanada de esperanza que trae Fuerza Patria a lo largo y ancho de nuestro pa\u00eds, porque ahora en octubre es eso: o es Milei o es Fuerza Patria; es ese Gobierno que ajusta hasta hacer perder la esperanza a tanta gente o es la recuperaci\u00f3n a trav\u00e9s de Fuerza Patria como el espacio que est\u00e1 a favor de la industria nacional, del empleo, de los jubilados, de la universidad p\u00fablica, de las personas con discapacidad y de valorar un hospital como el Garrahan\u201d, afirm\u00f3.<\/p>\n<p>&nbsp;<\/p>\n<p>Melella puso en valor \u201cel esfuerzo de Axel (Kicillof) y todo Fuerza Patria porque se logr\u00f3 la unidad que trajo el triunfo tremendo en la Provincia de Buenos Aires\u201d, entendiendo que los resultados de esa elecci\u00f3n se replicar\u00e1n en el resto de las provincias.<\/p>\n<p>&nbsp;<\/p>\n<p>\u201cEs una elecci\u00f3n nacional de modelo de pa\u00eds y no de si un Intendente o un Gobernador es bueno o es malo, y hay dos modelos claramente: uno es el modelo de la motosierra de Milei y el ajuste sobre los jubilados y la represi\u00f3n, as\u00ed como los recortes sobre la salud p\u00fablica, la educaci\u00f3n y la obra p\u00fablica o es Fuerza Patria con esta idea que siempre se llevan adelante de defender a los jubilados, defender las universidades, la educaci\u00f3n y la salud p\u00fablica, la obra p\u00fablica como motor de trabajo\u201d, ratific\u00f3.<\/p>\n<p>&nbsp;<\/p>\n<p>Por \u00faltimo, consultado si la aparici\u00f3n de audios que involucran a Karina Milei y un presunto caso de corrupci\u00f3n a trav\u00e9s de la Agencia Nacional de Discapacidad tuvieron impacto entre los bonaerenses, Melella record\u00f3 que \u201ceste es un Gobierno que lo \u00fanico que habla es de la microeconom\u00eda, porque no habla de la vida cotidiana de los argentinos y argentinas, y la otra bandera que ten\u00edan era la transparencia y la verdad que la han pisoteado\u201d.<\/p>\n<p>&nbsp;<\/p>\n<p>\u201cMe pongo en el lugar de tantos vecinos y vecinas que votaron a Milei por ese discurso de la transparencia y los defraud\u00f3, porque es una gran mentira, entonces realmente imagino que debe doler mucho. Creo que influy\u00f3 much\u00edsimo (en las elecciones) y va a seguir influyendo porque por m\u00e1s que lo quieran tapar la realidad es otra\u201d, cerr\u00f3.<\/p>\n","protected":false},"excerpt":{"rendered":"<p>Melella sobre La Libertad Avanza: \u201cTen\u00edan la bandera de la transparencia y la pisotearon El gobernador Gustavo Melella<\/p>\n","protected":false},"author":5,"featured_media":3414,"comment_status":"open","ping_status":"open","sticky":false,"template":"","format":"standard","meta":{"footnotes":""},"categories":[27,2],"tags":[3834,3742,134,692,757],"class_list":["post-11034","post","type-post","status-publish","format-standard","has-post-thumbnail","hentry","category-politica","category-tierra-del-fuego","tag-elecciones-bonaerenses","tag-fuerza-patria","tag-gustavo-melella","tag-javier-milei","tag-la-libertad-avanza"],"featured_image_urls":{"full":["https:\/\/opinionpublica.com.ar\/index\/wp-content\/uploads\/2024\/05\/melella-1.jpg",1280,720,false],"thumbnail":["https:\/\/opinionpublica.com.ar\/index\/wp-content\/uploads\/2024\/05\/melella-1-150x150.jpg",150,150,true],"medium":["https:\/\/opinionpublica.com.ar\/index\/wp-content\/uploads\/2024\/05\/melella-1-300x169.jpg",300,169,true],"medium_large":["https:\/\/opinionpublica.com.ar\/index\/wp-content\/uploads\/2024\/05\/melella-1-768x432.jpg",640,360,true],"large":["https:\/\/opinionpublica.com.ar\/index\/wp-content\/uploads\/2024\/05\/melella-1-1024x576.jpg",640,360,true],"1536x1536":["https:\/\/opinionpublica.com.ar\/index\/wp-content\/uploads\/2024\/05\/melella-1.jpg",1280,720,false],"2048x2048":["https:\/\/opinionpublica.com.ar\/index\/wp-content\/uploads\/2024\/05\/melella-1.jpg",1280,720,false],"morenews-large":["https:\/\/opinionpublica.com.ar\/index\/wp-content\/uploads\/2024\/05\/melella-1-825x575.jpg",825,575,true],"morenews-medium":["https:\/\/opinionpublica.com.ar\/index\/wp-content\/uploads\/2024\/05\/melella-1-590x410.jpg",590,410,true]},"author_info":{"display_name":"Hal","author_link":"https:\/\/opinionpublica.com.ar\/index\/author\/hal\/"},"category_info":"<a href=\"https:\/\/opinionpublica.com.ar\/index\/category\/politica\/\" rel=\"category tag\">Politica<\/a> <a href=\"https:\/\/opinionpublica.com.ar\/index\/category\/tierra-del-fuego\/\" rel=\"category tag\">Tierra del Fuego<\/a>","tag_info":"Tierra del Fuego","comment_count":"0","_links":{"self":[{"href":"https:\/\/opinionpublica.com.ar\/index\/wp-json\/wp\/v2\/posts\/11034","targetHints":{"allow":["GET"]}}],"collection":[{"href":"https:\/\/opinionpublica.com.ar\/index\/wp-json\/wp\/v2\/posts"}],"about":[{"href":"https:\/\/opinionpublica.com.ar\/index\/wp-json\/wp\/v2\/types\/post"}],"author":[{"embeddable":true,"href":"https:\/\/opinionpublica.com.ar\/index\/wp-json\/wp\/v2\/users\/5"}],"replies":[{"embeddable":true,"href":"https:\/\/opinionpublica.com.ar\/index\/wp-json\/wp\/v2\/comments?post=11034"}],"version-history":[{"count":2,"href":"https:\/\/opinionpublica.com.ar\/index\/wp-json\/wp\/v2\/posts\/11034\/revisions"}],"predecessor-version":[{"id":11036,"href":"https:\/\/opinionpublica.com.ar\/index\/wp-json\/wp\/v2\/posts\/11034\/revisions\/11036"}],"wp:featuredmedia":[{"embeddable":true,"href":"https:\/\/opinionpublica.com.ar\/index\/wp-json\/wp\/v2\/media\/3414"}],"wp:attachment":[{"href":"https:\/\/opinionpublica.com.ar\/index\/wp-json\/wp\/v2\/media?parent=11034"}],"wp:term":[{"taxonomy":"category","embeddable":true,"href":"https:\/\/opinionpublica.com.ar\/index\/wp-json\/wp\/v2\/categories?post=11034"},{"taxonomy":"post_tag","embeddable":true,"href":"https:\/\/opinionpublica.com.ar\/index\/wp-json\/wp\/v2\/tags?post=11034"}],"curies":[{"name":"wp","href":"https:\/\/api.w.org\/{rel}","templated":true}]}}