{"id":11037,"date":"2025-09-09T06:37:14","date_gmt":"2025-09-09T09:37:14","guid":{"rendered":"https:\/\/opinionpublica.com.ar\/index\/?p=11037"},"modified":"2025-09-09T06:37:14","modified_gmt":"2025-09-09T09:37:14","slug":"criticas-al-silencio-oficial-sobre-los-profundos-problemas-de-los-fueguinos","status":"publish","type":"post","link":"https:\/\/opinionpublica.com.ar\/index\/criticas-al-silencio-oficial-sobre-los-profundos-problemas-de-los-fueguinos\/","title":{"rendered":"Cr\u00edticas al \u201csilencio oficial\u201d sobre los profundos problemas de los fueguinos"},"content":{"rendered":"<p><strong>Cr\u00edticas al \u201csilencio oficial\u201d sobre los profundos problemas de los fueguinos<\/strong><\/p>\n<p>En medio de la campa\u00f1a electoral, los candidatos a senadores Gast\u00f3n D\u00edaz y Ana Paula Cejas, de Defendamos Tierra del Fuego, cuestionaron el mutismo del Gobierno provincial ante la crisis energ\u00e9tica, la falta de empleo y el colapso del sistema de salud.<\/p>\n<p><a href=\"https:\/\/opinionpublica.com.ar\/index\/wp-content\/uploads\/2024\/03\/Gaston-diaz-1.jpg\"><img fetchpriority=\"high\" decoding=\"async\" class=\"alignnone size-full wp-image-1145\" src=\"https:\/\/opinionpublica.com.ar\/index\/wp-content\/uploads\/2024\/03\/Gaston-diaz-1.jpg\" alt=\"\" width=\"1024\" height=\"759\" srcset=\"https:\/\/opinionpublica.com.ar\/index\/wp-content\/uploads\/2024\/03\/Gaston-diaz-1.jpg 1024w, https:\/\/opinionpublica.com.ar\/index\/wp-content\/uploads\/2024\/03\/Gaston-diaz-1-300x222.jpg 300w, https:\/\/opinionpublica.com.ar\/index\/wp-content\/uploads\/2024\/03\/Gaston-diaz-1-768x569.jpg 768w\" sizes=\"(max-width: 1024px) 100vw, 1024px\" \/><\/a><\/p>\n<p>Mientras la campa\u00f1a electoral de cara a las elecciones legislativas del 26 de octubre avanza, el debate en Tierra del Fuego parece estar m\u00e1s enfocado en las disputas pol\u00edticas nacionales que en los problemas estructurales de la provincia. As\u00ed lo se\u00f1alaron en una entrevista que brindaron en Radio Provincia de esta ciudad, Gast\u00f3n D\u00edaz y Ana Paula Cejas, candidatos a senadores por Defendamos Tierra del Fuego, quienes criticaron abiertamente al Gobierno provincial por su falta de autocr\u00edtica y su ausencia de respuestas ante las urgencias de la ciudadan\u00eda.<\/p>\n<p>&nbsp;<\/p>\n<p>\u201cLo que la gente pregunta es por la energ\u00eda que falta, por un sistema de salud colapsado, por las escuelas en mal estado y por la falta de empleo. Pero de eso no se habla. Hay dirigentes que prefieren refugiarse en un sello nacional antes que dar la cara por la gesti\u00f3n local\u201d, afirm\u00f3 D\u00edaz. El candidato fue incisivo al se\u00f1alar que la gesti\u00f3n local evita rendir cuentas sobre el uso de los fondos p\u00fablicos, en especial los provenientes del Fondo para la Ampliaci\u00f3n de la Matriz Productiva (FAMP), que deber\u00eda destinarse a obras de desarrollo. \u201cNo hay informaci\u00f3n, no hay obras y no hay planificaci\u00f3n\u201d, advirti\u00f3.<\/p>\n<p>&nbsp;<\/p>\n<p>Por su parte, Ana Paula Cejas puso el acento en la grave situaci\u00f3n energ\u00e9tica que padece la isla. \u201cSin energ\u00eda, no hay futuro industrial ni tur\u00edstico. No podemos seguir atados a la improvisaci\u00f3n\u201d, sentenci\u00f3, destacando que la falta de un plan energ\u00e9tico claro se ha convertido en uno de los principales obst\u00e1culos para el crecimiento y la diversificaci\u00f3n de la matriz productiva.<\/p>\n<p>&nbsp;<\/p>\n<p>Los candidatos de Defendamos Tierra del Fuego diferenciaron su espacio con una postura clara y directa. \u201cNosotros no tenemos jefes pol\u00edticos en Buenos Aires. Nadie nos va a condicionar con llamados desde la Rosada. Nuestro compromiso es con Ushuaia, Tolhuin y R\u00edo Grande\u201d, sostuvo D\u00edaz. Con este mensaje, buscan posicionarse como una alternativa local que no se esconde detr\u00e1s de las banderas nacionales para eludir la responsabilidad de la gesti\u00f3n provincial.<\/p>\n<p>&nbsp;<\/p>\n","protected":false},"excerpt":{"rendered":"<p>Cr\u00edticas al \u201csilencio oficial\u201d sobre los profundos problemas de los fueguinos En medio de la campa\u00f1a electoral, los<\/p>\n","protected":false},"author":5,"featured_media":11038,"comment_status":"open","ping_status":"open","sticky":false,"template":"","format":"standard","meta":{"footnotes":""},"categories":[27,2],"tags":[697,370],"class_list":["post-11037","post","type-post","status-publish","format-standard","has-post-thumbnail","hentry","category-politica","category-tierra-del-fuego","tag-elecciones-2025","tag-gaston-diaz"],"featured_image_urls":{"full":["https:\/\/opinionpublica.com.ar\/index\/wp-content\/uploads\/2025\/09\/gaston-diaz-perfil.jpg",1500,1041,false],"thumbnail":["https:\/\/opinionpublica.com.ar\/index\/wp-content\/uploads\/2025\/09\/gaston-diaz-perfil-150x150.jpg",150,150,true],"medium":["https:\/\/opinionpublica.com.ar\/index\/wp-content\/uploads\/2025\/09\/gaston-diaz-perfil-300x208.jpg",300,208,true],"medium_large":["https:\/\/opinionpublica.com.ar\/index\/wp-content\/uploads\/2025\/09\/gaston-diaz-perfil-768x533.jpg",640,444,true],"large":["https:\/\/opinionpublica.com.ar\/index\/wp-content\/uploads\/2025\/09\/gaston-diaz-perfil-1024x711.jpg",640,444,true],"1536x1536":["https:\/\/opinionpublica.com.ar\/index\/wp-content\/uploads\/2025\/09\/gaston-diaz-perfil.jpg",1500,1041,false],"2048x2048":["https:\/\/opinionpublica.com.ar\/index\/wp-content\/uploads\/2025\/09\/gaston-diaz-perfil.jpg",1500,1041,false],"morenews-large":["https:\/\/opinionpublica.com.ar\/index\/wp-content\/uploads\/2025\/09\/gaston-diaz-perfil-825x575.jpg",825,575,true],"morenews-medium":["https:\/\/opinionpublica.com.ar\/index\/wp-content\/uploads\/2025\/09\/gaston-diaz-perfil-590x410.jpg",590,410,true]},"author_info":{"display_name":"Hal","author_link":"https:\/\/opinionpublica.com.ar\/index\/author\/hal\/"},"category_info":"<a href=\"https:\/\/opinionpublica.com.ar\/index\/category\/politica\/\" rel=\"category tag\">Politica<\/a> <a href=\"https:\/\/opinionpublica.com.ar\/index\/category\/tierra-del-fuego\/\" rel=\"category tag\">Tierra del Fuego<\/a>","tag_info":"Tierra del Fuego","comment_count":"0","_links":{"self":[{"href":"https:\/\/opinionpublica.com.ar\/index\/wp-json\/wp\/v2\/posts\/11037","targetHints":{"allow":["GET"]}}],"collection":[{"href":"https:\/\/opinionpublica.com.ar\/index\/wp-json\/wp\/v2\/posts"}],"about":[{"href":"https:\/\/opinionpublica.com.ar\/index\/wp-json\/wp\/v2\/types\/post"}],"author":[{"embeddable":true,"href":"https:\/\/opinionpublica.com.ar\/index\/wp-json\/wp\/v2\/users\/5"}],"replies":[{"embeddable":true,"href":"https:\/\/opinionpublica.com.ar\/index\/wp-json\/wp\/v2\/comments?post=11037"}],"version-history":[{"count":1,"href":"https:\/\/opinionpublica.com.ar\/index\/wp-json\/wp\/v2\/posts\/11037\/revisions"}],"predecessor-version":[{"id":11039,"href":"https:\/\/opinionpublica.com.ar\/index\/wp-json\/wp\/v2\/posts\/11037\/revisions\/11039"}],"wp:featuredmedia":[{"embeddable":true,"href":"https:\/\/opinionpublica.com.ar\/index\/wp-json\/wp\/v2\/media\/11038"}],"wp:attachment":[{"href":"https:\/\/opinionpublica.com.ar\/index\/wp-json\/wp\/v2\/media?parent=11037"}],"wp:term":[{"taxonomy":"category","embeddable":true,"href":"https:\/\/opinionpublica.com.ar\/index\/wp-json\/wp\/v2\/categories?post=11037"},{"taxonomy":"post_tag","embeddable":true,"href":"https:\/\/opinionpublica.com.ar\/index\/wp-json\/wp\/v2\/tags?post=11037"}],"curies":[{"name":"wp","href":"https:\/\/api.w.org\/{rel}","templated":true}]}}