{"id":11040,"date":"2025-09-09T06:46:35","date_gmt":"2025-09-09T09:46:35","guid":{"rendered":"https:\/\/opinionpublica.com.ar\/index\/?p=11040"},"modified":"2025-09-09T06:46:35","modified_gmt":"2025-09-09T09:46:35","slug":"ultimatum-de-nacion-a-melella-por-el-vaciamento-de-recursos-del-puerto-de-ushuaia","status":"publish","type":"post","link":"https:\/\/opinionpublica.com.ar\/index\/ultimatum-de-nacion-a-melella-por-el-vaciamento-de-recursos-del-puerto-de-ushuaia\/","title":{"rendered":"Ultim\u00e1tum de Naci\u00f3n a Melella por el vaciamento de recursos del puerto de Ushuaia"},"content":{"rendered":"<p><strong>Ultim\u00e1tum de Naci\u00f3n a Melella por el vaciamento de recursos del puerto de Ushuaia<\/strong><\/p>\n<p>La nota firmada por el Director Ejecutivo de la ANPN fue elevada el viernes 5 de septiembre y refiere a la denuncia presentada por el titular del sindicato Ferroviario, emplazando al Poder Ejecutivo fueguino para efectuar su descargo \u00aben el plazo improrrogable de cinco d\u00edas\u00bb.<\/p>\n<p><a href=\"https:\/\/opinionpublica.com.ar\/index\/wp-content\/uploads\/2025\/09\/f400x225-132813_145688_142.jpg\"><img fetchpriority=\"high\" decoding=\"async\" class=\"alignnone size-full wp-image-11041\" src=\"https:\/\/opinionpublica.com.ar\/index\/wp-content\/uploads\/2025\/09\/f400x225-132813_145688_142.jpg\" alt=\"\" width=\"400\" height=\"225\" srcset=\"https:\/\/opinionpublica.com.ar\/index\/wp-content\/uploads\/2025\/09\/f400x225-132813_145688_142.jpg 400w, https:\/\/opinionpublica.com.ar\/index\/wp-content\/uploads\/2025\/09\/f400x225-132813_145688_142-300x169.jpg 300w\" sizes=\"(max-width: 400px) 100vw, 400px\" \/><\/a><\/p>\n<p>&nbsp;<\/p>\n<p>La Agencia Nacional de Puertos y Navegaci\u00f3n intim\u00f3 al gobierno de Tierra del Fuego a responder sobre la sanci\u00f3n de la Ley provincial N\u00b0 1596, que dispone el financiamiento de la Obra Social del Estado Fueguino (\u201cOSEF\u201d) con los fondos de la Direcci\u00f3n Provincial de Puertos (DPP), que tiene a cargo la administraci\u00f3n del Puerto de Ushuaia.<\/p>\n<p>&nbsp;<\/p>\n<p>Mediante una nota fechada el 5 de septiembre 2025 firmada por el Director Ejecutivo del organismo I\u00f1aki Arreysegor, se hace referencia a la denuncia al respecto formulada por Juan Avellaneda, Secretario General de sindicato Uni\u00f3n de Personal Superior Ferroviario, seccional Tierra del Fuego.<\/p>\n<p>&nbsp;<\/p>\n<p>Se intima al Ejecutivo fueguino a efectuar un descargo \u00aben el plazo improrrogable de cinco d\u00edas\u00bb a partir de recibida la nota, \u00aby\/o<\/p>\n<p>llevar a cabo las medidas correspondientes para dar cabal cumplimiento\u00bb con la cl\u00e1usula s\u00e9ptima del Convenio portuario.<\/p>\n<p>&nbsp;<\/p>\n<p>Ello \u00abatento el incumplimiento en el que incurre la Provincia de Tierra del Fuego, Ant\u00e1rtida e Islas del Atl\u00e1ntico Sur, la gravedad de la falta y las consecuencias que de ello se derivan no solo para la actividad portuaria del Puerto de Ushuaia, sino tambi\u00e9n para la Rep\u00fablica Argentina\u00bb.<\/p>\n<p>&nbsp;<\/p>\n<p>Se evoca la Ley 24.093 que regula la actividad portuaria, referida al art\u00edculo 11 donde se estableci\u00f3 el tratamiento aplicable a la transferencia de los puertos a las provincias.<\/p>\n<p>&nbsp;<\/p>\n<p>En cuanto a la cl\u00e1usula s\u00e9ptima, refiere que se estableci\u00f3 como obligaci\u00f3n que \u201clos ingresos del puerto ser\u00e1n contabilizados independientemente de rentas generales provinciales y ser\u00e1n aplicados exclusivamente para cubrir gastos de administraci\u00f3n, operaci\u00f3n, capacitaci\u00f3n e inversiones relacionadas con la actividad portuaria que tiendan a asegurar una mayor eficiencia optimizando los costos y tarifas en beneficio del comercio interior y exterior.\u201d<\/p>\n<p>&nbsp;<\/p>\n<p>La nota fue dirigida al gobernador Gustavo Melella, con copia a la vicegobernadora M\u00f3nica Urquiza, el Jefe de Gabinete Agust\u00edn Tita, el presidente de la DPP Roberto Murcia y el vice Miguel Angel Ramirez, entre otros funcionarios provinciales.<\/p>\n","protected":false},"excerpt":{"rendered":"<p>Ultim\u00e1tum de Naci\u00f3n a Melella por el vaciamento de recursos del puerto de Ushuaia La nota firmada por<\/p>\n","protected":false},"author":5,"featured_media":985,"comment_status":"open","ping_status":"open","sticky":false,"template":"","format":"standard","meta":{"footnotes":""},"categories":[2],"tags":[3835,134,317],"class_list":["post-11040","post","type-post","status-publish","format-standard","has-post-thumbnail","hentry","category-tierra-del-fuego","tag-agencia-nacional-de-puertos","tag-gustavo-melella","tag-osef"],"featured_image_urls":{"full":["https:\/\/opinionpublica.com.ar\/index\/wp-content\/uploads\/2024\/03\/OSEF-RG-2-1200x480-1.jpg",1200,480,false],"thumbnail":["https:\/\/opinionpublica.com.ar\/index\/wp-content\/uploads\/2024\/03\/OSEF-RG-2-1200x480-1-150x150.jpg",150,150,true],"medium":["https:\/\/opinionpublica.com.ar\/index\/wp-content\/uploads\/2024\/03\/OSEF-RG-2-1200x480-1-300x120.jpg",300,120,true],"medium_large":["https:\/\/opinionpublica.com.ar\/index\/wp-content\/uploads\/2024\/03\/OSEF-RG-2-1200x480-1-768x307.jpg",640,256,true],"large":["https:\/\/opinionpublica.com.ar\/index\/wp-content\/uploads\/2024\/03\/OSEF-RG-2-1200x480-1-1024x410.jpg",640,256,true],"1536x1536":["https:\/\/opinionpublica.com.ar\/index\/wp-content\/uploads\/2024\/03\/OSEF-RG-2-1200x480-1.jpg",1200,480,false],"2048x2048":["https:\/\/opinionpublica.com.ar\/index\/wp-content\/uploads\/2024\/03\/OSEF-RG-2-1200x480-1.jpg",1200,480,false],"morenews-large":["https:\/\/opinionpublica.com.ar\/index\/wp-content\/uploads\/2024\/03\/OSEF-RG-2-1200x480-1-825x480.jpg",825,480,true],"morenews-medium":["https:\/\/opinionpublica.com.ar\/index\/wp-content\/uploads\/2024\/03\/OSEF-RG-2-1200x480-1-590x410.jpg",590,410,true]},"author_info":{"display_name":"Hal","author_link":"https:\/\/opinionpublica.com.ar\/index\/author\/hal\/"},"category_info":"<a href=\"https:\/\/opinionpublica.com.ar\/index\/category\/tierra-del-fuego\/\" rel=\"category tag\">Tierra del Fuego<\/a>","tag_info":"Tierra del Fuego","comment_count":"0","_links":{"self":[{"href":"https:\/\/opinionpublica.com.ar\/index\/wp-json\/wp\/v2\/posts\/11040","targetHints":{"allow":["GET"]}}],"collection":[{"href":"https:\/\/opinionpublica.com.ar\/index\/wp-json\/wp\/v2\/posts"}],"about":[{"href":"https:\/\/opinionpublica.com.ar\/index\/wp-json\/wp\/v2\/types\/post"}],"author":[{"embeddable":true,"href":"https:\/\/opinionpublica.com.ar\/index\/wp-json\/wp\/v2\/users\/5"}],"replies":[{"embeddable":true,"href":"https:\/\/opinionpublica.com.ar\/index\/wp-json\/wp\/v2\/comments?post=11040"}],"version-history":[{"count":1,"href":"https:\/\/opinionpublica.com.ar\/index\/wp-json\/wp\/v2\/posts\/11040\/revisions"}],"predecessor-version":[{"id":11042,"href":"https:\/\/opinionpublica.com.ar\/index\/wp-json\/wp\/v2\/posts\/11040\/revisions\/11042"}],"wp:featuredmedia":[{"embeddable":true,"href":"https:\/\/opinionpublica.com.ar\/index\/wp-json\/wp\/v2\/media\/985"}],"wp:attachment":[{"href":"https:\/\/opinionpublica.com.ar\/index\/wp-json\/wp\/v2\/media?parent=11040"}],"wp:term":[{"taxonomy":"category","embeddable":true,"href":"https:\/\/opinionpublica.com.ar\/index\/wp-json\/wp\/v2\/categories?post=11040"},{"taxonomy":"post_tag","embeddable":true,"href":"https:\/\/opinionpublica.com.ar\/index\/wp-json\/wp\/v2\/tags?post=11040"}],"curies":[{"name":"wp","href":"https:\/\/api.w.org\/{rel}","templated":true}]}}