{"id":11043,"date":"2025-09-09T06:56:56","date_gmt":"2025-09-09T09:56:56","guid":{"rendered":"https:\/\/opinionpublica.com.ar\/index\/?p=11043"},"modified":"2025-09-09T06:56:56","modified_gmt":"2025-09-09T09:56:56","slug":"gano-karina-no-hay-cambios-de-gabinete-y-siguen-los-menem","status":"publish","type":"post","link":"https:\/\/opinionpublica.com.ar\/index\/gano-karina-no-hay-cambios-de-gabinete-y-siguen-los-menem\/","title":{"rendered":"Gan\u00f3 Karina: no hay cambios de gabinete y siguen los Menem"},"content":{"rendered":"<p><strong>Gan\u00f3 Karina: no hay cambios de gabinete y siguen los Menem<\/strong><\/p>\n<p>Tras la paliza en la provincia, el gobierno anunci\u00f3 que crea una mesa pol\u00edtica que ya exist\u00eda. Santiago entr\u00f3 en shock.<\/p>\n<p><a href=\"https:\/\/opinionpublica.com.ar\/index\/wp-content\/uploads\/2025\/09\/68bf9a34c07ce-screen-and-max-width768px_768_1024.jpg\"><img fetchpriority=\"high\" decoding=\"async\" class=\"alignnone size-full wp-image-11044\" src=\"https:\/\/opinionpublica.com.ar\/index\/wp-content\/uploads\/2025\/09\/68bf9a34c07ce-screen-and-max-width768px_768_1024.jpg\" alt=\"\" width=\"768\" height=\"1024\" srcset=\"https:\/\/opinionpublica.com.ar\/index\/wp-content\/uploads\/2025\/09\/68bf9a34c07ce-screen-and-max-width768px_768_1024.jpg 768w, https:\/\/opinionpublica.com.ar\/index\/wp-content\/uploads\/2025\/09\/68bf9a34c07ce-screen-and-max-width768px_768_1024-225x300.jpg 225w\" sizes=\"(max-width: 768px) 100vw, 768px\" \/><\/a><\/p>\n<p>Karina Milei se impuso a su hermano y el gobierno no anunci\u00f3 cambios de gabinete tras la paliza que recibi\u00f3 en las elecciones bonaerenses. Karina se impuso a Milei que quer\u00eda al menos echar a Lule Menem, con una frase terminante: \u00abYo no entrego a mi gente, sigo con ellos hasta el final\u00bb.<\/p>\n<p>&nbsp;<\/p>\n<p>Luego de dos reuniones de gabinete en la que se esperaba que Milei anunciara cambios de ministros o al menos la ca\u00edda de Lule Menem, el portavoz Adorni anunci\u00f3 que crear\u00e1n una \u00abmesa pol\u00edtica\u00bb que ya exist\u00eda. Adem\u00e1s convocaron al di\u00e1logo a los gobernadores, luego de encadenar una serie de derrotas catastr\u00f3ficas en el Congreso. El santafesino Maxi Pullaro tard\u00f3 menos de una hora en rechazar la invitaci\u00f3n por Twitter.<\/p>\n<p>&nbsp;<\/p>\n<p>La mesa la integrar\u00e1 Milei junto a su hermana, Guillermo Francos, Santiago Caputo, Patricia Bullrich, Mart\u00edn Menem y el propio Adorni. Es la misma mesa que ya se juntaba todos los martes desde hace meses. Y por m\u00e1s nombres que falten o sobren, que un pu\u00f1ado de ministros se junten a hablar de pol\u00edtica es lo que deber\u00eda ocurrir en cualquier gobierno.<\/p>\n<p style=\"text-align: left;\"><a href=\"https:\/\/opinionpublica.com.ar\/index\/wp-content\/uploads\/2025\/09\/TIRHISR3ZJCGHFWKYRT6W7QWNE.jpg\"><img decoding=\"async\" class=\"alignnone size-full wp-image-11013\" src=\"https:\/\/opinionpublica.com.ar\/index\/wp-content\/uploads\/2025\/09\/TIRHISR3ZJCGHFWKYRT6W7QWNE.jpg\" alt=\"\" width=\"345\" height=\"258\" srcset=\"https:\/\/opinionpublica.com.ar\/index\/wp-content\/uploads\/2025\/09\/TIRHISR3ZJCGHFWKYRT6W7QWNE.jpg 345w, https:\/\/opinionpublica.com.ar\/index\/wp-content\/uploads\/2025\/09\/TIRHISR3ZJCGHFWKYRT6W7QWNE-300x224.jpg 300w\" sizes=\"(max-width: 345px) 100vw, 345px\" \/><\/a><\/p>\n<p>Como anticip\u00f3 LPO, tras un lunes sangriento en el mercado, se esperaban cambios para evitar que siga la debacle. \u00abJavier tiene 72 horas para hacer los cambios, despu\u00e9s nos lleva puesto el mercado\u00bb, dijo a este medio un funcionario del ala econ\u00f3mica.<\/p>\n<p>&nbsp;<\/p>\n<p>Yo no entrego a mi gente, sigo con ellos hasta el final.<\/p>\n<p>&nbsp;<\/p>\n<p>Santiago Caputo entr\u00f3 en shock con el anuncio de la mesa. Como anticip\u00f3 LPO, ten\u00eda una propuesta de \u00abunidad nacional\u00bb para rearmar el gabinete, que inclu\u00eda aliados del PRO y del peronismo antikirchnerista. Y por sobre todo, buscaba la salida de los Menem.<\/p>\n<p>&nbsp;<\/p>\n<p>La mesa recuerda a las crisis que atraves\u00f3 el macrismo, que intentaba surfearlas con reuniones multitudinarias de funcionarios. Y confirma ademeas que no hay decisi\u00f3n de parte del presidente y que no puede enfrentar a su hermana, que como anticip\u00f3 LPO no la pudo convencer de echar a Lule. \u00abEs la Mesa con Hambre\u00bb, ironizaron en el gobierno.<\/p>\n<p>&nbsp;<\/p>\n<p>En el gobierno hay bronca con un encuestador que visita Olivos con frecuencia, que le hizo decir a Milei que hab\u00eda un empate t\u00e9cnico con el peronismo.<\/p>\n","protected":false},"excerpt":{"rendered":"<p>Gan\u00f3 Karina: no hay cambios de gabinete y siguen los Menem Tras la paliza en la provincia, el<\/p>\n","protected":false},"author":5,"featured_media":11044,"comment_status":"open","ping_status":"open","sticky":false,"template":"","format":"standard","meta":{"footnotes":""},"categories":[3],"tags":[3794,692,693],"class_list":["post-11043","post","type-post","status-publish","format-standard","has-post-thumbnail","hentry","category-nacionales","tag-eduardo-lule-menem","tag-javier-milei","tag-karina-milei"],"featured_image_urls":{"full":["https:\/\/opinionpublica.com.ar\/index\/wp-content\/uploads\/2025\/09\/68bf9a34c07ce-screen-and-max-width768px_768_1024.jpg",768,1024,false],"thumbnail":["https:\/\/opinionpublica.com.ar\/index\/wp-content\/uploads\/2025\/09\/68bf9a34c07ce-screen-and-max-width768px_768_1024-150x150.jpg",150,150,true],"medium":["https:\/\/opinionpublica.com.ar\/index\/wp-content\/uploads\/2025\/09\/68bf9a34c07ce-screen-and-max-width768px_768_1024-225x300.jpg",225,300,true],"medium_large":["https:\/\/opinionpublica.com.ar\/index\/wp-content\/uploads\/2025\/09\/68bf9a34c07ce-screen-and-max-width768px_768_1024.jpg",640,853,false],"large":["https:\/\/opinionpublica.com.ar\/index\/wp-content\/uploads\/2025\/09\/68bf9a34c07ce-screen-and-max-width768px_768_1024.jpg",640,853,false],"1536x1536":["https:\/\/opinionpublica.com.ar\/index\/wp-content\/uploads\/2025\/09\/68bf9a34c07ce-screen-and-max-width768px_768_1024.jpg",768,1024,false],"2048x2048":["https:\/\/opinionpublica.com.ar\/index\/wp-content\/uploads\/2025\/09\/68bf9a34c07ce-screen-and-max-width768px_768_1024.jpg",768,1024,false],"morenews-large":["https:\/\/opinionpublica.com.ar\/index\/wp-content\/uploads\/2025\/09\/68bf9a34c07ce-screen-and-max-width768px_768_1024-768x575.jpg",768,575,true],"morenews-medium":["https:\/\/opinionpublica.com.ar\/index\/wp-content\/uploads\/2025\/09\/68bf9a34c07ce-screen-and-max-width768px_768_1024-590x410.jpg",590,410,true]},"author_info":{"display_name":"Hal","author_link":"https:\/\/opinionpublica.com.ar\/index\/author\/hal\/"},"category_info":"<a href=\"https:\/\/opinionpublica.com.ar\/index\/category\/nacionales\/\" rel=\"category tag\">Nacionales<\/a>","tag_info":"Nacionales","comment_count":"0","_links":{"self":[{"href":"https:\/\/opinionpublica.com.ar\/index\/wp-json\/wp\/v2\/posts\/11043","targetHints":{"allow":["GET"]}}],"collection":[{"href":"https:\/\/opinionpublica.com.ar\/index\/wp-json\/wp\/v2\/posts"}],"about":[{"href":"https:\/\/opinionpublica.com.ar\/index\/wp-json\/wp\/v2\/types\/post"}],"author":[{"embeddable":true,"href":"https:\/\/opinionpublica.com.ar\/index\/wp-json\/wp\/v2\/users\/5"}],"replies":[{"embeddable":true,"href":"https:\/\/opinionpublica.com.ar\/index\/wp-json\/wp\/v2\/comments?post=11043"}],"version-history":[{"count":1,"href":"https:\/\/opinionpublica.com.ar\/index\/wp-json\/wp\/v2\/posts\/11043\/revisions"}],"predecessor-version":[{"id":11045,"href":"https:\/\/opinionpublica.com.ar\/index\/wp-json\/wp\/v2\/posts\/11043\/revisions\/11045"}],"wp:featuredmedia":[{"embeddable":true,"href":"https:\/\/opinionpublica.com.ar\/index\/wp-json\/wp\/v2\/media\/11044"}],"wp:attachment":[{"href":"https:\/\/opinionpublica.com.ar\/index\/wp-json\/wp\/v2\/media?parent=11043"}],"wp:term":[{"taxonomy":"category","embeddable":true,"href":"https:\/\/opinionpublica.com.ar\/index\/wp-json\/wp\/v2\/categories?post=11043"},{"taxonomy":"post_tag","embeddable":true,"href":"https:\/\/opinionpublica.com.ar\/index\/wp-json\/wp\/v2\/tags?post=11043"}],"curies":[{"name":"wp","href":"https:\/\/api.w.org\/{rel}","templated":true}]}}