{"id":11046,"date":"2025-09-09T07:03:53","date_gmt":"2025-09-09T10:03:53","guid":{"rendered":"https:\/\/opinionpublica.com.ar\/index\/?p=11046"},"modified":"2025-09-09T07:03:53","modified_gmt":"2025-09-09T10:03:53","slug":"en-el-gobierno-estiman-que-milei-tiene-72-horas-para-anunciar-cambios","status":"publish","type":"post","link":"https:\/\/opinionpublica.com.ar\/index\/en-el-gobierno-estiman-que-milei-tiene-72-horas-para-anunciar-cambios\/","title":{"rendered":"En el Gobierno estiman que Milei tiene 72 horas para anunciar cambios"},"content":{"rendered":"<p><strong>En el Gobierno estiman que Milei tiene 72 horas para anunciar cambios, antes que el mercado se los lleve puestos<\/strong><\/p>\n<p>Mientras tanto, Toto Caputo insiste en que no hay crisis econ\u00f3mica porque el d\u00f3lar \u00abno se fue a 2.000 pesos\u00bb. \u00abTodo ruido pol\u00edtico\u00bb, justific\u00f3 el ministro.<\/p>\n<p><a href=\"https:\/\/opinionpublica.com.ar\/index\/wp-content\/uploads\/2025\/09\/68bf9501efdb7-screen-and-max-width480px_880_880.jpg\"><img fetchpriority=\"high\" decoding=\"async\" class=\"alignnone size-full wp-image-11047\" src=\"https:\/\/opinionpublica.com.ar\/index\/wp-content\/uploads\/2025\/09\/68bf9501efdb7-screen-and-max-width480px_880_880.jpg\" alt=\"\" width=\"880\" height=\"880\" srcset=\"https:\/\/opinionpublica.com.ar\/index\/wp-content\/uploads\/2025\/09\/68bf9501efdb7-screen-and-max-width480px_880_880.jpg 880w, https:\/\/opinionpublica.com.ar\/index\/wp-content\/uploads\/2025\/09\/68bf9501efdb7-screen-and-max-width480px_880_880-300x300.jpg 300w, https:\/\/opinionpublica.com.ar\/index\/wp-content\/uploads\/2025\/09\/68bf9501efdb7-screen-and-max-width480px_880_880-150x150.jpg 150w, https:\/\/opinionpublica.com.ar\/index\/wp-content\/uploads\/2025\/09\/68bf9501efdb7-screen-and-max-width480px_880_880-768x768.jpg 768w\" sizes=\"(max-width: 880px) 100vw, 880px\" \/><\/a><\/p>\n<p>\u00abJavier tiene 72 horas para hacer los cambios, despu\u00e9s nos lleva puesto el mercado\u00bb, afirma un funcionario del ala econ\u00f3mica. Este lunes tuvieron una primer muestra de un mercado muy nervioso que aceler\u00f3 a fondo la fuga hacia el d\u00f3lar y se llev\u00f3 puesta la intervenci\u00f3n de Toto Caputo.<\/p>\n<p>&nbsp;<\/p>\n<p>Muy golpeado, el ministro de Econom\u00eda repet\u00eda este lunes que \u00abno hay crisis econ\u00f3mica, es todo ruido pol\u00edtico\u00bb y pone como ejemplo que \u00abel d\u00f3lar no se fue a 2.000 pesos y las tasas no superaron los dos d\u00edgitos\u00bb. Un funcionario libertario lo sintetiz\u00f3 con crueldad: \u00abToto pide mirar el vaso medio lleno, aunque est\u00e9 a punto de volcarse\u00bb.<\/p>\n<p>&nbsp;<\/p>\n<p>El argumento no convence al mercado. Las 72 horas no son una cifra caprichosa. Son el resultado de un c\u00e1lculo fr\u00edo que circula en los grupos econ\u00f3micos: hasta d\u00f3nde puede seguir quemando d\u00f3lares Caputo. Se estima que al Tesoro le quedan poco m\u00e1s de USD 1.000 millones, luego ya tendr\u00eda que echar manoa las reservas \u00abalquiladas\u00bb del pr\u00e9stamo del FMI. \u00abSer\u00eda una se\u00f1al de game over\u00bb, afirm\u00f3 un analista de mercado consultado por LPO.<\/p>\n<p>&nbsp;<\/p>\n<p>Con un agravante, Econom\u00eda enfrenta en los pr\u00f3ximos d\u00edas vencimientos de deuda por montos similares a los d\u00f3lares que le quedan al Tesoro. Esto explica porque el riesgo pa\u00eds que mide la capacidad de pago, escal\u00f3 a la zona de los 1.000 puntos b\u00e1sicos, m\u00e1s del doble de lo necesario para volver a los mercados voluntarios de deuda.<\/p>\n<p>&nbsp;<\/p>\n<p>Las se\u00f1ales de la Casa Rosada no son las mejores, este lunes trascendi\u00f3 que Karina Milei no acepta echar a Lule Menem, emblema del caso de las coimas. \u00abEst\u00e1 trabando los cambios que exige el mercado y buena parte de la sociedad\u00bb, reconoci\u00f3 a LPO un dirigente libertario al tanto de las discusiones.<\/p>\n<p>&nbsp;<\/p>\n<p>Las 72 horas no son una cifra caprichosa. Son el resultado de un c\u00e1lculo fr\u00edo que circula en los grupos econ\u00f3micos: hasta d\u00f3nde puede seguir quemando d\u00f3lares Caputo.<\/p>\n<p>&nbsp;<\/p>\n<p>Por eso, la corrida no se calma. En las pizarras del Banco Naci\u00f3n cerr\u00f3 en $ 1.450, pero lleg\u00f3 a tocar los $1460, justo en el borde del techo de la banda. Mientras que las acciones argentinas que cotizan en Wall Street se hundieron. El Banco Franc\u00e9s se desplom\u00f3 un 20% y los papeles de YPF retrocedieron un 14%.<\/p>\n<p>&nbsp;<\/p>\n<p>Adem\u00e1s, Econom\u00eda enfrenta esta semana una licitaci\u00f3n cr\u00edtica: debe refinanciar $7,2 billones que vencen este mi\u00e9rcoles. Con tasas en alza y un mercado que ya huele sangre, la licitaci\u00f3n se transform\u00f3 en un test inmediato del da\u00f1o electoral.<\/p>\n<p>&nbsp;<\/p>\n<p>Pero el dato m\u00e1s inquietante est\u00e1 en los contratos a futuros: todos los vencimientos m\u00e1s all\u00e1 de octubre cotizan por encima del techo de la banda oficial. El mercado lee en esa se\u00f1al que el gobierno ya perdi\u00f3 el control de las expectativas y se descuenta una devaluaci\u00f3n, sin que haya acuerdo sobre su profundidad.<\/p>\n<p>&nbsp;<\/p>\n<p>En medio de esta tensi\u00f3n, se registraron episodios que despiertan sospechas. Este lunes se cay\u00f3 la plataforma de A3, donde se opera el d\u00f3lar spot. Las operaciones quedaron virtualmente paralizadas y el fantasma del cepo volvi\u00f3 a sobrevolar la City.<\/p>\n<p>&nbsp;<\/p>\n<p>El gabinete, mientras tanto, funciona en estado de asamblea permanente, una especie de sesi\u00f3n continua: funcionarios que van y vienen, cruzan pasillos, entran y salen de despachos buscando una s\u00edntesis que todav\u00eda no aparece.<\/p>\n<p style=\"text-align: left;\">\n","protected":false},"excerpt":{"rendered":"<p>En el Gobierno estiman que Milei tiene 72 horas para anunciar cambios, antes que el mercado se los<\/p>\n","protected":false},"author":5,"featured_media":11047,"comment_status":"open","ping_status":"open","sticky":false,"template":"","format":"standard","meta":{"footnotes":""},"categories":[3],"tags":[114,113,2914,692,2260],"class_list":["post-11046","post","type-post","status-publish","format-standard","has-post-thumbnail","hentry","category-nacionales","tag-cepo","tag-deuda","tag-devaluacion","tag-javier-milei","tag-luis-toto-caputo"],"featured_image_urls":{"full":["https:\/\/opinionpublica.com.ar\/index\/wp-content\/uploads\/2025\/09\/68bf9501efdb7-screen-and-max-width480px_880_880.jpg",880,880,false],"thumbnail":["https:\/\/opinionpublica.com.ar\/index\/wp-content\/uploads\/2025\/09\/68bf9501efdb7-screen-and-max-width480px_880_880-150x150.jpg",150,150,true],"medium":["https:\/\/opinionpublica.com.ar\/index\/wp-content\/uploads\/2025\/09\/68bf9501efdb7-screen-and-max-width480px_880_880-300x300.jpg",300,300,true],"medium_large":["https:\/\/opinionpublica.com.ar\/index\/wp-content\/uploads\/2025\/09\/68bf9501efdb7-screen-and-max-width480px_880_880-768x768.jpg",640,640,true],"large":["https:\/\/opinionpublica.com.ar\/index\/wp-content\/uploads\/2025\/09\/68bf9501efdb7-screen-and-max-width480px_880_880.jpg",640,640,false],"1536x1536":["https:\/\/opinionpublica.com.ar\/index\/wp-content\/uploads\/2025\/09\/68bf9501efdb7-screen-and-max-width480px_880_880.jpg",880,880,false],"2048x2048":["https:\/\/opinionpublica.com.ar\/index\/wp-content\/uploads\/2025\/09\/68bf9501efdb7-screen-and-max-width480px_880_880.jpg",880,880,false],"morenews-large":["https:\/\/opinionpublica.com.ar\/index\/wp-content\/uploads\/2025\/09\/68bf9501efdb7-screen-and-max-width480px_880_880-825x575.jpg",825,575,true],"morenews-medium":["https:\/\/opinionpublica.com.ar\/index\/wp-content\/uploads\/2025\/09\/68bf9501efdb7-screen-and-max-width480px_880_880-590x410.jpg",590,410,true]},"author_info":{"display_name":"Hal","author_link":"https:\/\/opinionpublica.com.ar\/index\/author\/hal\/"},"category_info":"<a href=\"https:\/\/opinionpublica.com.ar\/index\/category\/nacionales\/\" rel=\"category tag\">Nacionales<\/a>","tag_info":"Nacionales","comment_count":"0","_links":{"self":[{"href":"https:\/\/opinionpublica.com.ar\/index\/wp-json\/wp\/v2\/posts\/11046","targetHints":{"allow":["GET"]}}],"collection":[{"href":"https:\/\/opinionpublica.com.ar\/index\/wp-json\/wp\/v2\/posts"}],"about":[{"href":"https:\/\/opinionpublica.com.ar\/index\/wp-json\/wp\/v2\/types\/post"}],"author":[{"embeddable":true,"href":"https:\/\/opinionpublica.com.ar\/index\/wp-json\/wp\/v2\/users\/5"}],"replies":[{"embeddable":true,"href":"https:\/\/opinionpublica.com.ar\/index\/wp-json\/wp\/v2\/comments?post=11046"}],"version-history":[{"count":1,"href":"https:\/\/opinionpublica.com.ar\/index\/wp-json\/wp\/v2\/posts\/11046\/revisions"}],"predecessor-version":[{"id":11048,"href":"https:\/\/opinionpublica.com.ar\/index\/wp-json\/wp\/v2\/posts\/11046\/revisions\/11048"}],"wp:featuredmedia":[{"embeddable":true,"href":"https:\/\/opinionpublica.com.ar\/index\/wp-json\/wp\/v2\/media\/11047"}],"wp:attachment":[{"href":"https:\/\/opinionpublica.com.ar\/index\/wp-json\/wp\/v2\/media?parent=11046"}],"wp:term":[{"taxonomy":"category","embeddable":true,"href":"https:\/\/opinionpublica.com.ar\/index\/wp-json\/wp\/v2\/categories?post=11046"},{"taxonomy":"post_tag","embeddable":true,"href":"https:\/\/opinionpublica.com.ar\/index\/wp-json\/wp\/v2\/tags?post=11046"}],"curies":[{"name":"wp","href":"https:\/\/api.w.org\/{rel}","templated":true}]}}