{"id":11049,"date":"2025-09-10T07:42:34","date_gmt":"2025-09-10T10:42:34","guid":{"rendered":"https:\/\/opinionpublica.com.ar\/index\/?p=11049"},"modified":"2025-09-10T07:42:34","modified_gmt":"2025-09-10T10:42:34","slug":"terra-ignis-irregularidades-falta-de-transparencia-cuentas-sin-rendir-y-contradicciones","status":"publish","type":"post","link":"https:\/\/opinionpublica.com.ar\/index\/terra-ignis-irregularidades-falta-de-transparencia-cuentas-sin-rendir-y-contradicciones\/","title":{"rendered":"Terra Ignis: Irregularidades, falta de transparencia, cuentas sin rendir y contradicciones"},"content":{"rendered":"<p><strong>Terra Ignis: Irregularidades, falta de transparencia, cuentas sin rendir y contradicciones<\/strong><\/p>\n<p style=\"text-align: left;\">Un nuevo cap\u00edtulo de irregularidades se abre en torno a la empresa estatal Terra Ignis, luego de que su presidente, Maximiliano D\u2019Alessio, presentara una declaraci\u00f3n oficial ante la IGJ que contradice por completo sus afirmaciones p\u00fablicas sobre la s\u00edndica titular, Dra. Ana Constanza Carro, a quien hab\u00eda apartado del cargo.<\/p>\n<p><a href=\"https:\/\/opinionpublica.com.ar\/index\/wp-content\/uploads\/2024\/04\/Maximiliano-D\u00b4Alessio-terra-ignis.jpg\"><img fetchpriority=\"high\" decoding=\"async\" class=\"alignnone size-full wp-image-2456\" src=\"https:\/\/opinionpublica.com.ar\/index\/wp-content\/uploads\/2024\/04\/Maximiliano-D\u00b4Alessio-terra-ignis.jpg\" alt=\"\" width=\"800\" height=\"557\" srcset=\"https:\/\/opinionpublica.com.ar\/index\/wp-content\/uploads\/2024\/04\/Maximiliano-D\u00b4Alessio-terra-ignis.jpg 800w, https:\/\/opinionpublica.com.ar\/index\/wp-content\/uploads\/2024\/04\/Maximiliano-D\u00b4Alessio-terra-ignis-300x209.jpg 300w, https:\/\/opinionpublica.com.ar\/index\/wp-content\/uploads\/2024\/04\/Maximiliano-D\u00b4Alessio-terra-ignis-768x535.jpg 768w, https:\/\/opinionpublica.com.ar\/index\/wp-content\/uploads\/2024\/04\/Maximiliano-D\u00b4Alessio-terra-ignis-590x410.jpg 590w\" sizes=\"(max-width: 800px) 100vw, 800px\" \/><\/a><\/p>\n<p>USHUAIA.- En los \u00faltimos meses, el presidente de la sociedad estatal Terra Ignis, Maximiliano D\u2019Alessio, hab\u00eda afirmado en reiteradas ocasiones que la Dra. Ana Constanza Carro hab\u00eda sido removida de su cargo como S\u00edndica Titular en una supuesta asamblea extraordinaria. Basado en esa supuesta decisi\u00f3n, D\u2019Alessio le hab\u00eda impedido a la s\u00edndica fiscalizar la empresa, llegando incluso a asegurar que contaba con un acta de accionistas que respaldaba su accionar.<\/p>\n<p>&nbsp;<\/p>\n<p>Sin embargo, en un giro sorprendente, el propio D\u2019Alessio, luego declar\u00f3 lo contrario ante el \u00f3rgano regulatorio, la Inspecci\u00f3n General de Justicia (IGJ). Seg\u00fan consta en los edictos ordenados por la IGJ y publicados en el Bolet\u00edn Oficial N\u00ba 5897 del 18 de agosto de 2025, la Dra. Carro es, en efecto, la s\u00edndica titular designada por la Legislatura. Este acto oficial expuso la conducta contradictoria e inexplicable del presidente de la sociedad, ya que ante los organismos de control reconoci\u00f3 la vigencia de la s\u00edndica que p\u00fablicamente hab\u00eda negado.<\/p>\n<p>&nbsp;<\/p>\n<p>Este episodio desnud\u00f3 una nueva irregularidad en el seno de la empresa. Mientras la m\u00e1xima autoridad societaria le niega la continuidad a la s\u00edndica y le impide fiscalizar, el organismo de control administrativo le reconoce la vigencia en sus funciones. La Dra. Carro denunci\u00f3 que no se le ha permitido acceder a la documentaci\u00f3n contable y societaria del ejercicio 2024, lo que incumple los deberes de transparencia que establece la Ley General de Sociedades. La s\u00edndica advirti\u00f3 que la obstaculizaci\u00f3n deliberada de su labor es una conducta antijur\u00eddica que podr\u00eda configurar el delito de incumplimiento de deberes de funcionario p\u00fablico.<\/p>\n<p>&nbsp;<\/p>\n<p><strong>Tapar una irregularidad con otra similar<\/strong><\/p>\n<p>Pero la trama no termin\u00f3 all\u00ed. Despu\u00e9s de que la Dra. Carro hiciera p\u00fablico este accionar contradictorio, Terra Ignis realiz\u00f3, de manera repentina, una nueva inscripci\u00f3n ante la IGJ, esta vez registrando la asamblea extraordinaria que se llev\u00f3 adelante hace un a\u00f1o que, seg\u00fan D\u2019Alessio, hab\u00eda removido a la s\u00edndica. Esta acci\u00f3n, que busca justificar la primera declaraci\u00f3n y subsanar el error, lejos de solucionar el problema, desnud\u00f3 una conducta intencional y dolosa de la empresa por ocultar informaci\u00f3n. La Dra. Carro confirm\u00f3 que el hecho de presentar un proyecto de asamblea en la Legislatura para removerla y luego inscribir algo diferente en la IGJ constituye una prueba de la intenci\u00f3n de ocultamiento.<\/p>\n<p>&nbsp;<\/p>\n<p>La situaci\u00f3n actual no solo confirma un desorden institucional en la gesti\u00f3n de Terra Ignis, sino que intensifica los cuestionamientos sobre la falta de transparencia en el manejo de los fondos p\u00fablicos.<\/p>\n<p>&nbsp;<\/p>\n<p>A pesar de la ratificaci\u00f3n oficial por parte de la IGJ, la Sindicatura sigue sin poder ejercer sus tareas de fiscalizaci\u00f3n, manteniendo a la empresa en un estado de irregularidad y bajo la sombra de un accionar que ahora es investigado por la justicia.<\/p>\n","protected":false},"excerpt":{"rendered":"<p>Terra Ignis: Irregularidades, falta de transparencia, cuentas sin rendir y contradicciones Un nuevo cap\u00edtulo de irregularidades se abre<\/p>\n","protected":false},"author":5,"featured_media":2456,"comment_status":"open","ping_status":"open","sticky":false,"template":"","format":"standard","meta":{"footnotes":""},"categories":[2],"tags":[3836,748,747],"class_list":["post-11049","post","type-post","status-publish","format-standard","has-post-thumbnail","hentry","category-tierra-del-fuego","tag-ana-constanza-carro","tag-maximiliano-dalessio","tag-terra-ignis"],"featured_image_urls":{"full":["https:\/\/opinionpublica.com.ar\/index\/wp-content\/uploads\/2024\/04\/Maximiliano-D\u00b4Alessio-terra-ignis.jpg",800,557,false],"thumbnail":["https:\/\/opinionpublica.com.ar\/index\/wp-content\/uploads\/2024\/04\/Maximiliano-D\u00b4Alessio-terra-ignis-150x150.jpg",150,150,true],"medium":["https:\/\/opinionpublica.com.ar\/index\/wp-content\/uploads\/2024\/04\/Maximiliano-D\u00b4Alessio-terra-ignis-300x209.jpg",300,209,true],"medium_large":["https:\/\/opinionpublica.com.ar\/index\/wp-content\/uploads\/2024\/04\/Maximiliano-D\u00b4Alessio-terra-ignis-768x535.jpg",640,446,true],"large":["https:\/\/opinionpublica.com.ar\/index\/wp-content\/uploads\/2024\/04\/Maximiliano-D\u00b4Alessio-terra-ignis.jpg",640,446,false],"1536x1536":["https:\/\/opinionpublica.com.ar\/index\/wp-content\/uploads\/2024\/04\/Maximiliano-D\u00b4Alessio-terra-ignis.jpg",800,557,false],"2048x2048":["https:\/\/opinionpublica.com.ar\/index\/wp-content\/uploads\/2024\/04\/Maximiliano-D\u00b4Alessio-terra-ignis.jpg",800,557,false],"morenews-large":["https:\/\/opinionpublica.com.ar\/index\/wp-content\/uploads\/2024\/04\/Maximiliano-D\u00b4Alessio-terra-ignis.jpg",800,557,false],"morenews-medium":["https:\/\/opinionpublica.com.ar\/index\/wp-content\/uploads\/2024\/04\/Maximiliano-D\u00b4Alessio-terra-ignis-590x410.jpg",590,410,true]},"author_info":{"display_name":"Hal","author_link":"https:\/\/opinionpublica.com.ar\/index\/author\/hal\/"},"category_info":"<a href=\"https:\/\/opinionpublica.com.ar\/index\/category\/tierra-del-fuego\/\" rel=\"category tag\">Tierra del Fuego<\/a>","tag_info":"Tierra del Fuego","comment_count":"0","_links":{"self":[{"href":"https:\/\/opinionpublica.com.ar\/index\/wp-json\/wp\/v2\/posts\/11049","targetHints":{"allow":["GET"]}}],"collection":[{"href":"https:\/\/opinionpublica.com.ar\/index\/wp-json\/wp\/v2\/posts"}],"about":[{"href":"https:\/\/opinionpublica.com.ar\/index\/wp-json\/wp\/v2\/types\/post"}],"author":[{"embeddable":true,"href":"https:\/\/opinionpublica.com.ar\/index\/wp-json\/wp\/v2\/users\/5"}],"replies":[{"embeddable":true,"href":"https:\/\/opinionpublica.com.ar\/index\/wp-json\/wp\/v2\/comments?post=11049"}],"version-history":[{"count":1,"href":"https:\/\/opinionpublica.com.ar\/index\/wp-json\/wp\/v2\/posts\/11049\/revisions"}],"predecessor-version":[{"id":11050,"href":"https:\/\/opinionpublica.com.ar\/index\/wp-json\/wp\/v2\/posts\/11049\/revisions\/11050"}],"wp:featuredmedia":[{"embeddable":true,"href":"https:\/\/opinionpublica.com.ar\/index\/wp-json\/wp\/v2\/media\/2456"}],"wp:attachment":[{"href":"https:\/\/opinionpublica.com.ar\/index\/wp-json\/wp\/v2\/media?parent=11049"}],"wp:term":[{"taxonomy":"category","embeddable":true,"href":"https:\/\/opinionpublica.com.ar\/index\/wp-json\/wp\/v2\/categories?post=11049"},{"taxonomy":"post_tag","embeddable":true,"href":"https:\/\/opinionpublica.com.ar\/index\/wp-json\/wp\/v2\/tags?post=11049"}],"curies":[{"name":"wp","href":"https:\/\/api.w.org\/{rel}","templated":true}]}}