{"id":11053,"date":"2025-09-10T07:58:15","date_gmt":"2025-09-10T10:58:15","guid":{"rendered":"https:\/\/opinionpublica.com.ar\/index\/?p=11053"},"modified":"2025-09-10T07:58:15","modified_gmt":"2025-09-10T10:58:15","slug":"plantean-un-nuevo-horizonte-economico-para-tierra-del-fuego","status":"publish","type":"post","link":"https:\/\/opinionpublica.com.ar\/index\/plantean-un-nuevo-horizonte-economico-para-tierra-del-fuego\/","title":{"rendered":"Plantean un nuevo horizonte econ\u00f3mico para Tierra del Fuego"},"content":{"rendered":"<p><strong>Plantean un nuevo horizonte econ\u00f3mico para Tierra del Fuego<\/strong><\/p>\n<p>El especialista en derecho aduanero Federico Rauch detall\u00f3 c\u00f3mo las recientes desregulaciones nacionales abren oportunidades in\u00e9ditas para importar y exportar desde la provincia, marcando un cambio sustancial tras dos d\u00e9cadas.<\/p>\n<p><a href=\"https:\/\/opinionpublica.com.ar\/index\/wp-content\/uploads\/2025\/01\/Casa-de-Gobierno-Ushuaia.jpeg\"><img fetchpriority=\"high\" decoding=\"async\" class=\"alignnone size-full wp-image-8422\" src=\"https:\/\/opinionpublica.com.ar\/index\/wp-content\/uploads\/2025\/01\/Casa-de-Gobierno-Ushuaia.jpeg\" alt=\"\" width=\"1600\" height=\"1066\" srcset=\"https:\/\/opinionpublica.com.ar\/index\/wp-content\/uploads\/2025\/01\/Casa-de-Gobierno-Ushuaia.jpeg 1600w, https:\/\/opinionpublica.com.ar\/index\/wp-content\/uploads\/2025\/01\/Casa-de-Gobierno-Ushuaia-300x200.jpeg 300w, https:\/\/opinionpublica.com.ar\/index\/wp-content\/uploads\/2025\/01\/Casa-de-Gobierno-Ushuaia-1024x682.jpeg 1024w, https:\/\/opinionpublica.com.ar\/index\/wp-content\/uploads\/2025\/01\/Casa-de-Gobierno-Ushuaia-768x512.jpeg 768w, https:\/\/opinionpublica.com.ar\/index\/wp-content\/uploads\/2025\/01\/Casa-de-Gobierno-Ushuaia-1536x1023.jpeg 1536w\" sizes=\"(max-width: 1600px) 100vw, 1600px\" \/><\/a><\/p>\n<p>El abogado especialista en derecho aduanero Federico Rauch explic\u00f3 de manera t\u00e9cnica las nuevas posibilidades que ofrece Tierra del Fuego para emprendimientos de importaci\u00f3n y exportaci\u00f3n, tras las desregulaciones implementadas por el gobierno nacional.<\/p>\n<p>&nbsp;<\/p>\n<p>En una entrevista por FM Master\u2019s, Rauch destac\u00f3 que \u201cel marco ha cambiado. Es un cambio muy sustancial\u201d. Sostuvo que una modificaci\u00f3n crucial fue \u201crecuperar la vigencia plena de las disposiciones de la ley 19.640 que garantizan a todos los fueguinos, sean comerciantes o particulares, a la libre importaci\u00f3n de mercader\u00edas de cualquier tipo destinadas al consumo o a la comercializaci\u00f3n\u201d. Este derecho, establecido en el art\u00edculo 6, inciso C, hab\u00eda sido neutralizado en la pr\u00e1ctica durante 20 a\u00f1os mediante reglamentaciones que lo prohib\u00edan.<\/p>\n<p>&nbsp;<\/p>\n<p>Rauch explic\u00f3 que herramientas como las licencias no autom\u00e1ticas de importaci\u00f3n \u201cdejaron de existir\u201d, lo que antes imped\u00eda que, por ejemplo, \u201cuna persona que quer\u00eda comprar 10 televisores en China, no las pudiera importar a Ushuaia. Hoy eso puede hacerse\u201d.<\/p>\n<p>&nbsp;<\/p>\n<p>Este nuevo escenario, unido a la libertad cambiaria, \u201cabre nichos de mercado, abre nuevas expectativas y nuevas posibilidades de emprendimiento de comercio muy importantes\u201d.<\/p>\n<p>&nbsp;<\/p>\n<p>El especialista afirm\u00f3 que estas oportunidades son \u201cabsolutamente todos\u201d los rubros, incluyendo servicios intelectuales como programadores o ingenieros en sistemas que \u201choy son personas que trabajan para unicornios inform\u00e1ticos, para empresas muy importantes, que trabajan remoto y prestan sus servicios desde el \u00e1rea aduanera especial al exterior\u201d.<\/p>\n<p>&nbsp;<\/p>\n<p>Respecto a la exportaci\u00f3n, Rauch se\u00f1al\u00f3 que hasta 2023 estaba \u201cpr\u00e1cticamente reducida al subr\u00e9gimen industrial\u201d. Ahora, en cambio, \u201cse han eliminado las restricciones de exportaci\u00f3n, un mont\u00f3n de regulaciones que trabaran esa exportaci\u00f3n\u201d.<\/p>\n<p>&nbsp;<\/p>\n<p>Esto permite, sin necesidad de un proyecto de radicaci\u00f3n industrial, \u201ctraer mercader\u00eda X, partes o placas electr\u00f3nicas y con eso desarrollar un producto X electr\u00f3nico, alg\u00fan gadget, le agrego software, y yo esto lo exporto a cualquier lugar menos al resto del pa\u00eds\u201d.<\/p>\n<p>&nbsp;<\/p>\n<p>Este marco coloca a la provincia \u201cen una suerte de zona franca productiva\u201d, siendo \u201cel \u00fanico lugar del pa\u00eds\u201d con estas ventajas para vender bienes y servicios al mundo.<\/p>\n<p>&nbsp;<\/p>\n<p>Federico Rauch concluy\u00f3 que, si bien el contexto recesivo es una dificultad, \u201choy est\u00e1n dadas las condiciones para jugar ante todo\u201d, representando una \u201cdiferencia abismal\u201d con la situaci\u00f3n previa.<\/p>\n<p>&nbsp;<\/p>\n","protected":false},"excerpt":{"rendered":"<p>Plantean un nuevo horizonte econ\u00f3mico para Tierra del Fuego El especialista en derecho aduanero Federico Rauch detall\u00f3 c\u00f3mo<\/p>\n","protected":false},"author":5,"featured_media":8473,"comment_status":"open","ping_status":"open","sticky":false,"template":"","format":"standard","meta":{"footnotes":""},"categories":[2],"tags":[528],"class_list":["post-11053","post","type-post","status-publish","format-standard","has-post-thumbnail","hentry","category-tierra-del-fuego","tag-federico-rauch"],"featured_image_urls":{"full":["https:\/\/opinionpublica.com.ar\/index\/wp-content\/uploads\/2025\/01\/IMAGE-2025-01-21-225609-660x365-centurion-puerto-ushuaia.jpg",660,365,false],"thumbnail":["https:\/\/opinionpublica.com.ar\/index\/wp-content\/uploads\/2025\/01\/IMAGE-2025-01-21-225609-660x365-centurion-puerto-ushuaia-150x150.jpg",150,150,true],"medium":["https:\/\/opinionpublica.com.ar\/index\/wp-content\/uploads\/2025\/01\/IMAGE-2025-01-21-225609-660x365-centurion-puerto-ushuaia-300x166.jpg",300,166,true],"medium_large":["https:\/\/opinionpublica.com.ar\/index\/wp-content\/uploads\/2025\/01\/IMAGE-2025-01-21-225609-660x365-centurion-puerto-ushuaia.jpg",640,354,false],"large":["https:\/\/opinionpublica.com.ar\/index\/wp-content\/uploads\/2025\/01\/IMAGE-2025-01-21-225609-660x365-centurion-puerto-ushuaia.jpg",640,354,false],"1536x1536":["https:\/\/opinionpublica.com.ar\/index\/wp-content\/uploads\/2025\/01\/IMAGE-2025-01-21-225609-660x365-centurion-puerto-ushuaia.jpg",660,365,false],"2048x2048":["https:\/\/opinionpublica.com.ar\/index\/wp-content\/uploads\/2025\/01\/IMAGE-2025-01-21-225609-660x365-centurion-puerto-ushuaia.jpg",660,365,false],"morenews-large":["https:\/\/opinionpublica.com.ar\/index\/wp-content\/uploads\/2025\/01\/IMAGE-2025-01-21-225609-660x365-centurion-puerto-ushuaia.jpg",660,365,false],"morenews-medium":["https:\/\/opinionpublica.com.ar\/index\/wp-content\/uploads\/2025\/01\/IMAGE-2025-01-21-225609-660x365-centurion-puerto-ushuaia-590x365.jpg",590,365,true]},"author_info":{"display_name":"Hal","author_link":"https:\/\/opinionpublica.com.ar\/index\/author\/hal\/"},"category_info":"<a href=\"https:\/\/opinionpublica.com.ar\/index\/category\/tierra-del-fuego\/\" rel=\"category tag\">Tierra del Fuego<\/a>","tag_info":"Tierra del Fuego","comment_count":"0","_links":{"self":[{"href":"https:\/\/opinionpublica.com.ar\/index\/wp-json\/wp\/v2\/posts\/11053","targetHints":{"allow":["GET"]}}],"collection":[{"href":"https:\/\/opinionpublica.com.ar\/index\/wp-json\/wp\/v2\/posts"}],"about":[{"href":"https:\/\/opinionpublica.com.ar\/index\/wp-json\/wp\/v2\/types\/post"}],"author":[{"embeddable":true,"href":"https:\/\/opinionpublica.com.ar\/index\/wp-json\/wp\/v2\/users\/5"}],"replies":[{"embeddable":true,"href":"https:\/\/opinionpublica.com.ar\/index\/wp-json\/wp\/v2\/comments?post=11053"}],"version-history":[{"count":1,"href":"https:\/\/opinionpublica.com.ar\/index\/wp-json\/wp\/v2\/posts\/11053\/revisions"}],"predecessor-version":[{"id":11054,"href":"https:\/\/opinionpublica.com.ar\/index\/wp-json\/wp\/v2\/posts\/11053\/revisions\/11054"}],"wp:featuredmedia":[{"embeddable":true,"href":"https:\/\/opinionpublica.com.ar\/index\/wp-json\/wp\/v2\/media\/8473"}],"wp:attachment":[{"href":"https:\/\/opinionpublica.com.ar\/index\/wp-json\/wp\/v2\/media?parent=11053"}],"wp:term":[{"taxonomy":"category","embeddable":true,"href":"https:\/\/opinionpublica.com.ar\/index\/wp-json\/wp\/v2\/categories?post=11053"},{"taxonomy":"post_tag","embeddable":true,"href":"https:\/\/opinionpublica.com.ar\/index\/wp-json\/wp\/v2\/tags?post=11053"}],"curies":[{"name":"wp","href":"https:\/\/api.w.org\/{rel}","templated":true}]}}